{"id":36042,"date":"2025-08-12T15:13:23","date_gmt":"2025-08-12T12:13:23","guid":{"rendered":"http:\/\/akdenizolaygazetesi.com\/?p=36042"},"modified":"2025-08-12T15:13:23","modified_gmt":"2025-08-12T12:13:23","slug":"arpacbahsis-sakinleri-kesintisiz-icme-suyuna-kavustu","status":"publish","type":"post","link":"https:\/\/akdenizolaygazetesi.com\/?p=36042","title":{"rendered":"ARPA\u00c7BAH\u015e\u0130\u015e SAK\u0130NLER\u0130 KES\u0130NT\u0130S\u0130Z \u0130\u00c7ME SUYUNA KAVU\u015eTU"},"content":{"rendered":"<p class=\"v1MsoNormal\"><span lang=\"tr\">MESK\u0130 Genel M\u00fcd\u00fcrl\u00fc\u011f\u00fc, iklim de\u011fi\u015fikli\u011fi ve kurakl\u0131k gibi \u00e7evresel etkilere kar\u015f\u0131 alternatif kaynak projelerine kararl\u0131l\u0131kla devam ediyor. Erdemli il\u00e7esi Arpa\u00e7bah\u015fi\u015f Mahallesi&#8217;nde 2 yeni i\u00e7me suyu sondaj tesisi in\u015fa ederek k\u0131sa s\u00fcrede devreye alan MESK\u0130, b\u00f6lgede ya\u015fayan vatanda\u015flar\u0131 kesintisiz i\u00e7me suyuna kavu\u015fturdu.<\/span><\/p>\n<p>&nbsp;<\/p>\n<p class=\"v1MsoNormal\"><span lang=\"tr\">Mersin B\u00fcy\u00fck\u015fehir Belediyesi Mersin Su ve Kanalizasyon \u0130daresi (MESK\u0130) Genel M\u00fcd\u00fcrl\u00fc\u011f\u00fc, Mersin genelinde ya\u015fanan kurakl\u0131\u011fa ra\u011fmen i\u00e7me suyu temininde aksakl\u0131k ya\u015fanmamas\u0131 ad\u0131na alternatif kaynak \u00e7al\u0131\u015fmalar\u0131n\u0131 aral\u0131ks\u0131z s\u00fcrd\u00fcr\u00fcyor.<\/span><\/p>\n<p class=\"v1MsoNormal\"><span lang=\"tr\">Erdemli il\u00e7esinde k\u0131\u015f aylar\u0131nda ya\u015fanan yetersiz ya\u011f\u0131\u015flar nedeniyle do\u011fal su kaynaklar\u0131nda ciddi debi azalmalar\u0131 meydana geldi. Arpa\u00e7bah\u015fi\u015f Mahallesi&#8217;ne i\u00e7me suyu sa\u011flayan Dedekavak kayna\u011f\u0131n\u0131n kuruma noktas\u0131na gelmesi \u00fczerine harekete ge\u00e7en MESK\u0130, k\u0131sa s\u00fcrede devreye ald\u0131\u011f\u0131 yeni sondaj tesisleri ile birlikte b\u00f6lge halk\u0131na 7 g\u00fcn 24 saat esas\u0131na g\u00f6re kesintisiz i\u00e7me suyu temini sa\u011flad\u0131.<\/span><\/p>\n<p class=\"v1MsoNormal\"><a name=\"v1_heading=h.426681sq3403\"><\/a><b><span lang=\"tr\">Muhtar A\u00e7\u0131ky\u00f6r\u00fck, i\u00e7me suyu sorunlar\u0131n\u0131n MESK\u0130&#8217;nin \u00e7al\u0131\u015fmalar\u0131 sayesinde k\u0131sa s\u00fcre i\u00e7erisinde \u00e7\u00f6z\u00fcld\u00fc\u011f\u00fcne vurgu yapt\u0131<\/span><\/b><\/p>\n<p class=\"v1MsoNormal\"><span lang=\"tr\">Arpa\u00e7bah\u015fi\u015f Mahalle Muhtar\u0131 Ahmet Ali A\u00e7\u0131ky\u00f6r\u00fck, kurakl\u0131ktan dolay\u0131 s\u0131k\u0131nt\u0131lar ya\u015famaya ba\u015flad\u0131klar\u0131n\u0131 ifade ederek;\u00a0<b>&#8220;Kurakl\u0131ktan dolay\u0131 su gelmez oldu. Biz bunun \u00fczerine MESK\u0130 yetkililerine bildirdik. MESK\u0130 yetkililerimiz en k\u0131sa s\u00fcrede 1 hafta, 10 g\u00fcn i\u00e7erisinde mahallemize 2 tane artezyen kurarak i\u00e7me suyu sorunumuzu \u00e7\u00f6zd\u00fcler. Vahap Ba\u015fkan\u0131m\u0131za te\u015fekk\u00fcr ediyorum&#8221;<\/b>\u00a0dedi.<\/span><\/p>\n<p class=\"v1MsoNormal\"><b><span lang=\"tr\">\u00c7elikka\u015f: &#8220;Hi\u00e7bir s\u0131k\u0131nt\u0131m\u0131z kalmad\u0131&#8221;<\/span><\/b><\/p>\n<p class=\"v1MsoNormal\"><span lang=\"tr\">Mahalle sakini Durdu Fatma \u00c7elikka\u015f, ameliyatl\u0131 oldu\u011funu ve su getirecek imkan\u0131 olmad\u0131\u011f\u0131n\u0131 belirterek;\u00a0<b>&#8220;Evde \u00e7ama\u015f\u0131r y\u0131kayamad\u0131k. Bula\u015f\u0131k makinesini \u00e7al\u0131\u015ft\u0131ramad\u0131m. Elimde y\u0131kasam su yok. B\u00f6yle \u00e7ok s\u0131k\u0131nt\u0131 \u00e7ektim. Ama \u015fimdi bollu\u011fa kavu\u015ftuk. Ellerinize sa\u011fl\u0131k, Belediyemize sa\u011fl\u0131k&#8230; \u00c7ok memnun olduk. Suyumuz \u00e7ok bol. O kadar g\u00fczel ki&#8230; S\u0131k\u0131nt\u0131dan kurtulduk. Suyumuza kavu\u015ftuk. Allah raz\u0131 olsun. Hi\u00e7bir s\u0131k\u0131nt\u0131m\u0131z kalmad\u0131. Vurdu\u011funuz sondajlardan, depolardan o kadar memnun oldum ki&#8230; B\u00fcy\u00fck\u015fehir Belediyesi Ba\u015fkan\u0131ma te\u015fekk\u00fcr ederim. Arkas\u0131nday\u0131m. Allah hepinizden raz\u0131 olsun&#8221;<\/b>\u00a0ifadelerini kulland\u0131.<\/span><\/p>\n<p class=\"v1MsoNormal\"><span lang=\"tr\">\u00a0<\/span><\/p>\n<p class=\"v1MsoNormal\"><span lang=\"tr\">\u00a0<\/span><\/p>\n","protected":false},"excerpt":{"rendered":"<p>MESK\u0130 Genel M\u00fcd\u00fcrl\u00fc\u011f\u00fc, iklim de\u011fi\u015fikli\u011fi ve kurakl\u0131k gibi \u00e7evresel etkilere kar\u015f\u0131 alternatif kaynak projelerine kararl\u0131l\u0131kla devam ediyor. Erdemli il\u00e7esi Arpa\u00e7bah\u015fi\u015f Mahallesi&#8217;nde 2 yeni i\u00e7me suyu sondaj tesisi in\u015fa ederek k\u0131sa &hellip; <a href=\"https:\/\/akdenizolaygazetesi.com\/?p=36042\" class=\"more-link\">Devam\u0131n\u0131 Oku&#8230;<\/a><\/p>\n","protected":false},"author":2,"featured_media":36043,"comment_status":"open","ping_status":"open","sticky":false,"template":"","format":"standard","meta":[],"categories":[1,2,3],"tags":[],"_links":{"self":[{"href":"https:\/\/akdenizolaygazetesi.com\/index.php?rest_route=\/wp\/v2\/posts\/36042"}],"collection":[{"href":"https:\/\/akdenizolaygazetesi.com\/index.php?rest_route=\/wp\/v2\/posts"}],"about":[{"href":"https:\/\/akdenizolaygazetesi.com\/index.php?rest_route=\/wp\/v2\/types\/post"}],"author":[{"embeddable":true,"href":"https:\/\/akdenizolaygazetesi.com\/index.php?rest_route=\/wp\/v2\/users\/2"}],"replies":[{"embeddable":true,"href":"https:\/\/akdenizolaygazetesi.com\/index.php?rest_route=%2Fwp%2Fv2%2Fcomments&post=36042"}],"version-history":[{"count":1,"href":"https:\/\/akdenizolaygazetesi.com\/index.php?rest_route=\/wp\/v2\/posts\/36042\/revisions"}],"predecessor-version":[{"id":36044,"href":"https:\/\/akdenizolaygazetesi.com\/index.php?rest_route=\/wp\/v2\/posts\/36042\/revisions\/36044"}],"wp:featuredmedia":[{"embeddable":true,"href":"https:\/\/akdenizolaygazetesi.com\/index.php?rest_route=\/wp\/v2\/media\/36043"}],"wp:attachment":[{"href":"https:\/\/akdenizolaygazetesi.com\/index.php?rest_route=%2Fwp%2Fv2%2Fmedia&parent=36042"}],"wp:term":[{"taxonomy":"category","embeddable":true,"href":"https:\/\/akdenizolaygazetesi.com\/index.php?rest_route=%2Fwp%2Fv2%2Fcategories&post=36042"},{"taxonomy":"post_tag","embeddable":true,"href":"https:\/\/akdenizolaygazetesi.com\/index.php?rest_route=%2Fwp%2Fv2%2Ftags&post=36042"}],"curies":[{"name":"wp","href":"https:\/\/api.w.org\/{rel}","templated":true}]}}