{"id":36088,"date":"2025-08-20T16:18:12","date_gmt":"2025-08-20T13:18:12","guid":{"rendered":"http:\/\/akdenizolaygazetesi.com\/?p=36088"},"modified":"2025-08-20T16:18:12","modified_gmt":"2025-08-20T13:18:12","slug":"kazakistan-cumhuriyeti-mersin-fahri-konsolosu-ahmet-budandan-cumhurbaskani-ersin-tatara-iyi-niyet-mektubu","status":"publish","type":"post","link":"https:\/\/akdenizolaygazetesi.com\/?p=36088","title":{"rendered":"Kazakistan Cumhuriyeti Mersin Fahri Konsolosu Ahmet Budan&#8217;dan Cumhurba\u015fkan\u0131 Ersin Tatar&#8217;a \u0130Y\u0130 N\u0130YET MEKTUBU"},"content":{"rendered":"<div class=\"v1elementToProof\">Kuzey K\u0131br\u0131s T\u00fcrk Cumhuriyeti Cumhurba\u015fkan\u0131 Ersin Tatar, Cumhurba\u015fkanl\u0131\u011f\u0131 yeni k\u00fclliyesinde Kazakistan Cumhuriyeti Mersin Fahri Konsolosu ve D\u00fcnya Bar\u0131\u015f El\u00e7isi \u00d6d\u00fcl\u00fc sahibi Ahmet Budan&#8217;\u0131 kabul etti.<\/div>\n<div class=\"v1elementToProof\"><\/div>\n<div class=\"v1elementToProof\">Kabulde, tan\u0131nm\u0131\u015f i\u015f insan\u0131 ve yat\u0131r\u0131mc\u0131 Mustafa G\u00fcng\u00f6r Y\u00fcksel de haz\u0131r bulundu.<\/div>\n<div class=\"v1elementToProof\"><\/div>\n<div class=\"v1elementToProof\">Fahri Konsolos Ahmet Budan, Cumhurba\u015fkan\u0131 Tatar&#8217;a uluslararas\u0131 diplomaside \u00f6nemli bir anlam ta\u015f\u0131yan \u0130yi Niyet Mektubu takdim etti.<\/div>\n<div class=\"v1elementToProof\"><\/div>\n<div class=\"v1elementToProof\">Ahmet Budan&#8217;\u0131n konu\u015fmas\u0131<\/div>\n<div class=\"v1elementToProof\"><\/div>\n<div class=\"v1elementToProof\">Budan konu\u015fmas\u0131nda \u015funlar\u0131 s\u00f6yledi:<\/div>\n<div class=\"v1elementToProof\"><\/div>\n<div class=\"v1elementToProof\">&#8220;Sayg\u0131de\u011fer Cumhurba\u015fkan\u0131m, bug\u00fcn burada zat-\u0131 \u00e2linizin huzurunda ve bu y\u00fcce makamda bulunmaktan onur duyuyorum.<\/div>\n<div class=\"v1elementToProof\">Karde\u015f vatan\u0131m\u0131z ve g\u00f6zbebe\u011fimiz Kuzey K\u0131br\u0131s T\u00fcrk Cumhuriyeti&#8217;nin hakl\u0131 davas\u0131nda, \u00fclke i\u00e7inde ve uluslararas\u0131 platformlarda uzun y\u0131llard\u0131r samimi ve milli duygularla emek harcad\u0131\u011f\u0131n\u0131z\u0131 gururla ifade etmekteyiz.<\/div>\n<div class=\"v1elementToProof\">\u00dclkenize ve halk\u0131n\u0131za olan sevdan\u0131zla y\u00fcr\u00fctt\u00fc\u011f\u00fcn\u00fcz adil, e\u015fit ve bar\u0131\u015f\u00e7\u0131l diplomasiye y\u00fcrekten deste\u011fimizi, zat-\u0131 \u00e2linize sundu\u011fumuz bu \u0130yi Niyet Mektubu ile deklare ediyoruz.<\/div>\n<div class=\"v1elementToProof\">Bu onurlu m\u00fccadelenin sonunda \u00fclkenizin ve halk\u0131n\u0131z\u0131n hak etti\u011fi e\u015fit tan\u0131nma talebinin en k\u0131sa zamanda ger\u00e7ekle\u015fece\u011fine inan\u0131yor, her ko\u015fulda yan\u0131n\u0131zda olaca\u011f\u0131m\u0131z\u0131 en dostane duygularla belirtiyorum. Bir kez daha sizi ve karde\u015f K\u0131br\u0131s halk\u0131n\u0131 sayg\u0131 ve muhabbetle selaml\u0131yorum.&#8221;<\/div>\n<div class=\"v1elementToProof\"><\/div>\n<div class=\"v1elementToProof\">Cumhurba\u015fkan\u0131 Tatar&#8217;\u0131n cevab\u0131<\/div>\n<div class=\"v1elementToProof\"><\/div>\n<div class=\"v1elementToProof\">Cumhurba\u015fkan\u0131 Ersin Tatar, Ahmet Budan&#8217;\u0131n takdim etti\u011fi \u0130yi Niyet Mektubu&#8217;nun kendisi ve \u00fclke i\u00e7in \u00e7ok de\u011ferli oldu\u011funu vurgulayarak \u015funlar\u0131 s\u00f6yledi:<\/div>\n<div class=\"v1elementToProof\"><\/div>\n<div class=\"v1elementToProof\">&#8220;Say\u0131n Ahmet Budan&#8217;\u0131n \u00fclkemize ve \u015fahs\u0131m\u0131za g\u00f6sterdi\u011fi bu k\u0131ymetli tevecc\u00fche \u00e7ok te\u015fekk\u00fcr ediyorum. Kazakistan bizim i\u00e7in \u00e7ok k\u0131ymetli ve de\u011ferli karde\u015f bir \u00fclkedir. Sunulan bu \u0130yi Niyet Mektubu, ili\u015fkilerimiz a\u00e7\u0131s\u0131ndan b\u00fcy\u00fck \u00f6nem ta\u015f\u0131maktad\u0131r.&#8221;<\/div>\n","protected":false},"excerpt":{"rendered":"<p>Kuzey K\u0131br\u0131s T\u00fcrk Cumhuriyeti Cumhurba\u015fkan\u0131 Ersin Tatar, Cumhurba\u015fkanl\u0131\u011f\u0131 yeni k\u00fclliyesinde Kazakistan Cumhuriyeti Mersin Fahri Konsolosu ve D\u00fcnya Bar\u0131\u015f El\u00e7isi \u00d6d\u00fcl\u00fc sahibi Ahmet Budan&#8217;\u0131 kabul etti. Kabulde, tan\u0131nm\u0131\u015f i\u015f insan\u0131 ve &hellip; <a href=\"https:\/\/akdenizolaygazetesi.com\/?p=36088\" class=\"more-link\">Devam\u0131n\u0131 Oku&#8230;<\/a><\/p>\n","protected":false},"author":2,"featured_media":36089,"comment_status":"open","ping_status":"open","sticky":false,"template":"","format":"standard","meta":[],"categories":[1,2,3],"tags":[],"_links":{"self":[{"href":"https:\/\/akdenizolaygazetesi.com\/index.php?rest_route=\/wp\/v2\/posts\/36088"}],"collection":[{"href":"https:\/\/akdenizolaygazetesi.com\/index.php?rest_route=\/wp\/v2\/posts"}],"about":[{"href":"https:\/\/akdenizolaygazetesi.com\/index.php?rest_route=\/wp\/v2\/types\/post"}],"author":[{"embeddable":true,"href":"https:\/\/akdenizolaygazetesi.com\/index.php?rest_route=\/wp\/v2\/users\/2"}],"replies":[{"embeddable":true,"href":"https:\/\/akdenizolaygazetesi.com\/index.php?rest_route=%2Fwp%2Fv2%2Fcomments&post=36088"}],"version-history":[{"count":1,"href":"https:\/\/akdenizolaygazetesi.com\/index.php?rest_route=\/wp\/v2\/posts\/36088\/revisions"}],"predecessor-version":[{"id":36090,"href":"https:\/\/akdenizolaygazetesi.com\/index.php?rest_route=\/wp\/v2\/posts\/36088\/revisions\/36090"}],"wp:featuredmedia":[{"embeddable":true,"href":"https:\/\/akdenizolaygazetesi.com\/index.php?rest_route=\/wp\/v2\/media\/36089"}],"wp:attachment":[{"href":"https:\/\/akdenizolaygazetesi.com\/index.php?rest_route=%2Fwp%2Fv2%2Fmedia&parent=36088"}],"wp:term":[{"taxonomy":"category","embeddable":true,"href":"https:\/\/akdenizolaygazetesi.com\/index.php?rest_route=%2Fwp%2Fv2%2Fcategories&post=36088"},{"taxonomy":"post_tag","embeddable":true,"href":"https:\/\/akdenizolaygazetesi.com\/index.php?rest_route=%2Fwp%2Fv2%2Ftags&post=36088"}],"curies":[{"name":"wp","href":"https:\/\/api.w.org\/{rel}","templated":true}]}}