{"id":36103,"date":"2025-08-25T15:11:48","date_gmt":"2025-08-25T12:11:48","guid":{"rendered":"http:\/\/akdenizolaygazetesi.com\/?p=36103"},"modified":"2025-08-25T15:11:48","modified_gmt":"2025-08-25T12:11:48","slug":"adana-ve-mersinin-gucu-birlesiyor-bolgesel-is-birlikleriyle-turkiyeye-ornek-olacak-bir-model","status":"publish","type":"post","link":"https:\/\/akdenizolaygazetesi.com\/?p=36103","title":{"rendered":"Adana ve Mersin\u2019in G\u00fcc\u00fc Birle\u015fiyor: B\u00f6lgesel \u0130\u015f Birlikleriyle T\u00fcrkiye\u2019ye \u00d6rnek Olacak Bir Model"},"content":{"rendered":"<p>Kurumsalla\u015fma, dijital d\u00f6n\u00fc\u015f\u00fcm, markala\u015fma ve yeni nesil insan kaynaklar\u0131 y\u00f6netimi konular\u0131nda T\u00fcrkiye\u2019nin en etkili sivil toplum kurulu\u015flar\u0131ndan biri olan <strong>Giri\u015fimci \u0130nsan Kaynaklar\u0131 Derne\u011fi (G\u0130DER\u0130K)<\/strong>, b\u00f6lgesel potansiyelleri birle\u015ftirmeye ve stratejik i\u015f birlikleri geli\u015ftirmeye devam ediyor.<\/p>\n<p>&nbsp;<\/p>\n<p>Adana Divan Otel\u2019de ger\u00e7ekle\u015ftirilen <strong>Business Networking etkinli\u011fi<\/strong>, i\u015f d\u00fcnyas\u0131ndan <strong>100\u2019\u00fcn \u00fczerinde profesyonel y\u00f6netici, giri\u015fimci, insan kaynaklar\u0131 lideri ve sivil toplum kurulu\u015flar\u0131n\u0131n kat\u0131l\u0131m\u0131yla<\/strong> yo\u011fun ilgi g\u00f6rd\u00fc.<\/p>\n<p>&nbsp;<\/p>\n<p>T\u00fcrkiye\u2019nin dijital d\u00f6n\u00fc\u015f\u00fcm alan\u0131ndaki \u00f6nc\u00fc kurulu\u015flar\u0131ndan <strong>T\u00dcRKKEP, \u015eim\u015fek Group, Kia \u00d6ztopraklar ve Calaf.Co<\/strong> i\u015f birli\u011finde d\u00fczenlenen etkinlik hem gen\u00e7ler hem de kurumlar a\u00e7\u0131s\u0131ndan \u00f6nemli bir ad\u0131m oldu.<\/p>\n<p>&nbsp;<\/p>\n<p>&nbsp;<\/p>\n<p><strong>Liderlik Kodlar\u0131 E\u011fitimi Fark Yaratt\u0131<\/strong><\/p>\n<p>&nbsp;<\/p>\n<p>Etkinlik kapsam\u0131nda <strong>Dr. Erkan DEM\u0130REL taraf\u0131ndan verilen \u201c\u0130\u015f D\u00fcnyas\u0131nda \u0130z B\u0131rakan Liderlik Kodlar\u0131\u201d e\u011fitimi<\/strong>, kat\u0131l\u0131mc\u0131lar taraf\u0131ndan b\u00fcy\u00fck be\u011feni toplad\u0131. E\u011fitim, liderlikte s\u00fcrd\u00fcr\u00fclebilir ba\u015far\u0131 i\u00e7in yol haritas\u0131 sunarken; i\u015f d\u00fcnyas\u0131 temsilcilerinin aktif kat\u0131l\u0131m\u0131yla etkile\u015fimli bir ortamda ger\u00e7ekle\u015fti.<\/p>\n<p>&nbsp;<\/p>\n<p><strong>Kat\u0131l\u0131mc\u0131lar\u0131n Geri Bildirimi<\/strong><\/p>\n<p><strong>\u00a0<\/strong><\/p>\n<p>\u201cEtkinli\u011fe kat\u0131lan i\u015f d\u00fcnyas\u0131 temsilcileri; b\u00f6lgesel i\u015f birli\u011fi f\u0131rsatlar\u0131n\u0131 geli\u015ftiren networking bulu\u015fmalar\u0131n\u0131n yan\u0131 s\u0131ra liderlik e\u011fitiminden duyduklar\u0131 memnuniyeti dile getirerek, organizasyonun i\u015f d\u00fcnyas\u0131na \u00f6nemli katk\u0131lar sundu\u011funu vurgulad\u0131lar.\u201d<\/p>\n<p>&nbsp;<\/p>\n<p><strong>Y\u00f6netim Kurulu Ba\u015fkan\u0131 Serkan \u00d6ZADA:<\/strong><\/p>\n<p><strong>\u00a0<\/strong><\/p>\n<p>\u201cGer\u00e7ekle\u015ftirdi\u011fimiz Business Networking etkinli\u011fi, yaln\u0131zca bir bulu\u015fma de\u011fil; ayn\u0131 zamanda dijitalle\u015fmenin, i\u015f birli\u011finin ve s\u00fcrd\u00fcr\u00fclebilir b\u00fcy\u00fcmenin <strong>Adana\u2013Mersin hatt\u0131ndaki modeli<\/strong> oldu. Kat\u0131l\u0131mc\u0131lar\u0131n ilgisi ve g\u00f6sterilen yo\u011fun kat\u0131l\u0131m, bu vizyonun ne kadar do\u011fru oldu\u011funu bir kez daha ortaya koydu.\u201d<\/p>\n<p>&nbsp;<\/p>\n<p>Ger\u00e7ekle\u015ftirilen etkinli\u011fin Adana-Mersin hatt\u0131nda yarataca\u011f\u0131 sinerji hem gen\u00e7ler a\u00e7\u0131s\u0131ndan hem de kurumlar\u0131n kurumsalla\u015fma yolculu\u011fu a\u00e7\u0131s\u0131ndan \u00f6nemli bir \u00e7arpan etkisi olu\u015fturacakt\u0131r.\u201d<\/p>\n<p>&nbsp;<\/p>\n<p><strong>\u0130\u015f birlikleri artarak devam edecek<\/strong><\/p>\n<p>Ger\u00e7ekle\u015ftirilmesi planlanan <strong>network toplant\u0131lar\u0131, e\u011fitim programlar\u0131 ve b\u00f6lgesel zirveler<\/strong> ile di\u011fer illerde de \u00e7al\u0131\u015fma yapmaya haz\u0131rlanan G\u0130DER\u0130K; kurumsal i\u015f birliklerini artt\u0131rmay\u0131 hedefliyor.<\/p>\n<p>&nbsp;<\/p>\n<p>&nbsp;<\/p>\n<p>&nbsp;<\/p>\n<p>&nbsp;<\/p>\n<p>&nbsp;<\/p>\n","protected":false},"excerpt":{"rendered":"<p>Kurumsalla\u015fma, dijital d\u00f6n\u00fc\u015f\u00fcm, markala\u015fma ve yeni nesil insan kaynaklar\u0131 y\u00f6netimi konular\u0131nda T\u00fcrkiye\u2019nin en etkili sivil toplum kurulu\u015flar\u0131ndan biri olan Giri\u015fimci \u0130nsan Kaynaklar\u0131 Derne\u011fi (G\u0130DER\u0130K), b\u00f6lgesel potansiyelleri birle\u015ftirmeye ve stratejik i\u015f &hellip; <a href=\"https:\/\/akdenizolaygazetesi.com\/?p=36103\" class=\"more-link\">Devam\u0131n\u0131 Oku&#8230;<\/a><\/p>\n","protected":false},"author":2,"featured_media":36104,"comment_status":"open","ping_status":"open","sticky":false,"template":"","format":"standard","meta":[],"categories":[1,2,3],"tags":[],"_links":{"self":[{"href":"https:\/\/akdenizolaygazetesi.com\/index.php?rest_route=\/wp\/v2\/posts\/36103"}],"collection":[{"href":"https:\/\/akdenizolaygazetesi.com\/index.php?rest_route=\/wp\/v2\/posts"}],"about":[{"href":"https:\/\/akdenizolaygazetesi.com\/index.php?rest_route=\/wp\/v2\/types\/post"}],"author":[{"embeddable":true,"href":"https:\/\/akdenizolaygazetesi.com\/index.php?rest_route=\/wp\/v2\/users\/2"}],"replies":[{"embeddable":true,"href":"https:\/\/akdenizolaygazetesi.com\/index.php?rest_route=%2Fwp%2Fv2%2Fcomments&post=36103"}],"version-history":[{"count":1,"href":"https:\/\/akdenizolaygazetesi.com\/index.php?rest_route=\/wp\/v2\/posts\/36103\/revisions"}],"predecessor-version":[{"id":36105,"href":"https:\/\/akdenizolaygazetesi.com\/index.php?rest_route=\/wp\/v2\/posts\/36103\/revisions\/36105"}],"wp:featuredmedia":[{"embeddable":true,"href":"https:\/\/akdenizolaygazetesi.com\/index.php?rest_route=\/wp\/v2\/media\/36104"}],"wp:attachment":[{"href":"https:\/\/akdenizolaygazetesi.com\/index.php?rest_route=%2Fwp%2Fv2%2Fmedia&parent=36103"}],"wp:term":[{"taxonomy":"category","embeddable":true,"href":"https:\/\/akdenizolaygazetesi.com\/index.php?rest_route=%2Fwp%2Fv2%2Fcategories&post=36103"},{"taxonomy":"post_tag","embeddable":true,"href":"https:\/\/akdenizolaygazetesi.com\/index.php?rest_route=%2Fwp%2Fv2%2Ftags&post=36103"}],"curies":[{"name":"wp","href":"https:\/\/api.w.org\/{rel}","templated":true}]}}