{"id":36137,"date":"2025-08-28T13:40:09","date_gmt":"2025-08-28T10:40:09","guid":{"rendered":"http:\/\/akdenizolaygazetesi.com\/?p=36137"},"modified":"2025-08-28T13:40:09","modified_gmt":"2025-08-28T10:40:09","slug":"ogrenciler-yurtsuz-aileler-caresiz","status":"publish","type":"post","link":"https:\/\/akdenizolaygazetesi.com\/?p=36137","title":{"rendered":"&#8220;\u00d6\u011eRENC\u0130LER YURTSUZ, A\u0130LELER \u00c7ARES\u0130Z!&#8221;"},"content":{"rendered":"<ul type=\"disc\">\n<li class=\"v1MsoListParagraphCxSpFirst\">\u00d6\u011frenciler Hayallerinden Kopar\u0131l\u0131yor, \u0130ktidar Siyasi Hesap Pe\u015finde!<\/li>\n<li class=\"v1MsoListParagraphCxSpMiddle\">Gen\u00e7ler Gelece\u011fini De\u011fil, Kiras\u0131n\u0131 Hesapl\u0131yor!<\/li>\n<li class=\"v1MsoListParagraphCxSpMiddle\">Gen\u00e7ler Hayal Ettikleri B\u00f6l\u00fcm\u00fc De\u011fil, Paras\u0131n\u0131n Yetti\u011fi \u015eehri Se\u00e7iyor!<\/li>\n<li class=\"v1MsoListParagraphCxSpLast\">Hayaller B\u00fcy\u00fck, Ama C\u00fczdan K\u00fc\u00e7\u00fck: \u00dcniversite Hayali Bar\u0131nma Krizine Tak\u0131ld\u0131!<b><\/b><\/li>\n<\/ul>\n<p class=\"v1MsoNormal\">\n<p class=\"v1MsoNormal\"><b>&#8220;FAH\u0130\u015e F\u0130YATLAR \u00d6\u011eRENC\u0130LER\u0130 BARINMA KR\u0130Z\u0130NE S\u00dcR\u00dcKLED\u0130&#8221;<\/b><\/p>\n<p class=\"v1MsoNormal\">CHP Mersin Milletvekili\u00a0<b>G\u00fclcan K\u0131\u015f<\/b>, \u00fcniversite \u00f6\u011frencilerinin ya\u015fad\u0131\u011f\u0131 bar\u0131nma krizine dikkat \u00e7ekerek iktidara sert s\u00f6zlerle tepki g\u00f6sterdi. G\u00fclcan K\u0131\u015f, 2025&#8217;te \u00f6zellikle b\u00fcy\u00fck\u015fehirlerdeki\u00a0<b>fahi\u015f kira ve yurt fiyatlar\u0131n\u0131n<\/b>\u00a0\u00f6\u011frencileri zor durumda b\u0131rakt\u0131\u011f\u0131n\u0131 s\u00f6yledi.<\/p>\n<ul type=\"disc\">\n<li class=\"v1MsoNormal\">\u00d6zel yurtlarda 6 ki\u015filik odalar\u00a0<b>12 bin TL&#8217;den<\/b>\u00a0ba\u015fl\u0131yor.<\/li>\n<li class=\"v1MsoNormal\">Tek ki\u015filik odalar\u0131n fiyat\u0131\u00a0<b>40 bin TL&#8217;ye kadar<\/b>\u00a0\u00e7\u0131k\u0131yor.<\/li>\n<li class=\"v1MsoNormal\">\u00d6\u011frenci semtlerinde kiralar\u00a0<b>17 bin TL&#8217;den<\/b>\u00a0ba\u015fl\u0131yor.<\/li>\n<li class=\"v1MsoNormal\">Bar\u0131nma, faturalar, yemek ve ula\u015f\u0131m giderleriyle birlikte\u00a0<b>bir \u00f6\u011frencinin ayl\u0131k ya\u015fam maliyeti 25 bin TL ile 60 bin TL<\/b>\u00a0aras\u0131nda de\u011fi\u015fiyor.<\/li>\n<\/ul>\n<p class=\"v1MsoNormal\">&#8220;Bir asgari \u00fccretli ailenin tek bir \u00e7ocu\u011funu okutabilmesi art\u0131k neredeyse imk\u00e2ns\u0131z hale geldi. Bu tablo, e\u011fitim hakk\u0131n\u0131n de\u011fil,\u00a0<b>paran\u0131n belirleyici oldu\u011fu bir d\u00fczeni<\/b>\u00a0ortaya koyuyor.&#8221;<\/p>\n<p class=\"v1MsoNormal\">\n<p class=\"v1MsoNormal\"><b>&#8220;GEN\u00c7LER HAYAL ETT\u0130KLER\u0130 B\u00d6L\u00dcM\u00dc DE\u011e\u0130L, PARALARININ YETT\u0130\u011e\u0130 \u015eEHR\u0130 SE\u00c7\u0130YOR&#8221;<\/b><\/p>\n<p class=\"v1MsoNormal\">G\u00fclcan K\u0131\u015f, bar\u0131nma krizinin \u00f6\u011frencilerin\u00a0<b>\u00fcniversite tercihlerini bile belirledi\u011fini<\/b>\u00a0vurgulad\u0131. Art\u0131k gen\u00e7ler,\u00a0<b>ba\u015far\u0131lar\u0131na g\u00f6re de\u011fil, ailelerinin b\u00fct\u00e7esine g\u00f6re<\/b>\u00a0\u00fcniversite se\u00e7mek zorunda kal\u0131yor:<\/p>\n<p class=\"v1MsoNormal\">&#8220;Hayalini kurdu\u011fu b\u00f6l\u00fcm\u00fc kazanmas\u0131na ra\u011fmen Ankara, \u0130stanbul, \u0130zmir, Mersin gibi b\u00fcy\u00fck\u015fehirlerde okuyamayan binlerce gencimiz var. \u00c7\u00fcnk\u00fc bar\u0131nma maliyetleri u\u00e7mu\u015f durumda. Gen\u00e7ler, istedikleri b\u00f6l\u00fcm\u00fc de\u011fil;\u00a0<b>okurken ge\u00e7inebilecekleri \u015fehirlerdeki \u00fcniversiteleri<\/b>\u00a0tercih etmek zorunda kal\u0131yor. Bu, f\u0131rsat e\u015fitli\u011fini yok eden bir tablo.&#8221;<\/p>\n<p class=\"v1MsoNormal\">\u00d6SYM verilerine g\u00f6re, son y\u0131llarda\u00a0<b>yerle\u015fti\u011fi halde kay\u0131t yapt\u0131ramayan \u00f6\u011frenci say\u0131s\u0131nda ciddi art\u0131\u015f<\/b>\u00a0ya\u015fand\u0131\u011f\u0131n\u0131 hat\u0131rlatan CHP&#8217;li G\u00fclcan K\u0131\u015f, &#8220;Bu durum, \u00fclkenin gen\u00e7lerini hayallerinden kopar\u0131yor, e\u011fitim hakk\u0131n\u0131 ekonomik bariyerlerle s\u0131n\u0131rl\u0131yor&#8221; dedi.<\/p>\n<p class=\"v1MsoNormal\">\n<p class=\"v1MsoNormal\"><b>&#8220;CHP&#8217;L\u0130 BELED\u0130YELER GEN\u00c7LERE UMUT OLMU\u015eTU&#8221;<\/b><\/p>\n<p class=\"v1MsoNormal\">G\u00fclcan K\u0131\u015f, 2019 yerel se\u00e7imlerinin ard\u0131ndan CHP&#8217;li b\u00fcy\u00fck\u015fehir belediyelerinin \u00f6\u011frencilerin bar\u0131nma sorununa\u00a0<b>sosyal belediyecilik anlay\u0131\u015f\u0131yla \u00e7\u00f6z\u00fcm \u00fcretti\u011fini<\/b>\u00a0hat\u0131rlatt\u0131:<\/p>\n<p class=\"v1MsoNormal\">&#8220;\u0130stanbul, Ankara, \u0130zmir, Adana ve Mersin ba\u015fta olmak \u00fczere bir\u00e7ok b\u00fcy\u00fck\u015fehirde belediyelerimiz, kendi imk\u00e2nlar\u0131yla\u00a0<b>\u00f6\u011frenci yurtlar\u0131 a\u00e7arak<\/b>\u00a0gen\u00e7lerimize nefes oldu. On binlerce \u00f6\u011frenci y\u00fcksek kira y\u00fck\u00fcnden kurtuldu, g\u00fcvenli ve uygun fiyatl\u0131 bar\u0131nma imk\u00e2n\u0131na kavu\u015ftu. Belediyelerimiz bu konuda \u00e7ok \u00f6nemli bir sosyal hizmet sundu.&#8221;<\/p>\n<p class=\"v1MsoNormal\">\n<p class=\"v1MsoNormal\"><b>&#8220;BA\u015eARIYI G\u00d6R\u00dcNCE YETK\u0130LER\u0130 ELLER\u0130M\u0130ZDEN ALDINIZ&#8221;<\/b><\/p>\n<p class=\"v1MsoNormal\">Ancak CHP Mersin Milletvekili G\u00fclcan K\u0131\u015f&#8217;a g\u00f6re, CHP&#8217;li belediyelerin bu ba\u015far\u0131lar\u0131 iktidar\u0131 rahats\u0131z etti. AKP ve MHP&#8217;nin oylar\u0131yla TBMM Genel Kurulu&#8217;nda kabul edilen yasa ile\u00a0<b>belediyelerin \u00f6\u011frenci yurtlar\u0131 a\u00e7ma ve ruhsat verme yetkileri ellerinden al\u0131nd\u0131<\/b>.<\/p>\n<p class=\"v1MsoNormal\">&#8220;CHP&#8217;li belediyeler \u00f6\u011frenciler i\u00e7in \u00e7\u00f6z\u00fcm \u00fcrettik\u00e7e iktidar bundan rahats\u0131z oldu. Yetkileri siyasi bir hamleyle Milli E\u011fitim Bakanl\u0131\u011f\u0131 ve Gen\u00e7lik ve Spor Bakanl\u0131\u011f\u0131&#8217;na devrettiler. Art\u0131k belediyeler, bakanl\u0131ktan izin almadan \u00f6\u011frenci yurdu a\u00e7amayacak.<\/p>\n<p class=\"v1MsoNormal\">\u00d6\u011frencilerin bar\u0131nma sorununa \u00e7\u00f6z\u00fcm \u00fcretmek yerine, belediyelerin ba\u015far\u0131s\u0131n\u0131 engellemeyi tercih ettiler. Bu \u00f6\u011frencinin de\u011fil, siyasetin tercih edildi\u011fi bir karard\u0131r.&#8221;<\/p>\n<p class=\"v1MsoNormal\">\n<p class=\"v1MsoNormal\"><b>&#8220;GEN\u00c7LER\u0130N UMUDU S\u0130YAS\u0130 HESAPLARA KURBAN ED\u0130LEMEZ&#8221;<\/b><\/p>\n<p class=\"v1MsoNormal\">G\u00fclcan K\u0131\u015f, iktidar\u0131n bu tutumunun\u00a0<b>\u00f6\u011frencileri \u00e7aresizli\u011fe s\u00fcr\u00fckledi\u011fini<\/b>\u00a0vurgulayarak \u015f\u00f6yle konu\u015ftu:<\/p>\n<p class=\"v1MsoNormal\">&#8220;Gen\u00e7lerimizi bu siyasi hesaplara kurban etmeyece\u011fiz. CHP olarak hem Meclis&#8217;te hem sahada \u00f6\u011frencilerimizin yan\u0131nda olaca\u011f\u0131z. Belediyelerimizin sosyal belediyecilik anlay\u0131\u015f\u0131yla sundu\u011fu t\u00fcm imk\u00e2nlar\u0131n \u00f6n\u00fcne koyulan siyasi engelleri kald\u0131rana kadar m\u00fccadelemizi s\u00fcrd\u00fcrece\u011fiz.&#8221;<\/p>\n<p class=\"v1MsoNormal\">\n<p class=\"v1MsoNormal\"><b>&#8220;\u00c7\u00d6Z\u00dcM: YETK\u0130 BELED\u0130YELERE GER\u0130 VER\u0130LMEL\u0130&#8221;<\/b><\/p>\n<p class=\"v1MsoNormal\">G\u00fclcan K\u0131\u015f, \u00e7\u00f6z\u00fcm \u00f6nerilerini de s\u0131ralad\u0131:<\/p>\n<ul type=\"disc\">\n<li class=\"v1MsoNormal\">KYK yurt kapasiteleri h\u0131zla art\u0131r\u0131lmal\u0131.<\/li>\n<li class=\"v1MsoNormal\">\u00d6zel yurt \u00fccretlerine\u00a0<b>\u00fcst s\u0131n\u0131r<\/b>\u00a0getirilmeli.<\/li>\n<li class=\"v1MsoNormal\">Belediyelere yeniden yurt a\u00e7ma ve i\u015fletme yetkisi verilmeli.<\/li>\n<li class=\"v1MsoNormal\">Bar\u0131nma hakk\u0131 piyasan\u0131n insaf\u0131na de\u011fil,\u00a0<b>sosyal devlet anlay\u0131\u015f\u0131na<\/b>\u00a0b\u0131rak\u0131lmal\u0131.<\/li>\n<\/ul>\n<p class=\"v1MsoNormal\">&#8220;\u00d6\u011frencilerimizi bu \u00e7aresizlikte yaln\u0131z b\u0131rakmayaca\u011f\u0131z. CHP olarak gen\u00e7lerimizin gelece\u011fini savunmaya devam edece\u011fiz.&#8221;<\/p>\n<p class=\"v1MsoNormal\">\n","protected":false},"excerpt":{"rendered":"<p>\u00d6\u011frenciler Hayallerinden Kopar\u0131l\u0131yor, \u0130ktidar Siyasi Hesap Pe\u015finde! Gen\u00e7ler Gelece\u011fini De\u011fil, Kiras\u0131n\u0131 Hesapl\u0131yor! Gen\u00e7ler Hayal Ettikleri B\u00f6l\u00fcm\u00fc De\u011fil, Paras\u0131n\u0131n Yetti\u011fi \u015eehri Se\u00e7iyor! Hayaller B\u00fcy\u00fck, Ama C\u00fczdan K\u00fc\u00e7\u00fck: \u00dcniversite Hayali Bar\u0131nma Krizine &hellip; <a href=\"https:\/\/akdenizolaygazetesi.com\/?p=36137\" class=\"more-link\">Devam\u0131n\u0131 Oku&#8230;<\/a><\/p>\n","protected":false},"author":2,"featured_media":36138,"comment_status":"open","ping_status":"open","sticky":false,"template":"","format":"standard","meta":[],"categories":[1,2,3],"tags":[],"_links":{"self":[{"href":"https:\/\/akdenizolaygazetesi.com\/index.php?rest_route=\/wp\/v2\/posts\/36137"}],"collection":[{"href":"https:\/\/akdenizolaygazetesi.com\/index.php?rest_route=\/wp\/v2\/posts"}],"about":[{"href":"https:\/\/akdenizolaygazetesi.com\/index.php?rest_route=\/wp\/v2\/types\/post"}],"author":[{"embeddable":true,"href":"https:\/\/akdenizolaygazetesi.com\/index.php?rest_route=\/wp\/v2\/users\/2"}],"replies":[{"embeddable":true,"href":"https:\/\/akdenizolaygazetesi.com\/index.php?rest_route=%2Fwp%2Fv2%2Fcomments&post=36137"}],"version-history":[{"count":1,"href":"https:\/\/akdenizolaygazetesi.com\/index.php?rest_route=\/wp\/v2\/posts\/36137\/revisions"}],"predecessor-version":[{"id":36139,"href":"https:\/\/akdenizolaygazetesi.com\/index.php?rest_route=\/wp\/v2\/posts\/36137\/revisions\/36139"}],"wp:featuredmedia":[{"embeddable":true,"href":"https:\/\/akdenizolaygazetesi.com\/index.php?rest_route=\/wp\/v2\/media\/36138"}],"wp:attachment":[{"href":"https:\/\/akdenizolaygazetesi.com\/index.php?rest_route=%2Fwp%2Fv2%2Fmedia&parent=36137"}],"wp:term":[{"taxonomy":"category","embeddable":true,"href":"https:\/\/akdenizolaygazetesi.com\/index.php?rest_route=%2Fwp%2Fv2%2Fcategories&post=36137"},{"taxonomy":"post_tag","embeddable":true,"href":"https:\/\/akdenizolaygazetesi.com\/index.php?rest_route=%2Fwp%2Fv2%2Ftags&post=36137"}],"curies":[{"name":"wp","href":"https:\/\/api.w.org\/{rel}","templated":true}]}}