{"id":36209,"date":"2025-09-02T16:33:23","date_gmt":"2025-09-02T13:33:23","guid":{"rendered":"http:\/\/akdenizolaygazetesi.com\/?p=36209"},"modified":"2025-09-02T16:33:23","modified_gmt":"2025-09-02T13:33:23","slug":"kadinin-erkekle-esit-oldugu-turk-kultur-mirasina-sahip-cikmaliyiz","status":"publish","type":"post","link":"https:\/\/akdenizolaygazetesi.com\/?p=36209","title":{"rendered":"&#8220;Kad\u0131n\u0131n erkekle e\u015fit oldu\u011fu T\u00fcrk k\u00fclt\u00fcr miras\u0131na sahip \u00e7\u0131kmal\u0131y\u0131z&#8221;"},"content":{"rendered":"<p>Y\u00f6r\u00fck T\u00fcrkmen Vakf\u0131 Mersin \u0130l Ba\u015fkan yard\u0131mc\u0131s\u0131 Av.\u015eerife Ar\u0131c\u0131 Y\u0131ld\u0131z, 8.G\u00fclnar Bilim Sanat Etkinlikleri \u00e7er\u00e7evesinde yapt\u0131\u011f\u0131 s\u00f6yle\u015fide ;<br \/>\nT\u00fcrk t\u00f6resinde kad\u0131nla erke\u011fin e\u015fit oldu\u011funu, \u0130slamiyetin kabul\u00fcnden sonra \u00a0Emevi- Abbasi k\u00fclt\u00fcr\u00fcn\u00fcn din ad\u0131 alt\u0131nda<br \/>\nT\u00fcrk toplum ya\u015fam\u0131na etki etti\u011fini, bunun kad\u0131n\u0131n stat\u00fcs\u00fcn\u00fc geriletti\u011fini ifade etti.<br \/>\nAr\u0131c\u0131 \u00a0Asya bozk\u0131rlar\u0131nda ve Horasan&#8217;da ya\u015farken T\u00fcrk kad\u0131nlar\u0131n\u0131n ailede, devlet y\u00f6netiminde e\u015fi ile e\u015fit oldu\u011funu, haklar\u0131n\u0131 \u00f6zg\u00fcrce kulland\u0131\u011f\u0131n\u0131, hakanlar\u0131n devleti hatun ad\u0131n\u0131 alan e\u015fleriyle birlikte y\u00f6nettiklerini, \u00a0tarihte devletin ba\u015f\u0131na ge\u00e7en \u00a0kad\u0131n hakanlar\u0131n bulun du\u011funu \u00f6rnekleriyle anlatt\u0131.<br \/>\nT\u00fcrklerin Anadoluya \u00a0geli\u015finden bir s\u00fcre sonra, \u00f6zellikle halifeli\u011fin Osmanl\u0131&#8217;ya ge\u00e7isinden sonra kad\u0131n\u0131n eve kapat\u0131ld\u0131\u011f\u0131n\u0131, stat\u00fcs\u00fcn\u00fc tamamen kaybetti\u011fini, Cumhuriyet. Atat\u00fcrk devrimleri ve Medeni \u00a0Kanunla T\u00fcrk t\u00f6resindeki e\u015fit de\u011ferli konumuna kavu\u015ftu\u011funu ifade eden Ar\u0131c\u0131, Cumhuriyet ve devrimleri, k\u00fclt\u00fcr miras\u0131m\u0131z olan kad\u0131n- erkek e\u015fitli\u011fini yeniden sa\u011flam\u0131\u015ft\u0131r.<br \/>\nYakla\u015f\u0131k y\u00fcz y\u0131l sonra, bilinen gerici \u00e7evreler T\u00fcrk kad\u0131nlar\u0131n\u0131n haklar\u0131na dil uzatmakta, onlar\u0131 elinden almak istemektedir.<br \/>\nBizler buna m\u00fcsaade etmeyece\u011fiz k\u00fclt\u00fcr miras\u0131m\u0131za , \u00e7a\u011fda\u015f d\u00fcnyan\u0131n de\u011ferlerine, haklar\u0131m\u0131z\u0131 sahip \u00e7\u0131kmal\u0131y\u0131z&#8221; dedi.<\/p>\n","protected":false},"excerpt":{"rendered":"<p>Y\u00f6r\u00fck T\u00fcrkmen Vakf\u0131 Mersin \u0130l Ba\u015fkan yard\u0131mc\u0131s\u0131 Av.\u015eerife Ar\u0131c\u0131 Y\u0131ld\u0131z, 8.G\u00fclnar Bilim Sanat Etkinlikleri \u00e7er\u00e7evesinde yapt\u0131\u011f\u0131 s\u00f6yle\u015fide ; T\u00fcrk t\u00f6resinde kad\u0131nla erke\u011fin e\u015fit oldu\u011funu, \u0130slamiyetin kabul\u00fcnden sonra \u00a0Emevi- Abbasi k\u00fclt\u00fcr\u00fcn\u00fcn &hellip; <a href=\"https:\/\/akdenizolaygazetesi.com\/?p=36209\" class=\"more-link\">Devam\u0131n\u0131 Oku&#8230;<\/a><\/p>\n","protected":false},"author":2,"featured_media":36210,"comment_status":"open","ping_status":"open","sticky":false,"template":"","format":"standard","meta":[],"categories":[1,2,3],"tags":[],"_links":{"self":[{"href":"https:\/\/akdenizolaygazetesi.com\/index.php?rest_route=\/wp\/v2\/posts\/36209"}],"collection":[{"href":"https:\/\/akdenizolaygazetesi.com\/index.php?rest_route=\/wp\/v2\/posts"}],"about":[{"href":"https:\/\/akdenizolaygazetesi.com\/index.php?rest_route=\/wp\/v2\/types\/post"}],"author":[{"embeddable":true,"href":"https:\/\/akdenizolaygazetesi.com\/index.php?rest_route=\/wp\/v2\/users\/2"}],"replies":[{"embeddable":true,"href":"https:\/\/akdenizolaygazetesi.com\/index.php?rest_route=%2Fwp%2Fv2%2Fcomments&post=36209"}],"version-history":[{"count":1,"href":"https:\/\/akdenizolaygazetesi.com\/index.php?rest_route=\/wp\/v2\/posts\/36209\/revisions"}],"predecessor-version":[{"id":36211,"href":"https:\/\/akdenizolaygazetesi.com\/index.php?rest_route=\/wp\/v2\/posts\/36209\/revisions\/36211"}],"wp:featuredmedia":[{"embeddable":true,"href":"https:\/\/akdenizolaygazetesi.com\/index.php?rest_route=\/wp\/v2\/media\/36210"}],"wp:attachment":[{"href":"https:\/\/akdenizolaygazetesi.com\/index.php?rest_route=%2Fwp%2Fv2%2Fmedia&parent=36209"}],"wp:term":[{"taxonomy":"category","embeddable":true,"href":"https:\/\/akdenizolaygazetesi.com\/index.php?rest_route=%2Fwp%2Fv2%2Fcategories&post=36209"},{"taxonomy":"post_tag","embeddable":true,"href":"https:\/\/akdenizolaygazetesi.com\/index.php?rest_route=%2Fwp%2Fv2%2Ftags&post=36209"}],"curies":[{"name":"wp","href":"https:\/\/api.w.org\/{rel}","templated":true}]}}