{"id":36229,"date":"2025-09-02T16:43:30","date_gmt":"2025-09-02T13:43:30","guid":{"rendered":"http:\/\/akdenizolaygazetesi.com\/?p=36229"},"modified":"2025-09-02T16:43:30","modified_gmt":"2025-09-02T13:43:30","slug":"bakanliktan-9-ay-sonra-gelen-bos-cevap","status":"publish","type":"post","link":"https:\/\/akdenizolaygazetesi.com\/?p=36229","title":{"rendered":"BAKANLIKTAN 9 AY SONRA GELEN BO\u015e CEVAP!"},"content":{"rendered":"<ul type=\"disc\">\n<li class=\"v1MsoListParagraph\"><strong>\u201cBakanl\u0131k 9 Ay Sessiz Kald\u0131: 4 Milyon Gen\u00e7 Sahipsiz!\u201d<\/strong><b><\/b><\/li>\n<li><strong>\u201cCHP\u2019li K\u0131\u015f: 270 G\u00fcn Sonra Gelen Bo\u015f Cevap, Gen\u00e7leri Yaln\u0131z B\u0131rak\u0131yor!\u201d<\/strong><b><\/b><\/li>\n<li><strong>\u201cNEET Krizi B\u00fcy\u00fcyor, Bakanl\u0131k G\u00f6stermelik Projelerle Oyal\u0131yor!\u201d<\/strong><b><\/b><\/li>\n<li><strong>\u201cG\u00fclcan K\u0131\u015f: \u2018Gen\u00e7lerimizi Kaderine Terk Ettiler!\u2019\u201d<\/strong><b><\/b><\/li>\n<\/ul>\n<p class=\"v1MsoNormal\"><b>\u00a0<\/b><\/p>\n<p class=\"v1MsoNormal\"><b>CHP\u2019li G\u00fclcan K\u0131\u015f: \u201c4 Milyon Gencin Gelece\u011fiyle Oynuyorlar!\u201d<\/b><\/p>\n<p class=\"v1MsoNormal\"><b>CHP Mersin Milletvekili G\u00fclcan K\u0131\u015f<\/b>, T\u00fcrkiye\u2019de e\u011fitimde ve istihdamda olmayan gen\u00e7lerin (\u201cNEET gen\u00e7ler\u201d) durumuna ili\u015fkin\u00a0<b>31 Aral\u0131k 2024\u2019te<\/b>\u00a0\u00c7al\u0131\u015fma ve Sosyal G\u00fcvenlik Bakan\u0131 Vedat I\u015f\u0131khan\u2019a verdi\u011fi soru \u00f6nergesine\u00a0<b>tam 9 ay sonra<\/b>\u00a0gelen yetersiz cevaba sert tepki g\u00f6sterdi.<\/p>\n<p class=\"v1MsoNormal\">G\u00fclcan K\u0131\u015f, \u201c4 milyon gencimizin gelece\u011fi belirsizlik i\u00e7inde. Sorular\u0131m\u0131za yan\u0131t vermek yerine, g\u00f6stermelik projeler s\u0131ralayarak sorumluluktan ka\u00e7\u0131yorlar\u201d dedi.<\/p>\n<p class=\"v1MsoNormal\">\n<p class=\"v1MsoNormal\"><b>\u201c\u0130\u00e7t\u00fcz\u00fck \u00c7i\u011fnendi, 270 G\u00fcn Bekletildik!\u201d<\/b><\/p>\n<p class=\"v1MsoNormal\">CHP\u2019li G\u00fclcan K\u0131\u015f, TBMM \u0130\u00e7t\u00fcz\u00fc\u011f\u00fc\u2019n\u00fcn\u00a0<b>96. maddesine<\/b>\u00a0g\u00f6re bakanl\u0131klar\u0131n\u00a0<b>15 g\u00fcn i\u00e7inde<\/b>\u00a0yan\u0131t vermesi gerekirken, \u00f6nergesinin\u00a0<b>tam 270 g\u00fcn<\/b>\u00a0sonra yan\u0131tland\u0131\u011f\u0131n\u0131 vurgulad\u0131:<\/p>\n<p class=\"v1MsoNormal\">\u201cGen\u00e7lerin gelece\u011fini, istihdam\u0131n\u0131, psikolojik deste\u011fini, b\u00f6lgesel e\u015fitsizlikleri sorduk. Ama Bakanl\u0131k 9 ay sessiz kald\u0131, sonra da bo\u015f bir cevap g\u00f6nderdi.<br \/>\nBu, hem gen\u00e7lerimize hem de Meclis\u2019e sayg\u0131s\u0131zl\u0131kt\u0131r.\u201d<\/p>\n<p class=\"v1MsoNormal\">\n<p class=\"v1MsoNormal\"><b>\u201c4 Milyon Gen\u00e7 Sahipsiz B\u0131rak\u0131l\u0131yor\u201d<\/b><\/p>\n<p class=\"v1MsoNormal\">Eurostat verilerine g\u00f6re T\u00fcrkiye\u2019de\u00a0<b>15-29 ya\u015f aras\u0131<\/b>\u00a0gen\u00e7lerin\u00a0<b>%35,6\u2019s\u0131<\/b>, yani yakla\u015f\u0131k\u00a0<b>4 milyon ki\u015fi<\/b>\u00a0ne e\u011fitimde ne de istihdamda.<br \/>\nK\u0131\u015f, Bakanl\u0131\u011f\u0131n verdi\u011fi yan\u0131tta bu tabloya dair somut bir veri, b\u00fct\u00e7e, \u00e7\u00f6z\u00fcm plan\u0131 veya illere g\u00f6re da\u011f\u0131l\u0131m payla\u015fmad\u0131\u011f\u0131n\u0131 belirterek \u015fu ifadeleri kulland\u0131:<\/p>\n<p class=\"v1MsoNormal\">\u201cGen\u00e7lerimizin bir\u00e7o\u011fu umutsuz, aile deste\u011fiyle ayakta duruyor. Bakanl\u0131k sorumluluktan ka\u00e7\u0131yor, gen\u00e7leri kendi kaderine terk ediyor.<br \/>\n\u0130stihdam politikalar\u0131 g\u00f6stermelik, psikolojik destek yok, b\u00f6lgesel e\u015fitsizlikler yok say\u0131l\u0131yor. Kad\u0131n gen\u00e7ler i\u00e7in tek bir \u00f6zel politika yok! Bu tabloyu kabul etmemiz m\u00fcmk\u00fcn de\u011fil.\u201d<\/p>\n<p class=\"v1MsoNormal\">\n<p class=\"v1MsoNormal\"><b>\u201cNEET Krizine Kar\u015f\u0131 Acil Eylem Plan\u0131 \u015eart\u201d<\/b><\/p>\n<p class=\"v1MsoNormal\">CHP Mersin Milletvekili G\u00fclcan K\u0131\u015f, Bakanl\u0131\u011f\u0131n cevab\u0131nda s\u0131ralad\u0131\u011f\u0131 projelerin sadece\u00a0<b>AB fonlar\u0131na<\/b>\u00a0dayand\u0131\u011f\u0131n\u0131 ve T\u00fcrkiye genelinde sorunu \u00e7\u00f6zmekten \u00e7ok uzak oldu\u011funu belirtti:<\/p>\n<p class=\"v1MsoNormal\">\u201cY\u0131llard\u0131r AB projeleriyle \u00f6v\u00fcn\u00fcyorlar ama sonu\u00e7 ortada: NEET gen\u00e7 oran\u0131 h\u00e2l\u00e2 Avrupa ortalamas\u0131n\u0131n\u00a0<b>iki kat\u0131<\/b>. 4 milyon gen\u00e7 ne okula gidebiliyor, ne i\u015f bulabiliyor.<br \/>\nBu sorunu \u00e7\u00f6zmek i\u00e7in kapsaml\u0131 bir istihdam stratejisine, kad\u0131nlara ve b\u00f6lgelere \u00f6zel programlara, psikolojik destek mekanizmalar\u0131na ihtiya\u00e7 var.\u201d<\/p>\n<p class=\"v1MsoNormal\">\n","protected":false},"excerpt":{"rendered":"<p>\u201cBakanl\u0131k 9 Ay Sessiz Kald\u0131: 4 Milyon Gen\u00e7 Sahipsiz!\u201d \u201cCHP\u2019li K\u0131\u015f: 270 G\u00fcn Sonra Gelen Bo\u015f Cevap, Gen\u00e7leri Yaln\u0131z B\u0131rak\u0131yor!\u201d \u201cNEET Krizi B\u00fcy\u00fcyor, Bakanl\u0131k G\u00f6stermelik Projelerle Oyal\u0131yor!\u201d \u201cG\u00fclcan K\u0131\u015f: \u2018Gen\u00e7lerimizi &hellip; <a href=\"https:\/\/akdenizolaygazetesi.com\/?p=36229\" class=\"more-link\">Devam\u0131n\u0131 Oku&#8230;<\/a><\/p>\n","protected":false},"author":2,"featured_media":36230,"comment_status":"open","ping_status":"open","sticky":false,"template":"","format":"standard","meta":[],"categories":[1,2,3],"tags":[],"_links":{"self":[{"href":"https:\/\/akdenizolaygazetesi.com\/index.php?rest_route=\/wp\/v2\/posts\/36229"}],"collection":[{"href":"https:\/\/akdenizolaygazetesi.com\/index.php?rest_route=\/wp\/v2\/posts"}],"about":[{"href":"https:\/\/akdenizolaygazetesi.com\/index.php?rest_route=\/wp\/v2\/types\/post"}],"author":[{"embeddable":true,"href":"https:\/\/akdenizolaygazetesi.com\/index.php?rest_route=\/wp\/v2\/users\/2"}],"replies":[{"embeddable":true,"href":"https:\/\/akdenizolaygazetesi.com\/index.php?rest_route=%2Fwp%2Fv2%2Fcomments&post=36229"}],"version-history":[{"count":1,"href":"https:\/\/akdenizolaygazetesi.com\/index.php?rest_route=\/wp\/v2\/posts\/36229\/revisions"}],"predecessor-version":[{"id":36231,"href":"https:\/\/akdenizolaygazetesi.com\/index.php?rest_route=\/wp\/v2\/posts\/36229\/revisions\/36231"}],"wp:featuredmedia":[{"embeddable":true,"href":"https:\/\/akdenizolaygazetesi.com\/index.php?rest_route=\/wp\/v2\/media\/36230"}],"wp:attachment":[{"href":"https:\/\/akdenizolaygazetesi.com\/index.php?rest_route=%2Fwp%2Fv2%2Fmedia&parent=36229"}],"wp:term":[{"taxonomy":"category","embeddable":true,"href":"https:\/\/akdenizolaygazetesi.com\/index.php?rest_route=%2Fwp%2Fv2%2Fcategories&post=36229"},{"taxonomy":"post_tag","embeddable":true,"href":"https:\/\/akdenizolaygazetesi.com\/index.php?rest_route=%2Fwp%2Fv2%2Ftags&post=36229"}],"curies":[{"name":"wp","href":"https:\/\/api.w.org\/{rel}","templated":true}]}}