{"id":36236,"date":"2025-09-02T16:46:56","date_gmt":"2025-09-02T13:46:56","guid":{"rendered":"http:\/\/akdenizolaygazetesi.com\/?p=36236"},"modified":"2025-09-02T16:46:56","modified_gmt":"2025-09-02T13:46:56","slug":"erdemli-orman-isletme-mudurlugunde-gorev-degisimi","status":"publish","type":"post","link":"https:\/\/akdenizolaygazetesi.com\/?p=36236","title":{"rendered":"Erdemli Orman \u0130\u015fletme M\u00fcd\u00fcrl\u00fc\u011f\u00fc\u2019nde G\u00f6rev De\u011fi\u015fimi"},"content":{"rendered":"<p>B\u00f6lge M\u00fcd\u00fcrl\u00fc\u011f\u00fcm\u00fcz Erdemli Orman \u0130\u015fletme M\u00fcd\u00fcr\u00fc olarak g\u00f6rev yapmakta iken Makam\u0131n oluru ile Kahramanmara\u015f Orman B\u00f6lge M\u00fcd\u00fcr Yard\u0131mc\u0131l\u0131\u011f\u0131 g\u00f6revine atanan Murat K\u00f6rl\u00fc\u2019n\u00fcn yerine, Mehmet Akbudak Erdemli Orman \u0130\u015fletme M\u00fcd\u00fcr\u00fc olarak atand\u0131.<\/p>\n<p>G\u00f6revine ba\u015flayan Mehmet Akbudak\u2019a, Mersin Orman B\u00f6lge M\u00fcd\u00fcr\u00fc Rifat Ata\u015f ve B\u00f6lge M\u00fcd\u00fcr Yard\u0131mc\u0131s\u0131 Ali Ki\u015fi hay\u0131rl\u0131 olsun ziyaretinde bulunarak ba\u015far\u0131 dileklerini iletti.<\/p>\n<p>Mehmet Akbudak, 2009 y\u0131l\u0131nda Bal\u0131kesir Dursunbey\u2019de Orman \u0130\u015fletme \u015eefi olarak g\u00f6reve ba\u015flam\u0131\u015f; 2015-2021 y\u0131llar\u0131 aras\u0131nda Kadirli Orman \u0130\u015fletme \u015eefli\u011fi g\u00f6revini y\u00fcr\u00fctm\u00fc\u015f ve 2021 y\u0131l\u0131ndan itibaren Pozant\u0131 Orman \u0130\u015fletme M\u00fcd\u00fcr Yard\u0131mc\u0131s\u0131 olarak g\u00f6rev yapm\u0131\u015ft\u0131r. 1 Eyl\u00fcl 2025 tarihi itibariyle Erdemli Orman \u0130\u015fletme M\u00fcd\u00fcrl\u00fc\u011f\u00fcnde g\u00f6reve ba\u015flam\u0131\u015ft\u0131r.<\/p>\n<p>Mersin Orman B\u00f6lge M\u00fcd\u00fcrl\u00fc\u011f\u00fc olarak yeni m\u00fcd\u00fcr\u00fcm\u00fcze g\u00f6revinde ba\u015far\u0131lar diliyoruz.<\/p>\n<p>&nbsp;<\/p>\n","protected":false},"excerpt":{"rendered":"<p>B\u00f6lge M\u00fcd\u00fcrl\u00fc\u011f\u00fcm\u00fcz Erdemli Orman \u0130\u015fletme M\u00fcd\u00fcr\u00fc olarak g\u00f6rev yapmakta iken Makam\u0131n oluru ile Kahramanmara\u015f Orman B\u00f6lge M\u00fcd\u00fcr Yard\u0131mc\u0131l\u0131\u011f\u0131 g\u00f6revine atanan Murat K\u00f6rl\u00fc\u2019n\u00fcn yerine, Mehmet Akbudak Erdemli Orman \u0130\u015fletme M\u00fcd\u00fcr\u00fc olarak &hellip; <a href=\"https:\/\/akdenizolaygazetesi.com\/?p=36236\" class=\"more-link\">Devam\u0131n\u0131 Oku&#8230;<\/a><\/p>\n","protected":false},"author":2,"featured_media":36237,"comment_status":"open","ping_status":"open","sticky":false,"template":"","format":"standard","meta":[],"categories":[1,2,3],"tags":[],"_links":{"self":[{"href":"https:\/\/akdenizolaygazetesi.com\/index.php?rest_route=\/wp\/v2\/posts\/36236"}],"collection":[{"href":"https:\/\/akdenizolaygazetesi.com\/index.php?rest_route=\/wp\/v2\/posts"}],"about":[{"href":"https:\/\/akdenizolaygazetesi.com\/index.php?rest_route=\/wp\/v2\/types\/post"}],"author":[{"embeddable":true,"href":"https:\/\/akdenizolaygazetesi.com\/index.php?rest_route=\/wp\/v2\/users\/2"}],"replies":[{"embeddable":true,"href":"https:\/\/akdenizolaygazetesi.com\/index.php?rest_route=%2Fwp%2Fv2%2Fcomments&post=36236"}],"version-history":[{"count":1,"href":"https:\/\/akdenizolaygazetesi.com\/index.php?rest_route=\/wp\/v2\/posts\/36236\/revisions"}],"predecessor-version":[{"id":36238,"href":"https:\/\/akdenizolaygazetesi.com\/index.php?rest_route=\/wp\/v2\/posts\/36236\/revisions\/36238"}],"wp:featuredmedia":[{"embeddable":true,"href":"https:\/\/akdenizolaygazetesi.com\/index.php?rest_route=\/wp\/v2\/media\/36237"}],"wp:attachment":[{"href":"https:\/\/akdenizolaygazetesi.com\/index.php?rest_route=%2Fwp%2Fv2%2Fmedia&parent=36236"}],"wp:term":[{"taxonomy":"category","embeddable":true,"href":"https:\/\/akdenizolaygazetesi.com\/index.php?rest_route=%2Fwp%2Fv2%2Fcategories&post=36236"},{"taxonomy":"post_tag","embeddable":true,"href":"https:\/\/akdenizolaygazetesi.com\/index.php?rest_route=%2Fwp%2Fv2%2Ftags&post=36236"}],"curies":[{"name":"wp","href":"https:\/\/api.w.org\/{rel}","templated":true}]}}