{"id":36265,"date":"2025-09-03T14:13:46","date_gmt":"2025-09-03T11:13:46","guid":{"rendered":"http:\/\/akdenizolaygazetesi.com\/?p=36265"},"modified":"2025-09-03T14:13:46","modified_gmt":"2025-09-03T11:13:46","slug":"8-uluslararasi-gulnar-bilim-ve-kultur-etkinlikleri-buyuksehirin-katkilariyla-duzenlendi","status":"publish","type":"post","link":"https:\/\/akdenizolaygazetesi.com\/?p=36265","title":{"rendered":"&#8216;8. ULUSLARARASI G\u00dcLNAR B\u0130L\u0130M VE K\u00dcLT\u00dcR ETK\u0130NL\u0130KLER\u0130&#8217; B\u00dcY\u00dcK\u015eEH\u0130R&#8217;\u0130N KATKILARIYLA D\u00dcZENLEND\u0130"},"content":{"rendered":"<p class=\"v1MsoNoSpacing\">Mersin&#8217;in her noktas\u0131nda d\u00fczenlenen bilimsel ve k\u00fclt\u00fcrel etkinlikler ile yurtta\u015flardan tam puan alan Mersin B\u00fcy\u00fck\u015fehir Belediyesi, her il\u00e7eye e\u015fit hizmet g\u00f6t\u00fcrmeye devam ediyor. Bu etkinliklerden birisi olan\u00a0<b><i>&#8216;8. Uluslararas\u0131 G\u00fclnar Bilim ve K\u00fclt\u00fcr Etkinlikleri&#8217;<\/i><\/b>ni de destekleyen B\u00fcy\u00fck\u015fehir, alan\u0131nda uzman, birbirinden k\u0131ymetli konuklar\u0131 G\u00fclnarl\u0131larla bulu\u015fturdu.<\/p>\n<p class=\"v1MsoNoSpacing\">\n<p class=\"v1MsoNoSpacing\">Mersin&#8217;in her noktas\u0131nda d\u00fczenlenen bilimsel ve k\u00fclt\u00fcrel etkinlikler ile yurtta\u015flardan tam puan alan Mersin B\u00fcy\u00fck\u015fehir Belediyesi, her il\u00e7eye e\u015fit hizmet g\u00f6t\u00fcrmeye devam ediyor. Tarsus&#8217;tan Anamur&#8217;a, \u00c7aml\u0131yayla&#8217;da Mezitli&#8217;ye kadar 7&#8217;den 70&#8217;e her yurtta\u015f\u0131n yararlanaca\u011f\u0131 etkinlikleri ayaklar\u0131na kadar g\u00f6t\u00fcren B\u00fcy\u00fck\u015fehir; konserler, sempozyumlar, s\u00f6yle\u015filer, tiyatro g\u00f6sterileri, deneyler, \u00e7al\u0131\u015ftaylar ve birbirinden e\u011flenceli k\u00fclt\u00fcrel etkinlikler ile herkesten tam not al\u0131yor. Bu etkinliklerden birisi olan\u00a0<b><i>&#8216;8. Uluslararas\u0131 G\u00fclnar Bilim ve K\u00fclt\u00fcr Etkinlikleri&#8217;<\/i><\/b>ni de destekleyen B\u00fcy\u00fck\u015fehir, alan\u0131nda uzman, birbirinden k\u0131ymetli isimleri G\u00fclnarl\u0131larla bulu\u015fturdu.<\/p>\n<p class=\"v1MsoNoSpacing\">\n<p class=\"v1MsoNoSpacing\"><b><i>&#8220;Uluslararas\u0131 Sempozyum: &#8216;Yerelden Evrensele K\u00fclt\u00fcrel Miras'&#8221;<\/i><\/b>,\u00a0<b><i>&#8220;Uluslararas\u0131 \u00c7al\u0131\u015ftay: &#8216;Kad\u0131n ve Yenilik\u00e7ilik'&#8221;<\/i><\/b>\u00a0etkinliklerine ek olarak Prof. Dr. \u0130lber Ortayl\u0131&#8217;y\u0131 da konuk olarak a\u011f\u0131rlad\u0131. G\u00fclnar \u015eehit Ertu\u011frul Ulup\u0131nar K\u00fclt\u00fcr Merkezi&#8217;nde d\u00fczenlenen etkinlik 28-30 A\u011fustos tarihlerinde ger\u00e7ekle\u015ftirildi. D\u00fcnyan\u0131n bir\u00e7ok yerinden gelen sanat\u00e7\u0131lar\u0131n eserlerinin de yer verildi\u011fi etkinlikte; resim sergisi, \u015fiir dinletisi, foto\u011fraf yar\u0131\u015fmas\u0131 gibi sanatsal faaliyetler yer ald\u0131.<\/p>\n<p class=\"v1MsoNoSpacing\">\n<p class=\"v1MsoNoSpacing\"><b>Ak\u00e7a: &#8220;Etkinlik 30 A\u011fustos co\u015fkusuyla sona erdi&#8221;<\/b><\/p>\n<p class=\"v1MsoNoSpacing\">Etkinlik hakk\u0131nda konu\u015fan Mersin B\u00fcy\u00fck\u015fehir Belediyesi K\u00fclt\u00fcr ve Sosyal \u0130\u015fler Dairesi Ba\u015fkanl\u0131\u011f\u0131&#8217;na ba\u011fl\u0131 Kent Kat\u0131l\u0131m\u0131 ve Sivil Toplum \u0130le \u0130li\u015fkiler \u015eube M\u00fcd\u00fcr\u00fc Ba\u015far Ak\u00e7a, Eyl\u00fcl Ay\u0131&#8217;nda Ayd\u0131nc\u0131k il\u00e7esinde d\u00fczenlenecek olan etkinli\u011fe de destek olacaklar\u0131n\u0131 ifade ederek Ayd\u0131nc\u0131kl\u0131lar\u0131n da bilimsel ve k\u00fclt\u00fcrel etkinliklere doyaca\u011f\u0131n\u0131 belirtti. Konuk olarak Prof. Dr. \u0130lber Ortayl\u0131&#8217;n\u0131n G\u00fclnar&#8217;a renk katt\u0131\u011f\u0131n\u0131 vurgulayan Ak\u00e7a,\u00a0<b>&#8220;\u0130lber Ortayl\u0131 \u00fclkemizin en \u00f6nemli tarih\u00e7ilerinden. G\u00fclnar&#8217;da 7&#8217;den 70&#8217;e herkes, k\u00fclt\u00fcr merkezinde hocam\u0131z\u0131n bu de\u011ferli s\u00f6yle\u015fisine tan\u0131kl\u0131k etti. G\u00fclnar i\u00e7in tarihi bir g\u00fcnd\u00fc. G\u00fclnarl\u0131lar \u0130lber Hocam\u0131za hem G\u00fclnar&#8217;\u0131 tan\u0131tt\u0131lar hem de \u0130lber Hocam\u0131z\u0131n da \u00e7ok de\u011ferli bilgilerinden istifade ettik&#8221;<\/b>\u00a0s\u00f6zlerine yer verdi.<\/p>\n<p class=\"v1MsoNoSpacing\">\n<p class=\"v1MsoNoSpacing\"><b>Prof. Dr. Ortayl\u0131: &#8220;B\u00f6yle faaliyetlerin \u00fclkenin her noktas\u0131nda y\u00fcr\u00fct\u00fclmesi laz\u0131m&#8221;<\/b><\/p>\n<p class=\"v1MsoNoSpacing\">G\u00fclnar&#8217;da b\u00f6ylesine k\u0131ymetli bir etkinlik d\u00fczenlenmesinin \u00e7ok \u00f6nemli oldu\u011funa dikkat \u00e7eken Uzman Tarih\u00e7i Prof. Dr. \u0130lber Ortayl\u0131,\u00a0<b>&#8220;B\u00f6yle faaliyetlerin her noktada y\u00fcr\u00fct\u00fclmesi laz\u0131m. Millete faydas\u0131 oluyor ve uyand\u0131r\u0131yor. Onun i\u00e7in seviyorum. Ayr\u0131ca buraya ilk defa geldim, b\u00f6yle etkinlikler sayesinde millet de buray\u0131 tan\u0131yor. Ben mesela Silifke&#8217;yi Mersin&#8217;i defaatle g\u00f6rm\u00fc\u015f, ge\u00e7irmi\u015fim, oturmu\u015fum, kalkm\u0131\u015f\u0131m, denize girmi\u015fim, gezmi\u015fim meslek yapm\u0131\u015f\u0131m, mihmandarl\u0131k yapm\u0131\u015f\u0131m. Oysa\u00a0\u00a0G\u00fclnar&#8217;a ilk defa geliyorum. Malum, T\u00fcrkiye b\u00fcy\u00fck memleket. Onun i\u00e7in b\u00f6yle etkinlikler ile il\u00e7eleri insanlara tan\u0131tmak i\u00e7in laz\u0131m&#8221;<\/b>\u00a0diyerek b\u00f6yle etkinliklerin T\u00fcrkiye&#8217;nin her noktas\u0131nda olmas\u0131 gerekti\u011fini s\u00f6yledi.<\/p>\n<p class=\"v1MsoNoSpacing\">\n<p class=\"v1MsoNoSpacing\">\n","protected":false},"excerpt":{"rendered":"<p>Mersin&#8217;in her noktas\u0131nda d\u00fczenlenen bilimsel ve k\u00fclt\u00fcrel etkinlikler ile yurtta\u015flardan tam puan alan Mersin B\u00fcy\u00fck\u015fehir Belediyesi, her il\u00e7eye e\u015fit hizmet g\u00f6t\u00fcrmeye devam ediyor. Bu etkinliklerden birisi olan\u00a0&#8216;8. Uluslararas\u0131 G\u00fclnar Bilim &hellip; <a href=\"https:\/\/akdenizolaygazetesi.com\/?p=36265\" class=\"more-link\">Devam\u0131n\u0131 Oku&#8230;<\/a><\/p>\n","protected":false},"author":2,"featured_media":36266,"comment_status":"open","ping_status":"open","sticky":false,"template":"","format":"standard","meta":[],"categories":[1,2,3],"tags":[],"_links":{"self":[{"href":"https:\/\/akdenizolaygazetesi.com\/index.php?rest_route=\/wp\/v2\/posts\/36265"}],"collection":[{"href":"https:\/\/akdenizolaygazetesi.com\/index.php?rest_route=\/wp\/v2\/posts"}],"about":[{"href":"https:\/\/akdenizolaygazetesi.com\/index.php?rest_route=\/wp\/v2\/types\/post"}],"author":[{"embeddable":true,"href":"https:\/\/akdenizolaygazetesi.com\/index.php?rest_route=\/wp\/v2\/users\/2"}],"replies":[{"embeddable":true,"href":"https:\/\/akdenizolaygazetesi.com\/index.php?rest_route=%2Fwp%2Fv2%2Fcomments&post=36265"}],"version-history":[{"count":1,"href":"https:\/\/akdenizolaygazetesi.com\/index.php?rest_route=\/wp\/v2\/posts\/36265\/revisions"}],"predecessor-version":[{"id":36267,"href":"https:\/\/akdenizolaygazetesi.com\/index.php?rest_route=\/wp\/v2\/posts\/36265\/revisions\/36267"}],"wp:featuredmedia":[{"embeddable":true,"href":"https:\/\/akdenizolaygazetesi.com\/index.php?rest_route=\/wp\/v2\/media\/36266"}],"wp:attachment":[{"href":"https:\/\/akdenizolaygazetesi.com\/index.php?rest_route=%2Fwp%2Fv2%2Fmedia&parent=36265"}],"wp:term":[{"taxonomy":"category","embeddable":true,"href":"https:\/\/akdenizolaygazetesi.com\/index.php?rest_route=%2Fwp%2Fv2%2Fcategories&post=36265"},{"taxonomy":"post_tag","embeddable":true,"href":"https:\/\/akdenizolaygazetesi.com\/index.php?rest_route=%2Fwp%2Fv2%2Ftags&post=36265"}],"curies":[{"name":"wp","href":"https:\/\/api.w.org\/{rel}","templated":true}]}}