{"id":36276,"date":"2025-09-03T15:53:26","date_gmt":"2025-09-03T12:53:26","guid":{"rendered":"http:\/\/akdenizolaygazetesi.com\/?p=36276"},"modified":"2025-09-03T15:53:26","modified_gmt":"2025-09-03T12:53:26","slug":"baskan-yildiz-zabita-personelini-agirladi","status":"publish","type":"post","link":"https:\/\/akdenizolaygazetesi.com\/?p=36276","title":{"rendered":"BA\u015eKAN YILDIZ, ZABITA PERSONEL\u0130N\u0130 A\u011eIRLADI"},"content":{"rendered":"<p class=\"v1MsoNormal\">Toroslar Belediye Ba\u015fkan\u0131 Abdurrahman Y\u0131ld\u0131z, 1-7 Eyl\u00fcl tarihleri aras\u0131nda kutlanan Zab\u0131ta Haftas\u0131 dolay\u0131s\u0131yla belediye zab\u0131ta personelini makam\u0131nda a\u011f\u0131rlad\u0131.<\/p>\n<p class=\"v1MsoNormal\">\n<p class=\"v1MsoNormal\">Zab\u0131ta Te\u015fkilat\u0131&#8217;n\u0131n 199. kurulu\u015f y\u0131l d\u00f6n\u00fcm\u00fc kapsam\u0131nda ger\u00e7ekle\u015fen ziyarette Ba\u015fkan Y\u0131ld\u0131z, halk\u0131n huzuru, sa\u011fl\u0131\u011f\u0131 ve esenli\u011fi i\u00e7in gece g\u00fcnd\u00fcz g\u00f6rev yapan zab\u0131ta personelinin haftas\u0131n\u0131 kutlad\u0131.<\/p>\n<p class=\"v1MsoNormal\">\n<p class=\"v1MsoNormal\"><b>&#8220;Belediyemizin G\u00f6r\u00fcnen Y\u00fcz\u00fcs\u00fcn\u00fcz&#8221;<\/b><\/p>\n<p class=\"v1MsoNormal\">\n<p class=\"v1MsoNormal\">\u00d6zverili \u00e7al\u0131\u015fmalar\u0131ndan dolay\u0131 te\u015fekk\u00fcr eden Ba\u015fkan Y\u0131ld\u0131z, zab\u0131tan\u0131n belediye ile vatanda\u015f aras\u0131nda k\u00f6pr\u00fc g\u00f6revi \u00fcstlendi\u011fini vurgulayarak \u015funlar\u0131 s\u00f6yledi:<\/p>\n<p class=\"v1MsoNormal\">\n<p class=\"v1MsoNormal\">&#8220;Sizler, belediyemizin g\u00f6r\u00fcnen y\u00fcz\u00fcs\u00fcn\u00fcz. Sahada zor ve \u00f6nemli bir vazife y\u00fcr\u00fct\u00fcyorsunuz. Belediye ile vatanda\u015flar\u0131m\u0131z aras\u0131nda k\u00f6pr\u00fc g\u00f6revi g\u00f6r\u00fcyorsunuz. Hepinizin emeklerine sa\u011fl\u0131k. Kentimizin d\u00fczeni, huzuru ve g\u00fcvenli\u011fi i\u00e7in fedak\u00e2rca g\u00f6rev yapan t\u00fcm Zab\u0131ta Te\u015fkilat\u0131&#8217;n\u0131n haftas\u0131n\u0131 kutluyor, \u00e7al\u0131\u015fmalar\u0131nda ba\u015far\u0131lar diliyorum.&#8221;<\/p>\n<p class=\"v1MsoNormal\">\n<p class=\"v1MsoNormal\">Ziyaret s\u0131ras\u0131nda Toroslar Belediyesi Zab\u0131ta M\u00fcd\u00fcr\u00fc Mikail G\u00fcl ise ekibi ad\u0131na Ba\u015fkan Y\u0131ld\u0131z&#8217;a Atat\u00fcrk portresi hediye ederek y\u00fcr\u00fct\u00fclen \u00e7al\u0131\u015fmalar hakk\u0131nda bilgi verdi.<\/p>\n","protected":false},"excerpt":{"rendered":"<p>Toroslar Belediye Ba\u015fkan\u0131 Abdurrahman Y\u0131ld\u0131z, 1-7 Eyl\u00fcl tarihleri aras\u0131nda kutlanan Zab\u0131ta Haftas\u0131 dolay\u0131s\u0131yla belediye zab\u0131ta personelini makam\u0131nda a\u011f\u0131rlad\u0131. Zab\u0131ta Te\u015fkilat\u0131&#8217;n\u0131n 199. kurulu\u015f y\u0131l d\u00f6n\u00fcm\u00fc kapsam\u0131nda ger\u00e7ekle\u015fen ziyarette Ba\u015fkan Y\u0131ld\u0131z, halk\u0131n &hellip; <a href=\"https:\/\/akdenizolaygazetesi.com\/?p=36276\" class=\"more-link\">Devam\u0131n\u0131 Oku&#8230;<\/a><\/p>\n","protected":false},"author":2,"featured_media":36277,"comment_status":"open","ping_status":"open","sticky":false,"template":"","format":"standard","meta":[],"categories":[1,2,3],"tags":[],"_links":{"self":[{"href":"https:\/\/akdenizolaygazetesi.com\/index.php?rest_route=\/wp\/v2\/posts\/36276"}],"collection":[{"href":"https:\/\/akdenizolaygazetesi.com\/index.php?rest_route=\/wp\/v2\/posts"}],"about":[{"href":"https:\/\/akdenizolaygazetesi.com\/index.php?rest_route=\/wp\/v2\/types\/post"}],"author":[{"embeddable":true,"href":"https:\/\/akdenizolaygazetesi.com\/index.php?rest_route=\/wp\/v2\/users\/2"}],"replies":[{"embeddable":true,"href":"https:\/\/akdenizolaygazetesi.com\/index.php?rest_route=%2Fwp%2Fv2%2Fcomments&post=36276"}],"version-history":[{"count":1,"href":"https:\/\/akdenizolaygazetesi.com\/index.php?rest_route=\/wp\/v2\/posts\/36276\/revisions"}],"predecessor-version":[{"id":36278,"href":"https:\/\/akdenizolaygazetesi.com\/index.php?rest_route=\/wp\/v2\/posts\/36276\/revisions\/36278"}],"wp:featuredmedia":[{"embeddable":true,"href":"https:\/\/akdenizolaygazetesi.com\/index.php?rest_route=\/wp\/v2\/media\/36277"}],"wp:attachment":[{"href":"https:\/\/akdenizolaygazetesi.com\/index.php?rest_route=%2Fwp%2Fv2%2Fmedia&parent=36276"}],"wp:term":[{"taxonomy":"category","embeddable":true,"href":"https:\/\/akdenizolaygazetesi.com\/index.php?rest_route=%2Fwp%2Fv2%2Fcategories&post=36276"},{"taxonomy":"post_tag","embeddable":true,"href":"https:\/\/akdenizolaygazetesi.com\/index.php?rest_route=%2Fwp%2Fv2%2Ftags&post=36276"}],"curies":[{"name":"wp","href":"https:\/\/api.w.org\/{rel}","templated":true}]}}