{"id":36289,"date":"2025-09-09T10:44:37","date_gmt":"2025-09-09T07:44:37","guid":{"rendered":"http:\/\/akdenizolaygazetesi.com\/?p=36289"},"modified":"2025-09-09T10:44:37","modified_gmt":"2025-09-09T07:44:37","slug":"mersin-buyuksehir-belediye-meclisinin-eylul-ayi-olagan-toplantisi-1-birlesimi-gerceklesti","status":"publish","type":"post","link":"https:\/\/akdenizolaygazetesi.com\/?p=36289","title":{"rendered":"MERS\u0130N B\u00dcY\u00dcK\u015eEH\u0130R BELED\u0130YE MECL\u0130S\u0130&#8217;N\u0130N EYL\u00dcL AYI OLA\u011eAN TOPLANTISI 1. B\u0130RLE\u015e\u0130M\u0130 GER\u00c7EKLE\u015eT\u0130"},"content":{"rendered":"<p class=\"v1MsoNoSpacing\">Mersin B\u00fcy\u00fck\u015fehir Belediye Meclisi&#8217;nin 2025 y\u0131l\u0131 Eyl\u00fcl Ay\u0131 Ola\u011fan Toplant\u0131s\u0131 1. Birle\u015fimi, Mersin B\u00fcy\u00fck\u015fehir Belediyesi Ba\u015fkan Vekili Ali Uyan ba\u015fkanl\u0131\u011f\u0131nda ger\u00e7ekle\u015ftirildi. Kongre ve Sergi Saray\u0131 \u00c7ok Ama\u00e7l\u0131 Salon&#8217;da d\u00fczenlenen toplant\u0131da, Komisyonlara Havale Edilen 20, Birimlerden Gelen 42 ve G\u00fcndem D\u0131\u015f\u0131 2 madde olmak \u00fczere toplam 64 madde g\u00f6r\u00fc\u015f\u00fcld\u00fc.<\/p>\n<p class=\"v1MsoNoSpacing\">Mersin B\u00fcy\u00fck\u015fehir Belediye Meclisi&#8217;nin 2025 y\u0131l\u0131 Eyl\u00fcl Ay\u0131 Ola\u011fan Toplant\u0131s\u0131 1. Birle\u015fimi, Mersin B\u00fcy\u00fck\u015fehir Belediyesi Ba\u015fkan Vekili Ali Uyan ba\u015fkanl\u0131\u011f\u0131nda ger\u00e7ekle\u015ftirildi. Kongre ve Sergi Saray\u0131 \u00c7ok Ama\u00e7l\u0131 Salon&#8217;da d\u00fczenlenen toplant\u0131da Komisyonlara Havale Edilen 20, Birimlerden Gelen 42 ve G\u00fcndem D\u0131\u015f\u0131 2 madde olmak \u00fczere toplam 64 madde g\u00f6r\u00fc\u015f\u00fcld\u00fc.<\/p>\n<p class=\"v1MsoNoSpacing\">\n<p class=\"v1MsoNoSpacing\"><b>Uyan: &#8220;Yeni e\u011fitim-\u00f6\u011fretim d\u00f6nemini en i\u00e7ten dileklerimle kutluyorum<\/b><\/p>\n<p class=\"v1MsoNoSpacing\">G\u00fcndem d\u0131\u015f\u0131 konu\u015fmalar b\u00f6l\u00fcm\u00fcnde de\u011ferlendirmelere bulunan Ba\u015fkan Vekili Uyan, yeni e\u011fitim-\u00f6\u011fretim y\u0131l\u0131 dolay\u0131s\u0131yla ba\u015far\u0131 dileklerinde bulunarak,\u00a0<b>&#8220;Gelece\u011fimizin teminat\u0131 olan evlatlar\u0131m\u0131z\u0131n ve onlar\u0131 yar\u0131nlara haz\u0131rlayan fedak\u00e2r \u00f6\u011fretmenlerimizin yeni e\u011fitim-\u00f6\u011fretim d\u00f6nemini en i\u00e7ten dileklerimle kutluyorum. 2025-2026 e\u011fitim-\u00f6\u011fretim y\u0131l\u0131n\u0131n \u00e7ocuklar\u0131m\u0131za ba\u015far\u0131, sa\u011fl\u0131k ve huzur getirmesini temenni ediyor; b\u00fct\u00fcn \u00f6\u011fretmen ve velilerimize kolayl\u0131klar diliyorum&#8221;\u00a0<\/b>dedi.<\/p>\n<p class=\"v1MsoNoSpacing\"><b>\u00a0<\/b><\/p>\n<p class=\"v1MsoNoSpacing\"><b>&#8220;\u0130zmir&#8217;de \u015fehit d\u00fc\u015fen polislerimize Allah&#8217;tan rahmet diliyorum&#8221;<\/b><\/p>\n<p class=\"v1MsoNoSpacing\">Uyan, \u0130zmir&#8217;de polis merkezine ger\u00e7ekle\u015fen sald\u0131r\u0131yla ilgili de\u00a0<b>&#8220;\u0130zmir&#8217;in Bal\u00e7ova il\u00e7esinde Polis Merkezi&#8217;ne ger\u00e7ekle\u015ftirilen sald\u0131r\u0131 sonucu \u015fehit d\u00fc\u015fen iki polisimize Allah&#8217;tan rahmet, ailelerine ba\u015f sa\u011fl\u0131\u011f\u0131, yaral\u0131 polislerimize de acil \u015fifalar diliyorum. 3 g\u00fcn \u00f6nce \u015fehit olan Mersin \u00d6zel Harek\u00e2t \u015eube M\u00fcd\u00fcrl\u00fc\u011f\u00fc&#8217;nde g\u00f6revli polis memuru Mustafa Karap\u0131nar&#8217;a da Allah&#8217;tan rahmet, ailesine ba\u015f sa\u011fl\u0131\u011f\u0131 diliyorum&#8221;<\/b>\u00a0diye konu\u015ftu.<\/p>\n<p class=\"v1MsoNoSpacing\">\n<p class=\"v1MsoNoSpacing\">&#8220;<b>\u00dclkemizi gururland\u0131ran A Milli Kad\u0131n Voleybol Tak\u0131m\u0131m\u0131z\u0131 y\u00fcrekten kutluyorum&#8221;<\/b><\/p>\n<p class=\"v1MsoNoSpacing\">Filenin sultanlar\u0131n\u0131 da g\u00f6sterdi\u011fi tarihi ba\u015far\u0131 dolay\u0131s\u0131yla kutlayan Uyan,\u00a0<b>&#8220;2025 Kad\u0131nlar Voleybol D\u00fcnya \u015eampiyonas\u0131&#8217;nda tarihimizde ilk kez final oynayarak d\u00fcnya 2. olan ve \u00fclkemizi gururland\u0131ran A Milli Kad\u0131n Voleybol Tak\u0131m\u0131m\u0131z\u0131 y\u00fcrekten kutluyorum. Ayr\u0131ca FIBA 2025 Avrupa \u015eampiyonas\u0131&#8217;nda \u00e7eyrek finale kalarak bizlere b\u00fcy\u00fck bir gurur ya\u015fatan A Milli Basketbol Tak\u0131m\u0131m\u0131z\u0131 y\u00fcrekten kutluyor, \u00e7eyrek final m\u00fcsabakas\u0131nda ba\u015far\u0131lar diliyorum&#8221;\u00a0<\/b>ifadelerini kulland\u0131.<\/p>\n<p class=\"v1MsoNoSpacing\">\n<p class=\"v1MsoNoSpacing\">Mersin B\u00fcy\u00fck\u015fehir Belediyesi&#8217;nin yurtlar\u0131 i\u00e7in ba\u015fvuru tarihinin uzat\u0131ld\u0131\u011f\u0131n\u0131n bilgisini de payla\u015fan Uyan,\u00a0<b>&#8220;Y\u00fcksek\u00f6\u011frenim \u00f6\u011frenci yurtlar\u0131m\u0131z i\u00e7in son ba\u015fvuru 10 Eyl\u00fcl \u00c7ar\u015famba. Detayl\u0131 bilgiye Alo 185 Teksin \u00c7a\u011fr\u0131 Merkezi&#8217;nden ula\u015fabilirsiniz.<\/b>\u00a0<b>Okullar\u0131n a\u00e7\u0131lmas\u0131 ve \u00fcniversitelerin e\u011fitim-\u00f6\u011fretim d\u00f6nemine ba\u015flamas\u0131yla birlikte hafta i\u00e7i 22M, 23M, 48M, 69M ve 177 numaral\u0131 otob\u00fcs hatlar\u0131m\u0131z Mersin \u00dcniversitesi kamp\u00fcs\u00fc i\u00e7erisine giri\u015f yaparak seferlerine devam edecektir&#8221;<\/b>\u00a0dedi.<\/p>\n<p class=\"v1MsoNoSpacing\">\n<p class=\"v1MsoNoSpacing\"><b>Mersin B\u00fcy\u00fck\u015fehir Belediyesi E\u011fitimde F\u0131rsat E\u015fitli\u011fini s\u00fcrd\u00fcrmeye devam ediyor<\/b><\/p>\n<p class=\"v1MsoNoSpacing\">Mersin B\u00fcy\u00fck\u015fehir Belediyesi her y\u0131l \u00f6\u011frencilere verdi\u011fi deste\u011fi bu senede s\u00fcrd\u00fcr\u00fcyor. Bu kapsamda, \u00d6SYM taraf\u0131ndan yap\u0131lan 2025 Y\u0131l\u0131 Y\u00fcksek\u00f6\u011fretim Kurumlar\u0131 S\u0131nav\u0131nda (A\u00d6F, DGS, YDS ve benzeri hari\u00e7 olmak \u00fczere) T\u00fcrkiye&#8217;de yerle\u015fik devlet \u00fcniversitelerinin b\u00f6l\u00fcmlerini kazananlar ile T\u00fcrkiye ve KKTC&#8217;de yerle\u015fik vak\u0131f \u00fcniversitelerinin b\u00f6l\u00fcmlerini tam burslu (\u015eehit ve Gazi ailelerinin \u00e7ocuklar\u0131n\u0131n bursluluk oran\u0131na bak\u0131lmaks\u0131z\u0131n) kazanan ve anne veya babas\u0131 Mersin&#8217;de ikamet eden \u00f6\u011frencilerin \u00f6d\u00fcllendirilerek \u00fcniversiteyi kazand\u0131klar\u0131 ilk y\u0131l i\u00e7in geri \u00f6demesiz olarak, haz\u0131rl\u0131k s\u0131n\u0131flar\u0131 hari\u00e7 olmak \u00fczere 2 y\u0131ll\u0131k b\u00f6l\u00fcm kazanan \u00f6\u011frencilere 6 bin 750 TL, 4 y\u0131ll\u0131k b\u00f6l\u00fcm kazanan \u00f6\u011frencilere 13 bin 500 TL, 5 y\u0131ll\u0131k b\u00f6l\u00fcm kazanan \u00f6\u011frencilere 16 bin 875 TL ve 6 y\u0131ll\u0131k b\u00f6l\u00fcm kazanan \u00f6\u011frencilere ise 20 bin 250 TL \u00f6\u011frenim yard\u0131m\u0131nda bulunulmas\u0131, \u00f6demelerin bir veya birka\u00e7 defada yap\u0131lmas\u0131 ile ilgili madde oy \u00e7oklu\u011fu ile kabul edildi.<\/p>\n<p class=\"v1MsoNoSpacing\">\n<p class=\"v1MsoNormal\">Meclis Toplant\u0131s\u0131, ilgili maddelerin oylanmas\u0131n\u0131n ard\u0131ndan sona erdi.<\/p>\n<p class=\"v1MsoNoSpacing\">\n","protected":false},"excerpt":{"rendered":"<p>Mersin B\u00fcy\u00fck\u015fehir Belediye Meclisi&#8217;nin 2025 y\u0131l\u0131 Eyl\u00fcl Ay\u0131 Ola\u011fan Toplant\u0131s\u0131 1. Birle\u015fimi, Mersin B\u00fcy\u00fck\u015fehir Belediyesi Ba\u015fkan Vekili Ali Uyan ba\u015fkanl\u0131\u011f\u0131nda ger\u00e7ekle\u015ftirildi. Kongre ve Sergi Saray\u0131 \u00c7ok Ama\u00e7l\u0131 Salon&#8217;da d\u00fczenlenen toplant\u0131da, &hellip; <a href=\"https:\/\/akdenizolaygazetesi.com\/?p=36289\" class=\"more-link\">Devam\u0131n\u0131 Oku&#8230;<\/a><\/p>\n","protected":false},"author":2,"featured_media":36290,"comment_status":"open","ping_status":"open","sticky":false,"template":"","format":"standard","meta":[],"categories":[1,2,3],"tags":[],"_links":{"self":[{"href":"https:\/\/akdenizolaygazetesi.com\/index.php?rest_route=\/wp\/v2\/posts\/36289"}],"collection":[{"href":"https:\/\/akdenizolaygazetesi.com\/index.php?rest_route=\/wp\/v2\/posts"}],"about":[{"href":"https:\/\/akdenizolaygazetesi.com\/index.php?rest_route=\/wp\/v2\/types\/post"}],"author":[{"embeddable":true,"href":"https:\/\/akdenizolaygazetesi.com\/index.php?rest_route=\/wp\/v2\/users\/2"}],"replies":[{"embeddable":true,"href":"https:\/\/akdenizolaygazetesi.com\/index.php?rest_route=%2Fwp%2Fv2%2Fcomments&post=36289"}],"version-history":[{"count":1,"href":"https:\/\/akdenizolaygazetesi.com\/index.php?rest_route=\/wp\/v2\/posts\/36289\/revisions"}],"predecessor-version":[{"id":36291,"href":"https:\/\/akdenizolaygazetesi.com\/index.php?rest_route=\/wp\/v2\/posts\/36289\/revisions\/36291"}],"wp:featuredmedia":[{"embeddable":true,"href":"https:\/\/akdenizolaygazetesi.com\/index.php?rest_route=\/wp\/v2\/media\/36290"}],"wp:attachment":[{"href":"https:\/\/akdenizolaygazetesi.com\/index.php?rest_route=%2Fwp%2Fv2%2Fmedia&parent=36289"}],"wp:term":[{"taxonomy":"category","embeddable":true,"href":"https:\/\/akdenizolaygazetesi.com\/index.php?rest_route=%2Fwp%2Fv2%2Fcategories&post=36289"},{"taxonomy":"post_tag","embeddable":true,"href":"https:\/\/akdenizolaygazetesi.com\/index.php?rest_route=%2Fwp%2Fv2%2Ftags&post=36289"}],"curies":[{"name":"wp","href":"https:\/\/api.w.org\/{rel}","templated":true}]}}