{"id":36314,"date":"2025-09-09T15:58:33","date_gmt":"2025-09-09T12:58:33","guid":{"rendered":"http:\/\/akdenizolaygazetesi.com\/?p=36314"},"modified":"2025-09-09T15:58:33","modified_gmt":"2025-09-09T12:58:33","slug":"yesil-vatan-bilinci-siniflarda-yeseriyor","status":"publish","type":"post","link":"https:\/\/akdenizolaygazetesi.com\/?p=36314","title":{"rendered":"Ye\u015fil Vatan Bilinci S\u0131n\u0131flarda Ye\u015feriyor"},"content":{"rendered":"<p>Tar\u0131m ve Orman Bakanl\u0131\u011f\u0131m\u0131z ile Mill\u00ee E\u011fitim Bakanl\u0131\u011f\u0131 aras\u0131nda imzalanan protokol kapsam\u0131nda 2025\u20132026 e\u011fitim \u00f6\u011fretim y\u0131l\u0131n\u0131n ilk haftas\u0131nda Ye\u015fil Vatan fark\u0131ndal\u0131\u011f\u0131n\u0131 art\u0131rmak amac\u0131yla \u00e7e\u015fitli etkinlikler d\u00fczenlenmeye devam ediyor.<\/p>\n<p>Bu kapsamda Mersin Orman B\u00f6lge M\u00fcd\u00fcrl\u00fc\u011f\u00fcm\u00fcze ba\u011fl\u0131 Anamur Orman \u0130\u015fletme M\u00fcd\u00fcrl\u00fc\u011f\u00fcnce \u00d6zel G\u00fcm\u00fc\u015f Okullar\u0131 \u00f6\u011fretmen ve \u00f6\u011frencilerine fidan da\u011f\u0131t\u0131m\u0131 ger\u00e7ekle\u015ftirildi.<\/p>\n<p>Ger\u00e7ekle\u015ftirilen etkinliklerle \u00e7ocuklar\u0131n k\u00fc\u00e7\u00fck ya\u015fta \u00e7evreye duyarl\u0131l\u0131k kazanmalar\u0131 ve Ye\u015fil Vatan bilincinin s\u0131n\u0131flarda filizlenmesi hedefleniyor<\/p>\n","protected":false},"excerpt":{"rendered":"<p>Tar\u0131m ve Orman Bakanl\u0131\u011f\u0131m\u0131z ile Mill\u00ee E\u011fitim Bakanl\u0131\u011f\u0131 aras\u0131nda imzalanan protokol kapsam\u0131nda 2025\u20132026 e\u011fitim \u00f6\u011fretim y\u0131l\u0131n\u0131n ilk haftas\u0131nda Ye\u015fil Vatan fark\u0131ndal\u0131\u011f\u0131n\u0131 art\u0131rmak amac\u0131yla \u00e7e\u015fitli etkinlikler d\u00fczenlenmeye devam ediyor. Bu kapsamda &hellip; <a href=\"https:\/\/akdenizolaygazetesi.com\/?p=36314\" class=\"more-link\">Devam\u0131n\u0131 Oku&#8230;<\/a><\/p>\n","protected":false},"author":2,"featured_media":36315,"comment_status":"open","ping_status":"open","sticky":false,"template":"","format":"standard","meta":[],"categories":[1,2,3],"tags":[],"_links":{"self":[{"href":"https:\/\/akdenizolaygazetesi.com\/index.php?rest_route=\/wp\/v2\/posts\/36314"}],"collection":[{"href":"https:\/\/akdenizolaygazetesi.com\/index.php?rest_route=\/wp\/v2\/posts"}],"about":[{"href":"https:\/\/akdenizolaygazetesi.com\/index.php?rest_route=\/wp\/v2\/types\/post"}],"author":[{"embeddable":true,"href":"https:\/\/akdenizolaygazetesi.com\/index.php?rest_route=\/wp\/v2\/users\/2"}],"replies":[{"embeddable":true,"href":"https:\/\/akdenizolaygazetesi.com\/index.php?rest_route=%2Fwp%2Fv2%2Fcomments&post=36314"}],"version-history":[{"count":1,"href":"https:\/\/akdenizolaygazetesi.com\/index.php?rest_route=\/wp\/v2\/posts\/36314\/revisions"}],"predecessor-version":[{"id":36316,"href":"https:\/\/akdenizolaygazetesi.com\/index.php?rest_route=\/wp\/v2\/posts\/36314\/revisions\/36316"}],"wp:featuredmedia":[{"embeddable":true,"href":"https:\/\/akdenizolaygazetesi.com\/index.php?rest_route=\/wp\/v2\/media\/36315"}],"wp:attachment":[{"href":"https:\/\/akdenizolaygazetesi.com\/index.php?rest_route=%2Fwp%2Fv2%2Fmedia&parent=36314"}],"wp:term":[{"taxonomy":"category","embeddable":true,"href":"https:\/\/akdenizolaygazetesi.com\/index.php?rest_route=%2Fwp%2Fv2%2Fcategories&post=36314"},{"taxonomy":"post_tag","embeddable":true,"href":"https:\/\/akdenizolaygazetesi.com\/index.php?rest_route=%2Fwp%2Fv2%2Ftags&post=36314"}],"curies":[{"name":"wp","href":"https:\/\/api.w.org\/{rel}","templated":true}]}}