{"id":36320,"date":"2025-09-09T16:02:30","date_gmt":"2025-09-09T13:02:30","guid":{"rendered":"http:\/\/akdenizolaygazetesi.com\/?p=36320"},"modified":"2025-09-09T16:02:30","modified_gmt":"2025-09-09T13:02:30","slug":"akdeniz-zabitasi-yogun-sikayetlere-neden-olan-kus-pazarini-kaldirdi","status":"publish","type":"post","link":"https:\/\/akdenizolaygazetesi.com\/?p=36320","title":{"rendered":"Akdeniz Zab\u0131tas\u0131, Yo\u011fun \u015eikayetlere Neden Olan \u201cKu\u015f Pazar\u0131\u201dn\u0131 Kald\u0131rd\u0131"},"content":{"rendered":"<p>Mersin\u2019in Akdeniz il\u00e7esinde Pazar g\u00fcnleri kurulan ve halk aras\u0131nda \u201cKu\u015f Pazar\u0131\u201d olarak bilinen, \u00e7evre sakinlerinin ve hayvanseverlerin yo\u011fun olarak \u015fikayette bulundu\u011fu kanatl\u0131 hayvan sat\u0131\u015f noktas\u0131, Akdeniz Belediyesi Zab\u0131ta M\u00fcd\u00fcrl\u00fc\u011f\u00fc\u2019n\u00fcn ald\u0131\u011f\u0131 s\u0131k\u0131 tedbirler sonucu tamamen kald\u0131r\u0131ld\u0131.<\/p>\n<p>Ge\u00e7ti\u011fimiz g\u00fcnlerde Fen \u0130\u015fleri M\u00fcd\u00fcrl\u00fc\u011f\u00fc ve \u00c7evre Koruma ve Kontrol M\u00fcd\u00fcrl\u00fc\u011f\u00fc ekipleri, pazar\u0131n kuruldu\u011fu b\u00f6lgede kapsaml\u0131 bir temizlik \u00e7al\u0131\u015fmas\u0131 ger\u00e7ekle\u015ftirdi. Alan\u0131n d\u00fczenlenmesinin ard\u0131ndan sahipsiz kafesler kald\u0131r\u0131ld\u0131, zab\u0131ta ekipleri ise uyar\u0131 afi\u015fleri asarak b\u00f6lgede kanatl\u0131 hayvan sat\u0131\u015f\u0131n\u0131n yasakland\u0131\u011f\u0131n\u0131 duyurdu.<\/p>\n<p>Pazar g\u00fcn\u00fc sabah\u0131n erken saatlerinde harekete ge\u00e7en zab\u0131ta ekipleri, b\u00f6lgede geni\u015f g\u00fcvenlik \u00f6nlemleri alarak pazar\u0131n yeniden kurulmas\u0131na izin vermedi.<\/p>\n<p>Akdeniz Belediyesi Zab\u0131ta M\u00fcd\u00fcr\u00fc Ufuk Sivasl\u0131o\u011flu, kararl\u0131l\u0131k mesaj\u0131 verdi:<\/p>\n<p>\u201cGe\u00e7ti\u011fimiz hafta ger\u00e7ekle\u015ftirdi\u011fimiz \u00e7al\u0131\u015fmalar ile b\u00f6lgemizde \u2018Ku\u015f Pazar\u0131\u2019 olarak bilinen kanatl\u0131 hayvan sat\u0131\u015f alan\u0131n\u0131 kald\u0131rd\u0131k. Bu hafta, bu karar\u0131n s\u00fcreklilik arz etti\u011fini ve takip\u00e7isi olaca\u011f\u0131m\u0131z\u0131 g\u00f6stermek ad\u0131na sabah\u0131n 05.00\u2019inden bu yana ekiplerimiz burada g\u00f6rev ba\u015f\u0131nda. Bundan sonra da bu pazar\u0131n yeniden kurulmas\u0131na kesinlikle izin vermeyece\u011fiz.\u201d<\/p>\n<p>Zab\u0131ta M\u00fcd\u00fcrl\u00fc\u011f\u00fc, yasa\u011fa uymayanlar hakk\u0131nda idari para cezas\u0131 uygulanaca\u011f\u0131n\u0131 duyurdu.<\/p>\n<p>Belediyenin uygulamas\u0131, b\u00f6lge halk\u0131 ve hayvanseverler taraf\u0131ndan memnuniyetle kar\u015f\u0131land\u0131. Vatanda\u015flar, \u00e7evre temizli\u011fi ve hayvanlar\u0131n korunmas\u0131 ad\u0131na al\u0131nan karar\u0131n yerinde oldu\u011funu belirterek belediyeye te\u015fekk\u00fcr etti.<\/p>\n<p><strong>\u00a0<\/strong><\/p>\n<p><strong>\u00a0<\/strong><\/p>\n<p><strong>\u00a0<\/strong><\/p>\n<p><strong>\u00a0<\/strong><\/p>\n<p><strong>\u00a0<\/strong><\/p>\n<p><strong>\u00a0<\/strong><\/p>\n","protected":false},"excerpt":{"rendered":"<p>Mersin\u2019in Akdeniz il\u00e7esinde Pazar g\u00fcnleri kurulan ve halk aras\u0131nda \u201cKu\u015f Pazar\u0131\u201d olarak bilinen, \u00e7evre sakinlerinin ve hayvanseverlerin yo\u011fun olarak \u015fikayette bulundu\u011fu kanatl\u0131 hayvan sat\u0131\u015f noktas\u0131, Akdeniz Belediyesi Zab\u0131ta M\u00fcd\u00fcrl\u00fc\u011f\u00fc\u2019n\u00fcn ald\u0131\u011f\u0131 &hellip; <a href=\"https:\/\/akdenizolaygazetesi.com\/?p=36320\" class=\"more-link\">Devam\u0131n\u0131 Oku&#8230;<\/a><\/p>\n","protected":false},"author":2,"featured_media":36321,"comment_status":"open","ping_status":"open","sticky":false,"template":"","format":"standard","meta":[],"categories":[1,2,3],"tags":[],"_links":{"self":[{"href":"https:\/\/akdenizolaygazetesi.com\/index.php?rest_route=\/wp\/v2\/posts\/36320"}],"collection":[{"href":"https:\/\/akdenizolaygazetesi.com\/index.php?rest_route=\/wp\/v2\/posts"}],"about":[{"href":"https:\/\/akdenizolaygazetesi.com\/index.php?rest_route=\/wp\/v2\/types\/post"}],"author":[{"embeddable":true,"href":"https:\/\/akdenizolaygazetesi.com\/index.php?rest_route=\/wp\/v2\/users\/2"}],"replies":[{"embeddable":true,"href":"https:\/\/akdenizolaygazetesi.com\/index.php?rest_route=%2Fwp%2Fv2%2Fcomments&post=36320"}],"version-history":[{"count":1,"href":"https:\/\/akdenizolaygazetesi.com\/index.php?rest_route=\/wp\/v2\/posts\/36320\/revisions"}],"predecessor-version":[{"id":36322,"href":"https:\/\/akdenizolaygazetesi.com\/index.php?rest_route=\/wp\/v2\/posts\/36320\/revisions\/36322"}],"wp:featuredmedia":[{"embeddable":true,"href":"https:\/\/akdenizolaygazetesi.com\/index.php?rest_route=\/wp\/v2\/media\/36321"}],"wp:attachment":[{"href":"https:\/\/akdenizolaygazetesi.com\/index.php?rest_route=%2Fwp%2Fv2%2Fmedia&parent=36320"}],"wp:term":[{"taxonomy":"category","embeddable":true,"href":"https:\/\/akdenizolaygazetesi.com\/index.php?rest_route=%2Fwp%2Fv2%2Fcategories&post=36320"},{"taxonomy":"post_tag","embeddable":true,"href":"https:\/\/akdenizolaygazetesi.com\/index.php?rest_route=%2Fwp%2Fv2%2Ftags&post=36320"}],"curies":[{"name":"wp","href":"https:\/\/api.w.org\/{rel}","templated":true}]}}