{"id":36333,"date":"2025-09-10T16:21:49","date_gmt":"2025-09-10T13:21:49","guid":{"rendered":"http:\/\/akdenizolaygazetesi.com\/?p=36333"},"modified":"2025-09-10T16:21:49","modified_gmt":"2025-09-10T13:21:49","slug":"erdemli-belediyesinden-ureticilere-32-bin-metre-sulama-borusu-destegi","status":"publish","type":"post","link":"https:\/\/akdenizolaygazetesi.com\/?p=36333","title":{"rendered":"Erdemli Belediyesi&#8217;nden \u00dcreticilere 32 Bin Metre Sulama Borusu Deste\u011fi"},"content":{"rendered":"<p>Erdemli Belediyesi, tar\u0131msal \u00fcretimin s\u00fcrd\u00fcr\u00fclebilirli\u011fini sa\u011flamak ve \u00fcreticilerin verimlili\u011fini art\u0131rmak amac\u0131yla \u00e7al\u0131\u015fmalar\u0131na aral\u0131ks\u0131z devam ediyor. Bu kapsamda, bug\u00fcne kadar \u00fcreticilere 32 bin metre sulama borusu deste\u011fi sa\u011flanarak montajlar\u0131 da belediye ekipleri taraf\u0131ndan ger\u00e7ekle\u015ftirildi.<\/p>\n<p>Tar\u0131msal Hizmetler M\u00fcd\u00fcrl\u00fc\u011f\u00fc&#8217;ne ba\u011fl\u0131 ekipler taraf\u0131ndan y\u00fcr\u00fct\u00fclen \u00e7al\u0131\u015fmalar sayesinde, \u00fcreticilerin sulama altyap\u0131s\u0131 g\u00fc\u00e7lendirilirken, b\u00f6lge tar\u0131m\u0131n\u0131n geli\u015fmesine de \u00f6nemli katk\u0131lar sunuluyor.<\/p>\n<p>G\u00f6reve geldi\u011fi g\u00fcnden bu yana \u00fcreticilerin yan\u0131nda olduklar\u0131n\u0131 ifade eden Erdemli Belediye Ba\u015fkan\u0131 Mustafa Kara, &#8220;Akdeniz&#8217;in bereketli topraklar\u0131 susuz kalmas\u0131n, \u00fcreticimiz \u00fcretmeye devam etsin, y\u00fczler g\u00fcls\u00fcn diye g\u00f6reve geldi\u011fimiz g\u00fcnden bu yana \u00fcreticilerimize destek oluyoruz. Bug\u00fcne kadar \u00e7ift\u00e7ilerimize 32 bin metre sulama borusu ula\u015ft\u0131rd\u0131k ve montajlar\u0131n\u0131 belediye ekiplerimizle birlikte tamamlad\u0131k. \u00d6nceli\u011fimiz, Erdemli&#8217;nin \u00fcreticisini her ko\u015fulda desteklemek ve tar\u0131msal kalk\u0131nmay\u0131 g\u00fc\u00e7lendirmektir. Bu do\u011frultudaki \u00e7al\u0131\u015fmalar\u0131m\u0131z\u0131 kararl\u0131l\u0131kla s\u00fcrd\u00fcr\u00fcyoruz. Erdemli Belediyesi olarak, \u00fcreticilerimizin yan\u0131nda olmaya ve tar\u0131msal \u00fcretimi geli\u015ftirmeye y\u00f6nelik projelerimizi hayata ge\u00e7irmeye devam edece\u011fiz&#8221; diye konu\u015ftu.<\/p>\n","protected":false},"excerpt":{"rendered":"<p>Erdemli Belediyesi, tar\u0131msal \u00fcretimin s\u00fcrd\u00fcr\u00fclebilirli\u011fini sa\u011flamak ve \u00fcreticilerin verimlili\u011fini art\u0131rmak amac\u0131yla \u00e7al\u0131\u015fmalar\u0131na aral\u0131ks\u0131z devam ediyor. Bu kapsamda, bug\u00fcne kadar \u00fcreticilere 32 bin metre sulama borusu deste\u011fi sa\u011flanarak montajlar\u0131 da belediye &hellip; <a href=\"https:\/\/akdenizolaygazetesi.com\/?p=36333\" class=\"more-link\">Devam\u0131n\u0131 Oku&#8230;<\/a><\/p>\n","protected":false},"author":2,"featured_media":36334,"comment_status":"open","ping_status":"open","sticky":false,"template":"","format":"standard","meta":[],"categories":[1,2,3],"tags":[],"_links":{"self":[{"href":"https:\/\/akdenizolaygazetesi.com\/index.php?rest_route=\/wp\/v2\/posts\/36333"}],"collection":[{"href":"https:\/\/akdenizolaygazetesi.com\/index.php?rest_route=\/wp\/v2\/posts"}],"about":[{"href":"https:\/\/akdenizolaygazetesi.com\/index.php?rest_route=\/wp\/v2\/types\/post"}],"author":[{"embeddable":true,"href":"https:\/\/akdenizolaygazetesi.com\/index.php?rest_route=\/wp\/v2\/users\/2"}],"replies":[{"embeddable":true,"href":"https:\/\/akdenizolaygazetesi.com\/index.php?rest_route=%2Fwp%2Fv2%2Fcomments&post=36333"}],"version-history":[{"count":1,"href":"https:\/\/akdenizolaygazetesi.com\/index.php?rest_route=\/wp\/v2\/posts\/36333\/revisions"}],"predecessor-version":[{"id":36335,"href":"https:\/\/akdenizolaygazetesi.com\/index.php?rest_route=\/wp\/v2\/posts\/36333\/revisions\/36335"}],"wp:featuredmedia":[{"embeddable":true,"href":"https:\/\/akdenizolaygazetesi.com\/index.php?rest_route=\/wp\/v2\/media\/36334"}],"wp:attachment":[{"href":"https:\/\/akdenizolaygazetesi.com\/index.php?rest_route=%2Fwp%2Fv2%2Fmedia&parent=36333"}],"wp:term":[{"taxonomy":"category","embeddable":true,"href":"https:\/\/akdenizolaygazetesi.com\/index.php?rest_route=%2Fwp%2Fv2%2Fcategories&post=36333"},{"taxonomy":"post_tag","embeddable":true,"href":"https:\/\/akdenizolaygazetesi.com\/index.php?rest_route=%2Fwp%2Fv2%2Ftags&post=36333"}],"curies":[{"name":"wp","href":"https:\/\/api.w.org\/{rel}","templated":true}]}}