{"id":36352,"date":"2025-09-11T16:17:08","date_gmt":"2025-09-11T13:17:08","guid":{"rendered":"http:\/\/akdenizolaygazetesi.com\/?p=36352"},"modified":"2025-09-11T16:17:08","modified_gmt":"2025-09-11T13:17:08","slug":"ilkogretim-haftasi-kapsaminda-mudurlugumuz-bahcesinde-bahcemiz-cicek-aciyor-etkinligi-gerceklestirildi","status":"publish","type":"post","link":"https:\/\/akdenizolaygazetesi.com\/?p=36352","title":{"rendered":"\u0130LK\u00d6\u011eRET\u0130M HAFTASI KAPSAMINDA M\u00dcD\u00dcRL\u00dc\u011e\u00dcM\u00dcZ BAH\u00c7ES\u0130NDE &#8220;BAH\u00c7EM\u0130Z \u00c7\u0130\u00c7EK A\u00c7IYOR&#8221; ETK\u0130NL\u0130\u011e\u0130 GER\u00c7EKLE\u015eT\u0130R\u0130LD\u0130"},"content":{"rendered":"<p>\u0130l Milli E\u011fitim M\u00fcd\u00fcrl\u00fc\u011f\u00fcm\u00fcz, yeni e\u011fitim-\u00f6\u011fretim y\u0131l\u0131na ba\u015flayan \u00f6\u011frencilerimizi do\u011fayla i\u00e7 i\u00e7e bir etkinlikle kar\u015f\u0131lad\u0131. \u0130lk\u00f6\u011fretim Haftas\u0131, &#8220;\u0130lk Ders Ye\u015fil Vatan&#8221; temas\u0131 ve T\u00fcrkiye Y\u00fczy\u0131l\u0131 Maarif Modeli kapsam\u0131nda d\u00fczenlenen etkinlikte, Erdemli Hac\u0131 \u00d6mer Serin \u0130lkokulu 3. s\u0131n\u0131f \u00f6\u011frencilerimiz hem e\u011flendi hem de \u00f6\u011frendi.<\/p>\n<p>M\u00fcd\u00fcrl\u00fc\u011f\u00fcm\u00fcz bah\u00e7esinde ger\u00e7ekle\u015fen etkinlikte 36 \u00f6\u011frencimiz, \u00f6\u011fretmenleri e\u015fli\u011finde \u00e7e\u015fitli at\u00f6lye \u00e7al\u0131\u015fmalar\u0131na kat\u0131ld\u0131.<\/p>\n<p>\u00c7ocuklar\u0131n merak ve ke\u015fif duygusunu geli\u015ftirmeyi ama\u00e7layan etkinlik; Oyun ve Drama At\u00f6lyesi, Ritim At\u00f6lyesi, Masal At\u00f6lyesi ve Ebru At\u00f6lyeleriyle \u00f6\u011frencilere unutulmaz anlar ya\u015fatt\u0131.<\/p>\n<p>Etkinlikte, b\u00fct\u00fcnc\u00fcl geli\u015fimlerini desteklemek amac\u0131yla \u00f6\u011frencilere tasarruf ve \u00e7evre bilinci verildi. T\u00fcrkiye Y\u00fczy\u0131l\u0131 Maarif Modeli&#8217;nin tasarruf temas\u0131 kapsam\u0131nda \u00f6\u011frencilere kumbaralar da\u011f\u0131t\u0131larak birikim yapman\u0131n \u00f6nemi anlat\u0131ld\u0131.<\/p>\n<p>&#8216;\u0130lk Ders Ye\u015fil Vatan&#8217; temas\u0131 kapsam\u0131nda ise \u00f6\u011frencilere tohum ve \u00e7am fidan\u0131 da\u011f\u0131t\u0131m\u0131 yap\u0131ld\u0131.<\/p>\n<p>Etkinli\u011fin sonunda \u00f6\u011frencilere \u00e7e\u015fitli ikraml\u0131klar sunuldu. \u0130lk\u00f6\u011fretim Haftas\u0131n\u0131 ne\u015fe i\u00e7inde kutlayan \u00e7ocuklar, etkinlikten duyduklar\u0131 memnuniyeti dile getirdi.<\/p>\n<p>Etkinli\u011fe \u0130l Mill\u00ee E\u011fitim M\u00fcd\u00fcr Vekili Fatih Bur\u011fut, E\u011fitim M\u00fcfetti\u015fleri Ba\u015fkan\u0131 Sel\u00e7uk Ye\u015fil, E\u011fitim M\u00fcfetti\u015fleri Ba\u015fkan Yard\u0131mc\u0131s\u0131 Asuman Konuk, \u0130l Mill\u00ee E\u011fitim M\u00fcd\u00fcr Yard\u0131mc\u0131s\u0131 Baykal Ba\u015fdemir, \u0130l Mill\u00ee E\u011fitim \u015eube M\u00fcd\u00fcr\u00fc \u00c7a\u011fatay \u00c7etin, \u00f6\u011fretmenler ve \u00f6\u011frenciler kat\u0131ld\u0131.<\/p>\n","protected":false},"excerpt":{"rendered":"<p>\u0130l Milli E\u011fitim M\u00fcd\u00fcrl\u00fc\u011f\u00fcm\u00fcz, yeni e\u011fitim-\u00f6\u011fretim y\u0131l\u0131na ba\u015flayan \u00f6\u011frencilerimizi do\u011fayla i\u00e7 i\u00e7e bir etkinlikle kar\u015f\u0131lad\u0131. \u0130lk\u00f6\u011fretim Haftas\u0131, &#8220;\u0130lk Ders Ye\u015fil Vatan&#8221; temas\u0131 ve T\u00fcrkiye Y\u00fczy\u0131l\u0131 Maarif Modeli kapsam\u0131nda d\u00fczenlenen etkinlikte, &hellip; <a href=\"https:\/\/akdenizolaygazetesi.com\/?p=36352\" class=\"more-link\">Devam\u0131n\u0131 Oku&#8230;<\/a><\/p>\n","protected":false},"author":2,"featured_media":36353,"comment_status":"open","ping_status":"open","sticky":false,"template":"","format":"standard","meta":[],"categories":[1,2,3],"tags":[],"_links":{"self":[{"href":"https:\/\/akdenizolaygazetesi.com\/index.php?rest_route=\/wp\/v2\/posts\/36352"}],"collection":[{"href":"https:\/\/akdenizolaygazetesi.com\/index.php?rest_route=\/wp\/v2\/posts"}],"about":[{"href":"https:\/\/akdenizolaygazetesi.com\/index.php?rest_route=\/wp\/v2\/types\/post"}],"author":[{"embeddable":true,"href":"https:\/\/akdenizolaygazetesi.com\/index.php?rest_route=\/wp\/v2\/users\/2"}],"replies":[{"embeddable":true,"href":"https:\/\/akdenizolaygazetesi.com\/index.php?rest_route=%2Fwp%2Fv2%2Fcomments&post=36352"}],"version-history":[{"count":1,"href":"https:\/\/akdenizolaygazetesi.com\/index.php?rest_route=\/wp\/v2\/posts\/36352\/revisions"}],"predecessor-version":[{"id":36354,"href":"https:\/\/akdenizolaygazetesi.com\/index.php?rest_route=\/wp\/v2\/posts\/36352\/revisions\/36354"}],"wp:featuredmedia":[{"embeddable":true,"href":"https:\/\/akdenizolaygazetesi.com\/index.php?rest_route=\/wp\/v2\/media\/36353"}],"wp:attachment":[{"href":"https:\/\/akdenizolaygazetesi.com\/index.php?rest_route=%2Fwp%2Fv2%2Fmedia&parent=36352"}],"wp:term":[{"taxonomy":"category","embeddable":true,"href":"https:\/\/akdenizolaygazetesi.com\/index.php?rest_route=%2Fwp%2Fv2%2Fcategories&post=36352"},{"taxonomy":"post_tag","embeddable":true,"href":"https:\/\/akdenizolaygazetesi.com\/index.php?rest_route=%2Fwp%2Fv2%2Ftags&post=36352"}],"curies":[{"name":"wp","href":"https:\/\/api.w.org\/{rel}","templated":true}]}}