{"id":36358,"date":"2025-09-11T16:20:34","date_gmt":"2025-09-11T13:20:34","guid":{"rendered":"http:\/\/akdenizolaygazetesi.com\/?p=36358"},"modified":"2025-09-11T16:20:34","modified_gmt":"2025-09-11T13:20:34","slug":"devletin-kasasi-bos-gozler-koprulerde-tarihin-en-buyuk-ozellestirmesi-gundemde","status":"publish","type":"post","link":"https:\/\/akdenizolaygazetesi.com\/?p=36358","title":{"rendered":"DEVLET\u0130N KASASI BO\u015e, G\u00d6ZLER K\u00d6PR\u00dcLERDE! TAR\u0130H\u0130N EN B\u00dcY\u00dcK \u00d6ZELLE\u015eT\u0130RMES\u0130 G\u00dcNDEMDE"},"content":{"rendered":"<h3><strong>&#8220;Vatanda\u015f\u0131n vergisiyle yap\u0131lan stratejik yat\u0131r\u0131mlar, b\u00fct\u00e7e a\u00e7\u0131\u011f\u0131n\u0131 kapatmak i\u00e7in yanda\u015f \u015firketlere ve yabanc\u0131 fonlara pazarlanamaz!&#8221;<\/strong><\/h3>\n<p>CHP Mersin Milletvekili ve TBMM\u00a0<strong>Bay\u0131nd\u0131rl\u0131k, \u0130mar, Ula\u015ft\u0131rma ve Turizm Komisyonu \u00dcyesi G\u00fclcan K\u0131\u015f<\/strong>, h\u00fck\u00fcmetin 15 Temmuz \u015eehitler K\u00f6pr\u00fcs\u00fc, Fatih Sultan Mehmet K\u00f6pr\u00fcs\u00fc ve dokuz otoyolu kapsayan \u00f6zelle\u015ftirme plan\u0131na\u00a0<strong>sert tepki g\u00f6sterdi<\/strong>.<\/p>\n<p>AKP iktidar\u0131, T\u00fcrkiye tarihinin\u00a0<strong>en b\u00fcy\u00fck \u00f6zelle\u015ftirme anla\u015fmalar\u0131ndan birine<\/strong>\u00a0haz\u0131rlan\u0131yor. G\u00fclcan K\u0131\u015f&#8217;a g\u00f6re bu ad\u0131m,\u00a0<strong>&#8220;sadece bir finansal hamle de\u011fil, halk\u0131n gelece\u011finin ipotek alt\u0131na al\u0131nmas\u0131&#8221;<\/strong>\u00a0anlam\u0131na geliyor.<\/p>\n<h2><strong>\u00a0<\/strong><\/h2>\n<h2><strong>&#8220;K\u00f6pr\u00fcler, Otoyollar, Halk\u0131n Gelece\u011fi Pazarl\u0131k Masas\u0131nda&#8221;<\/strong><\/h2>\n<p>CHP&#8217;li G\u00fclcan K\u0131\u015f, \u00f6zelle\u015ftirme plan\u0131n\u0131n kamu yarar\u0131yla ba\u011fda\u015fmad\u0131\u011f\u0131n\u0131 vurgulayarak \u015funlar\u0131 s\u00f6yledi:<\/p>\n<p>&#8220;Her g\u00fcn y\u00fcz binlerce arac\u0131n ge\u00e7ti\u011fi k\u00f6pr\u00fcler, milyarlarca lira harcanarak vatanda\u015f\u0131n vergileriyle yap\u0131ld\u0131. Bug\u00fcn bu yat\u0131r\u0131mlar\u0131 yanda\u015f \u015firketlere ve yabanc\u0131 fonlara satma haz\u0131rl\u0131\u011f\u0131, halk\u0131n gelece\u011fini ipotek alt\u0131na almakt\u0131r.\u00a0<strong>Stratejik yat\u0131r\u0131mlar pazarl\u0131k konusu yap\u0131lamaz!<\/strong>&#8221;<\/p>\n<h2><strong>\u00a0<\/strong><\/h2>\n<h2><strong>&#8220;2012&#8217;de &#8216;\u0130hanet&#8217;ti, 2025&#8217;te Zorunluluk mu Oldu?&#8221;<\/strong><\/h2>\n<p>G\u00fclcan K\u0131\u015f, d\u00f6nemin Ba\u015fbakan\u0131 Erdo\u011fan&#8217;\u0131n 2012&#8217;deki iptal edilen ihaleye ili\u015fkin s\u00f6zlerini hat\u0131rlatt\u0131:<\/p>\n<p>&#8220;Erdo\u011fan o zaman &#8216;7 milyar dolar\u0131n alt\u0131ndaki sat\u0131\u015f ihanettir&#8217; diyordu. Bug\u00fcn, ayn\u0131 k\u00f6pr\u00fcleri \u00e7ok daha d\u00fc\u015f\u00fck bedellerle elden \u00e7\u0131karmaya \u00e7al\u0131\u015f\u0131yorlar. Neden? \u00c7\u00fcnk\u00fc yanl\u0131\u015f ekonomi politikalar\u0131yla \u00fclkeyi bor\u00e7 bata\u011f\u0131na s\u00fcr\u00fcklediler ve \u015fimdi faturay\u0131 milletin s\u0131rt\u0131na y\u00fcklemeye \u00e7al\u0131\u015f\u0131yorlar.&#8221;<\/p>\n<h2><strong>\u00a0<\/strong><\/h2>\n<h2><strong>&#8220;\u00d6zelle\u015ftirmenin Bedelini Halk \u00d6deyecek&#8221;<\/strong><\/h2>\n<p>CHP Mersin Milletvekili G\u00fclcan K\u0131\u015f, planlanan \u00f6zelle\u015ftirmenin do\u011frudan vatanda\u015f\u0131n cebini hedef ald\u0131\u011f\u0131n\u0131 belirterek uyard\u0131:<\/p>\n<p>\u00b7\u00a0\u00a0\u00a0\u00a0\u00a0\u00a0\u00a0<strong>Ge\u00e7i\u015f \u00fccretleri katlanacak<\/strong>\u00a0\u2192 \u00d6zel \u015firketler k\u00e2r maksimizasyonu g\u00fcdecek, fiyatlar h\u0131zla y\u00fckselecek.<\/p>\n<p>\u00b7\u00a0\u00a0\u00a0\u00a0\u00a0\u00a0\u00a0<strong>Kamu kontrol\u00fc zay\u0131flayacak<\/strong>\u00a0\u2192 Devletin fiyat d\u00fczenleme yetkisi, uzun vadeli imtiyaz s\u00f6zle\u015fmeleriyle fiilen ortadan kalkacak.<\/p>\n<p>\u00b7\u00a0\u00a0\u00a0\u00a0\u00a0\u00a0\u00a0<strong>Gelir garantileri kamuya y\u00fck olacak<\/strong>\u00a0\u2192 Kullan\u0131lmayan yollar\u0131n bedeli bile halk\u0131n vergileriyle \u00f6denecek.<\/p>\n<p>\u00b7\u00a0\u00a0\u00a0\u00a0\u00a0\u00a0\u00a0<strong>B\u00fct\u00e7eye katk\u0131 ge\u00e7ici kalacak<\/strong>\u00a0\u2192 Bug\u00fcn elde edilen gelir, yar\u0131n\u0131n bor\u00e7lar\u0131n\u0131 katlayacak.<\/p>\n<h2><strong>\u00a0<\/strong><\/h2>\n<h2><strong>&#8220;D\u00fcnya \u00d6rnekleri \u0130ktidar\u0131 Uyar\u0131yor&#8221;<\/strong><\/h2>\n<p>G\u00fclcan K\u0131\u015f, \u00f6zelle\u015ftirme politikalar\u0131n\u0131n d\u00fcnyadaki ba\u015far\u0131s\u0131z sonu\u00e7lar\u0131n\u0131 hat\u0131rlatt\u0131:<\/p>\n<p>\u00b7\u00a0\u00a0\u00a0\u00a0\u00a0\u00a0\u00a0<strong>Fransa<\/strong>\u00a0\u2192 Vinci ve Eiffage&#8217;a devredilen otoyollarda \u00fccretler katland\u0131; h\u00fck\u00fcmet s\u00f6zle\u015fmeleri geri almak i\u00e7in yollar ar\u0131yor.<\/p>\n<p>\u00b7\u00a0\u00a0\u00a0\u00a0\u00a0\u00a0\u00a0<strong>\u0130spanya<\/strong>\u00a0\u2192 Trafik beklentileri tutmad\u0131, \u015firketler iflas etti, devlet milyarlarca euro \u00f6deyerek otoyollar\u0131 geri devrald\u0131.<\/p>\n<p>\u00b7\u00a0\u00a0\u00a0\u00a0\u00a0\u00a0\u00a0<strong>ABD &amp; Kanada<\/strong>\u00a0\u2192 Chicago Skyway ve 407 ETR \u00f6zelle\u015ftirmeleri, y\u00fcksek fiyat\u2013d\u00fc\u015f\u00fck hizmet k\u0131s\u0131r d\u00f6ng\u00fcs\u00fcn\u00fc yaratt\u0131, kamu yeni bor\u00e7 y\u00fckleriyle kar\u015f\u0131 kar\u015f\u0131ya kald\u0131.<\/p>\n<h2><strong>\u00a0<\/strong><\/h2>\n<h2><strong>&#8220;CHP Halk\u0131n Mal\u0131n\u0131 Koruyacak&#8221;<\/strong><\/h2>\n<p>G\u00fclcan K\u0131\u015f, CHP&#8217;nin bu \u00f6zelle\u015ftirme giri\u015fimine kar\u015f\u0131 hem TBMM&#8217;de hem de kamuoyu nezdinde kararl\u0131 bir m\u00fccadele y\u00fcr\u00fctece\u011fini belirtti:<\/p>\n<p>&#8220;Bug\u00fcn sat\u0131lmak istenen sadece k\u00f6pr\u00fcler de\u011fil; sat\u0131lmak istenen halk\u0131n gelece\u011fi, \u00fclkenin stratejik g\u00fcvenli\u011fi ve milletin al\u0131n teriyle yap\u0131lan yat\u0131r\u0131mlar. CHP olarak bu ya\u011fmaya izin vermeyece\u011fiz. Halk\u0131n mal\u0131n\u0131, halk\u0131n cebini, kamunun hakk\u0131n\u0131 sonuna kadar savunaca\u011f\u0131z.&#8221;<\/p>\n","protected":false},"excerpt":{"rendered":"<p>&#8220;Vatanda\u015f\u0131n vergisiyle yap\u0131lan stratejik yat\u0131r\u0131mlar, b\u00fct\u00e7e a\u00e7\u0131\u011f\u0131n\u0131 kapatmak i\u00e7in yanda\u015f \u015firketlere ve yabanc\u0131 fonlara pazarlanamaz!&#8221; CHP Mersin Milletvekili ve TBMM\u00a0Bay\u0131nd\u0131rl\u0131k, \u0130mar, Ula\u015ft\u0131rma ve Turizm Komisyonu \u00dcyesi G\u00fclcan K\u0131\u015f, h\u00fck\u00fcmetin 15 &hellip; <a href=\"https:\/\/akdenizolaygazetesi.com\/?p=36358\" class=\"more-link\">Devam\u0131n\u0131 Oku&#8230;<\/a><\/p>\n","protected":false},"author":2,"featured_media":36359,"comment_status":"open","ping_status":"open","sticky":false,"template":"","format":"standard","meta":[],"categories":[1,2,3],"tags":[],"_links":{"self":[{"href":"https:\/\/akdenizolaygazetesi.com\/index.php?rest_route=\/wp\/v2\/posts\/36358"}],"collection":[{"href":"https:\/\/akdenizolaygazetesi.com\/index.php?rest_route=\/wp\/v2\/posts"}],"about":[{"href":"https:\/\/akdenizolaygazetesi.com\/index.php?rest_route=\/wp\/v2\/types\/post"}],"author":[{"embeddable":true,"href":"https:\/\/akdenizolaygazetesi.com\/index.php?rest_route=\/wp\/v2\/users\/2"}],"replies":[{"embeddable":true,"href":"https:\/\/akdenizolaygazetesi.com\/index.php?rest_route=%2Fwp%2Fv2%2Fcomments&post=36358"}],"version-history":[{"count":1,"href":"https:\/\/akdenizolaygazetesi.com\/index.php?rest_route=\/wp\/v2\/posts\/36358\/revisions"}],"predecessor-version":[{"id":36360,"href":"https:\/\/akdenizolaygazetesi.com\/index.php?rest_route=\/wp\/v2\/posts\/36358\/revisions\/36360"}],"wp:featuredmedia":[{"embeddable":true,"href":"https:\/\/akdenizolaygazetesi.com\/index.php?rest_route=\/wp\/v2\/media\/36359"}],"wp:attachment":[{"href":"https:\/\/akdenizolaygazetesi.com\/index.php?rest_route=%2Fwp%2Fv2%2Fmedia&parent=36358"}],"wp:term":[{"taxonomy":"category","embeddable":true,"href":"https:\/\/akdenizolaygazetesi.com\/index.php?rest_route=%2Fwp%2Fv2%2Fcategories&post=36358"},{"taxonomy":"post_tag","embeddable":true,"href":"https:\/\/akdenizolaygazetesi.com\/index.php?rest_route=%2Fwp%2Fv2%2Ftags&post=36358"}],"curies":[{"name":"wp","href":"https:\/\/api.w.org\/{rel}","templated":true}]}}