{"id":36367,"date":"2025-09-11T16:24:27","date_gmt":"2025-09-11T13:24:27","guid":{"rendered":"http:\/\/akdenizolaygazetesi.com\/?p=36367"},"modified":"2025-09-11T16:24:27","modified_gmt":"2025-09-11T13:24:27","slug":"valimiz-sayin-atilla-torosun-esi-dudu-irem-toros-hanimefendi-sehit-jandarma-uzman-cavus-atanur-balin-kiymetli-ailesini-ziyaret-etti","status":"publish","type":"post","link":"https:\/\/akdenizolaygazetesi.com\/?p=36367","title":{"rendered":"VAL\u0130M\u0130Z SAYIN AT\u0130LLA TOROS\u2019UN E\u015e\u0130 DUDU \u0130REM TOROS HANIMEFEND\u0130, \u015eEH\u0130T JANDARMA UZMAN \u00c7AVU\u015e ATANUR BAL\u2019IN KIYMETL\u0130 A\u0130LES\u0130N\u0130 Z\u0130YARET ETT\u0130"},"content":{"rendered":"<div>Valimiz Say\u0131n Atilla Toros\u2019un e\u015fi Dudu \u0130rem Toros Han\u0131mefendi, 2012 y\u0131l\u0131nda Hakk\u00e2ri\u2019de \u015fehit d\u00fc\u015fen Jandarma Uzman \u00c7avu\u015f Atanur Bal\u2019\u0131n Anamur\u2019da ya\u015fayan k\u0131ymetli ailesini ziyaret etti.<\/div>\n<div>\n\u015eehidimizin anne ve babas\u0131yla samimi bir ortamda bir araya gelen Han\u0131mefendi, devletimizin ve milletimizin her daim \u015fehitlerimizin emanetlerinin yan\u0131nda oldu\u011funu ifade etti. \u015eehidimizin fedak\u00e2rl\u0131\u011f\u0131, ailesinin sabr\u0131 ve vakar\u0131, ziyaretin en duygulu anlar\u0131n\u0131 olu\u015fturdu.<br \/>\nZiyarette Han\u0131mefendi\u2019ye, Anamur Kaymakam\u0131 Kemal Duru\u2019nun e\u015fi Z\u00fcleyha Duru ve \u0130l Jandarma Komutan\u0131 Tu\u011fgeneral Ercan Atasoy\u2019un e\u015fi \u00dcnzile Atasoy da e\u015flik etti.<\/div>\n<div>\nVatan\u0131m\u0131z\u0131n b\u00f6l\u00fcnmez b\u00fct\u00fcnl\u00fc\u011f\u00fc ve milletimizin huzuru u\u011fruna can\u0131n\u0131 feda eden aziz \u015fehidimiz J. Uzm. \u00c7v\u015f. Atanur Bal\u2019\u0131 rahmet ve minnetle an\u0131yor; bu topraklar\u0131 canlar\u0131yla vatan k\u0131lan t\u00fcm \u015fehitlerimizi h\u00fcrmetle y\u00e2d ediyor, k\u0131ymetli ailelerine sab\u0131r, sa\u011fl\u0131k ve esenlik diliyoruz.<\/div>\n<div><\/div>\n","protected":false},"excerpt":{"rendered":"<p>Valimiz Say\u0131n Atilla Toros\u2019un e\u015fi Dudu \u0130rem Toros Han\u0131mefendi, 2012 y\u0131l\u0131nda Hakk\u00e2ri\u2019de \u015fehit d\u00fc\u015fen Jandarma Uzman \u00c7avu\u015f Atanur Bal\u2019\u0131n Anamur\u2019da ya\u015fayan k\u0131ymetli ailesini ziyaret etti. \u015eehidimizin anne ve babas\u0131yla samimi &hellip; <a href=\"https:\/\/akdenizolaygazetesi.com\/?p=36367\" class=\"more-link\">Devam\u0131n\u0131 Oku&#8230;<\/a><\/p>\n","protected":false},"author":2,"featured_media":36368,"comment_status":"open","ping_status":"open","sticky":false,"template":"","format":"standard","meta":[],"categories":[1,2,3],"tags":[],"_links":{"self":[{"href":"https:\/\/akdenizolaygazetesi.com\/index.php?rest_route=\/wp\/v2\/posts\/36367"}],"collection":[{"href":"https:\/\/akdenizolaygazetesi.com\/index.php?rest_route=\/wp\/v2\/posts"}],"about":[{"href":"https:\/\/akdenizolaygazetesi.com\/index.php?rest_route=\/wp\/v2\/types\/post"}],"author":[{"embeddable":true,"href":"https:\/\/akdenizolaygazetesi.com\/index.php?rest_route=\/wp\/v2\/users\/2"}],"replies":[{"embeddable":true,"href":"https:\/\/akdenizolaygazetesi.com\/index.php?rest_route=%2Fwp%2Fv2%2Fcomments&post=36367"}],"version-history":[{"count":1,"href":"https:\/\/akdenizolaygazetesi.com\/index.php?rest_route=\/wp\/v2\/posts\/36367\/revisions"}],"predecessor-version":[{"id":36369,"href":"https:\/\/akdenizolaygazetesi.com\/index.php?rest_route=\/wp\/v2\/posts\/36367\/revisions\/36369"}],"wp:featuredmedia":[{"embeddable":true,"href":"https:\/\/akdenizolaygazetesi.com\/index.php?rest_route=\/wp\/v2\/media\/36368"}],"wp:attachment":[{"href":"https:\/\/akdenizolaygazetesi.com\/index.php?rest_route=%2Fwp%2Fv2%2Fmedia&parent=36367"}],"wp:term":[{"taxonomy":"category","embeddable":true,"href":"https:\/\/akdenizolaygazetesi.com\/index.php?rest_route=%2Fwp%2Fv2%2Fcategories&post=36367"},{"taxonomy":"post_tag","embeddable":true,"href":"https:\/\/akdenizolaygazetesi.com\/index.php?rest_route=%2Fwp%2Fv2%2Ftags&post=36367"}],"curies":[{"name":"wp","href":"https:\/\/api.w.org\/{rel}","templated":true}]}}