{"id":36370,"date":"2025-09-11T16:25:30","date_gmt":"2025-09-11T13:25:30","guid":{"rendered":"http:\/\/akdenizolaygazetesi.com\/?p=36370"},"modified":"2025-09-11T16:25:30","modified_gmt":"2025-09-11T13:25:30","slug":"valimiz-sayin-atilla-toros-toroslar-ilcesi-demirtas-mahallesinde-bulunan-yumuktepe-hoyugu-kazi-alanini-ziyaret-etti","status":"publish","type":"post","link":"https:\/\/akdenizolaygazetesi.com\/?p=36370","title":{"rendered":"VAL\u0130M\u0130Z SAYIN AT\u0130LLA TOROS, TOROSLAR \u0130L\u00c7ES\u0130 DEM\u0130RTA\u015e MAHALLES\u0130\u2019NDE BULUNAN YUMUKTEPE H\u00d6Y\u00dc\u011e\u00dc KAZI ALANINI Z\u0130YARET ETT\u0130"},"content":{"rendered":"<p>Valimiz Say\u0131n Atilla Toros, Toroslar il\u00e7esi Demirta\u015f Mahallesi\u2019nde bulunan Yumuktepe H\u00f6y\u00fc\u011f\u00fc kaz\u0131 alan\u0131n\u0131 ziyaret etti.<\/p>\n<p>Mersin ve \u00e7evresinin 9 bin y\u0131ll\u0131k tarihine tan\u0131kl\u0131k eden kaz\u0131 alan\u0131nda incelemelerde bulunan Vali Atilla Toros, Neolitik D\u00f6nem&#8217;den g\u00fcn\u00fcm\u00fcze kadar kesintisiz yerle\u015fim g\u00f6rm\u00fc\u015f olan b\u00f6lgede devam eden arkeolojik \u00e7al\u0131\u015fmalarla ilgili bilgi ald\u0131.<\/p>\n<p>\ud83d\udccdYumuktepe H\u00f6y\u00fc\u011f\u00fc;<\/p>\n<p>\ud83d\udc49Eski \u00e7a\u011flardaki ismi Pitura olan h\u00f6y\u00fck, 300 m \u00e7ap\u0131nda olup \u00fcst \u00fcste y\u0131\u011f\u0131lm\u0131\u015f 23 metrelik arkeolojik kal\u0131nt\u0131 tabakas\u0131ndan olu\u015fmaktad\u0131r.<\/p>\n<p>\ud83d\udc49Yumuktepe, Kilikya&#8217;n\u0131n en b\u00fcy\u00fck h\u00f6y\u00fcklerinden biri olup Do\u011fu Akdeniz&#8217;de g\u00fcn \u0131\u015f\u0131\u011f\u0131na \u00e7\u0131kar\u0131lan ilk Neolitik yerle\u015fimler aras\u0131ndad\u0131r.<\/p>\n<p>\ud83d\udc49Botanik incelemeler, Kafkasya ve Yunanistan\u2019daki bir iki Neolitik yerle\u015fim yerinde bulunan bir bu\u011fday t\u00fcr\u00fcn\u00fcn ilk \u0131slah merkezinin Yumuktepe oldu\u011funu kan\u0131tlam\u0131\u015ft\u0131r.<\/p>\n<p>\ud83d\udc49Arkeobotanik analizler ise zeytinin ana vatan\u0131n\u0131n bu b\u00f6lge oldu\u011fuyla ilgili \u00f6nemli bulgular vermi\u015ftir.<\/p>\n","protected":false},"excerpt":{"rendered":"<p>Valimiz Say\u0131n Atilla Toros, Toroslar il\u00e7esi Demirta\u015f Mahallesi\u2019nde bulunan Yumuktepe H\u00f6y\u00fc\u011f\u00fc kaz\u0131 alan\u0131n\u0131 ziyaret etti. Mersin ve \u00e7evresinin 9 bin y\u0131ll\u0131k tarihine tan\u0131kl\u0131k eden kaz\u0131 alan\u0131nda incelemelerde bulunan Vali Atilla &hellip; <a href=\"https:\/\/akdenizolaygazetesi.com\/?p=36370\" class=\"more-link\">Devam\u0131n\u0131 Oku&#8230;<\/a><\/p>\n","protected":false},"author":2,"featured_media":36371,"comment_status":"open","ping_status":"open","sticky":false,"template":"","format":"standard","meta":[],"categories":[1,2,3],"tags":[],"_links":{"self":[{"href":"https:\/\/akdenizolaygazetesi.com\/index.php?rest_route=\/wp\/v2\/posts\/36370"}],"collection":[{"href":"https:\/\/akdenizolaygazetesi.com\/index.php?rest_route=\/wp\/v2\/posts"}],"about":[{"href":"https:\/\/akdenizolaygazetesi.com\/index.php?rest_route=\/wp\/v2\/types\/post"}],"author":[{"embeddable":true,"href":"https:\/\/akdenizolaygazetesi.com\/index.php?rest_route=\/wp\/v2\/users\/2"}],"replies":[{"embeddable":true,"href":"https:\/\/akdenizolaygazetesi.com\/index.php?rest_route=%2Fwp%2Fv2%2Fcomments&post=36370"}],"version-history":[{"count":1,"href":"https:\/\/akdenizolaygazetesi.com\/index.php?rest_route=\/wp\/v2\/posts\/36370\/revisions"}],"predecessor-version":[{"id":36372,"href":"https:\/\/akdenizolaygazetesi.com\/index.php?rest_route=\/wp\/v2\/posts\/36370\/revisions\/36372"}],"wp:featuredmedia":[{"embeddable":true,"href":"https:\/\/akdenizolaygazetesi.com\/index.php?rest_route=\/wp\/v2\/media\/36371"}],"wp:attachment":[{"href":"https:\/\/akdenizolaygazetesi.com\/index.php?rest_route=%2Fwp%2Fv2%2Fmedia&parent=36370"}],"wp:term":[{"taxonomy":"category","embeddable":true,"href":"https:\/\/akdenizolaygazetesi.com\/index.php?rest_route=%2Fwp%2Fv2%2Fcategories&post=36370"},{"taxonomy":"post_tag","embeddable":true,"href":"https:\/\/akdenizolaygazetesi.com\/index.php?rest_route=%2Fwp%2Fv2%2Ftags&post=36370"}],"curies":[{"name":"wp","href":"https:\/\/api.w.org\/{rel}","templated":true}]}}