{"id":36395,"date":"2025-09-12T16:24:47","date_gmt":"2025-09-12T13:24:47","guid":{"rendered":"http:\/\/akdenizolaygazetesi.com\/?p=36395"},"modified":"2025-09-12T16:24:47","modified_gmt":"2025-09-12T13:24:47","slug":"baskan-abdullah-ozyigit-minik-cevreci-aras-kayretli-ile-bulustu","status":"publish","type":"post","link":"https:\/\/akdenizolaygazetesi.com\/?p=36395","title":{"rendered":"Ba\u015fkan Abdullah \u00d6zyi\u011fit, minik \u00e7evreci Aras Kayretli ile bulu\u015ftu"},"content":{"rendered":"<p>Mersin Yeni\u015fehir Belediye Ba\u015fkan\u0131 Abdullah \u00d6zyi\u011fit, sosyal medyada &#8220;Takip\u00e7im kadar \u00e7\u00f6p topluyorum&#8221; diyerek kampanya ba\u015flatan 11 ya\u015f\u0131ndaki Aras Kayretli ile bir araya geldi. Ba\u015fkan \u00d6zyi\u011fit, duyarl\u0131l\u0131\u011f\u0131 nedeniyle tebrik etti\u011fi Aras\u2019a Yeni\u015fehirlilerin at\u0131klardan gelir elde edebildi\u011fi Yeni\u015fehir \u00c7evreci Halk Kart\u2019\u0131 verdi ve i\u015f birli\u011fi yapacaklar\u0131n\u0131 s\u00f6yledi.<\/p>\n<p>K\u00fc\u00e7\u00fck ya\u015f\u0131na ra\u011fmen do\u011fay\u0131 korumak i\u00e7in ya\u015f\u0131tlar\u0131na ve takip\u00e7ilerine ilham veren Aras Kayretli, a\u00e7t\u0131\u011f\u0131 sosyal medya hesab\u0131nda her takip\u00e7isi i\u00e7in bir \u00e7\u00f6p toplayaca\u011f\u0131n\u0131 duyurarak kampanya ba\u015flatm\u0131\u015ft\u0131. K\u0131sa s\u00fcrede y\u00fcz binlerce takip\u00e7iye ula\u015fan Aras, toplad\u0131\u011f\u0131 \u00e7\u00f6plerle hem \u00e7evre temizli\u011fine katk\u0131 sa\u011flad\u0131 hem de geni\u015f kitlelerin dikkatini \u00e7ekmeyi ba\u015fard\u0131. \u00c7evre duyarl\u0131l\u0131\u011f\u0131yla \u00f6rnek olan Aras, bu kez Mersin Yeni\u015fehir Belediye Ba\u015fkan\u0131 Abdullah \u00d6zyi\u011fit ile bulu\u015ftu.<\/p>\n<p>Ba\u015fkan Abdullah \u00d6zyi\u011fit, Aras\u2019\u0131n bu \u00f6rnek davran\u0131\u015f\u0131n\u0131n takdirle kar\u015f\u0131land\u0131\u011f\u0131n\u0131 belirterek, <strong>\u201cAras\u2019\u0131 duyarl\u0131l\u0131\u011f\u0131ndan dolay\u0131 tebrik ediyorum. At\u0131k y\u00f6netimi ve s\u0131f\u0131r at\u0131\u011fa giden yolda bu \u00e7abalar \u00e7ok k\u0131ymetli. \u00c7ocuklar\u0131m\u0131z\u0131n bu bilince erken ya\u015flarda varmalar\u0131 \u00e7ok \u00f6nemli.\u201d <\/strong>dedi.<\/p>\n<p>Yeni\u015fehir Belediyesinin \u00e7evre dostu projeleri hakk\u0131nda bilgi veren Ba\u015fkan \u00d6zyi\u011fit, \u00f6zellikle Yeni\u015fehir \u00c7evreci Halk Kart uygulamas\u0131n\u0131n T\u00fcrkiye\u2019de \u00f6rnek g\u00f6sterilen bir \u00e7al\u0131\u015fma oldu\u011funu vurgulad\u0131. \u00d6zyi\u011fit, <strong>\u201cTalep eden t\u00fcm vatanda\u015flar\u0131m\u0131za bu kart\u0131 veriyoruz. Hem\u015fehrilerimizin evlerinde ayr\u0131\u015ft\u0131rarak, biriktirdi\u011fi at\u0131klar ekiplerimiz taraf\u0131ndan t\u00fcrlerine g\u00f6re tart\u0131larak toplan\u0131yor ve kurdu\u011fumuz at\u0131k toplama tesisimize getiriliyor. Toplanan at\u0131klar\u0131n kar\u015f\u0131l\u0131\u011f\u0131nda kartlara TL y\u00fcklemesi yap\u0131yoruz. Vatanda\u015flar\u0131m\u0131z bu bakiyeleri al\u0131\u015fveri\u015flerinde kullanabiliyor. B\u00f6ylece hem aile b\u00fct\u00e7esine katk\u0131 sa\u011fl\u0131yoruz, hem \u00e7evreyi koruyoruz, hem de bu alanda istihdam yarat\u0131yoruz.\u201d<\/strong> ifadelerini kulland\u0131.<\/p>\n<p>Aras Kayretli ise \u00e7evreyi korumak i\u00e7in \u00e7abalar\u0131n\u0131 s\u00fcrd\u00fcrece\u011fini belirterek, <strong>\u201cAmac\u0131m hem \u00e7evremizi temiz tutmak hem de insanlara k\u00fc\u00e7\u00fck ya\u015fta da b\u00fcy\u00fck \u015feyler yap\u0131labilece\u011fini g\u00f6stermek.\u201d<\/strong> dedi.<\/p>\n<p>&nbsp;<\/p>\n<p>&nbsp;<\/p>\n","protected":false},"excerpt":{"rendered":"<p>Mersin Yeni\u015fehir Belediye Ba\u015fkan\u0131 Abdullah \u00d6zyi\u011fit, sosyal medyada &#8220;Takip\u00e7im kadar \u00e7\u00f6p topluyorum&#8221; diyerek kampanya ba\u015flatan 11 ya\u015f\u0131ndaki Aras Kayretli ile bir araya geldi. Ba\u015fkan \u00d6zyi\u011fit, duyarl\u0131l\u0131\u011f\u0131 nedeniyle tebrik etti\u011fi Aras\u2019a &hellip; <a href=\"https:\/\/akdenizolaygazetesi.com\/?p=36395\" class=\"more-link\">Devam\u0131n\u0131 Oku&#8230;<\/a><\/p>\n","protected":false},"author":2,"featured_media":36396,"comment_status":"open","ping_status":"open","sticky":false,"template":"","format":"standard","meta":[],"categories":[1,2,3],"tags":[],"_links":{"self":[{"href":"https:\/\/akdenizolaygazetesi.com\/index.php?rest_route=\/wp\/v2\/posts\/36395"}],"collection":[{"href":"https:\/\/akdenizolaygazetesi.com\/index.php?rest_route=\/wp\/v2\/posts"}],"about":[{"href":"https:\/\/akdenizolaygazetesi.com\/index.php?rest_route=\/wp\/v2\/types\/post"}],"author":[{"embeddable":true,"href":"https:\/\/akdenizolaygazetesi.com\/index.php?rest_route=\/wp\/v2\/users\/2"}],"replies":[{"embeddable":true,"href":"https:\/\/akdenizolaygazetesi.com\/index.php?rest_route=%2Fwp%2Fv2%2Fcomments&post=36395"}],"version-history":[{"count":1,"href":"https:\/\/akdenizolaygazetesi.com\/index.php?rest_route=\/wp\/v2\/posts\/36395\/revisions"}],"predecessor-version":[{"id":36397,"href":"https:\/\/akdenizolaygazetesi.com\/index.php?rest_route=\/wp\/v2\/posts\/36395\/revisions\/36397"}],"wp:featuredmedia":[{"embeddable":true,"href":"https:\/\/akdenizolaygazetesi.com\/index.php?rest_route=\/wp\/v2\/media\/36396"}],"wp:attachment":[{"href":"https:\/\/akdenizolaygazetesi.com\/index.php?rest_route=%2Fwp%2Fv2%2Fmedia&parent=36395"}],"wp:term":[{"taxonomy":"category","embeddable":true,"href":"https:\/\/akdenizolaygazetesi.com\/index.php?rest_route=%2Fwp%2Fv2%2Fcategories&post=36395"},{"taxonomy":"post_tag","embeddable":true,"href":"https:\/\/akdenizolaygazetesi.com\/index.php?rest_route=%2Fwp%2Fv2%2Ftags&post=36395"}],"curies":[{"name":"wp","href":"https:\/\/api.w.org\/{rel}","templated":true}]}}