{"id":36398,"date":"2025-09-12T16:27:48","date_gmt":"2025-09-12T13:27:48","guid":{"rendered":"http:\/\/akdenizolaygazetesi.com\/?p=36398"},"modified":"2025-09-12T16:27:48","modified_gmt":"2025-09-12T13:27:48","slug":"gelecegimizin-teminati-cocuklarimizla-ormanlarimiz-icin-el-ele","status":"publish","type":"post","link":"https:\/\/akdenizolaygazetesi.com\/?p=36398","title":{"rendered":"Gelece\u011fimizin Teminat\u0131 \u00c7ocuklar\u0131m\u0131zla Ormanlar\u0131m\u0131z \u0130\u00e7in El Ele"},"content":{"rendered":"<p>Mersin Orman B\u00f6lge M\u00fcd\u00fcrl\u00fc\u011f\u00fcm\u00fcze ba\u011fl\u0131 Bozyaz\u0131 Orman \u0130\u015fletme M\u00fcd\u00fcrl\u00fc\u011f\u00fcnce, \u00e7evre bilincini art\u0131rmak ve orman sevgisini k\u00fc\u00e7\u00fck ya\u015flarda a\u015f\u0131lamak amac\u0131yla ilkokul ve ortaokul \u00f6\u011frencilerimizle birlikte \u00e7\u00f6p toplama etkinli\u011fi ger\u00e7ekle\u015ftirildi.<\/p>\n<p>&nbsp;<\/p>\n<p>Atat\u00fcrk Ortaokulu, Cumhuriyet \u0130lkokulu, \u015eehit Murat Namdar Ortaokulu, \u015eehit Turan K\u0131l\u0131\u00e7 \u0130lkokulu, K\u00f6kobas\u0131 \u0130lk ve Ortaokulu \u00f6\u011fretmen ve \u00f6\u011frencilerinin yan\u0131 s\u0131ra \u0130l\u00e7e Emniyet M\u00fcd\u00fcrl\u00fc\u011f\u00fc personelinin de kat\u0131l\u0131m\u0131yla ger\u00e7ekle\u015ftirilen etkinlikte, do\u011fay\u0131 koruman\u0131n ve temiz tutman\u0131n \u00f6nemi vurguland\u0131.<\/p>\n<p>&nbsp;<\/p>\n<p>Gelecek nesillere daha ye\u015fil, daha temiz ve daha ya\u015fanabilir ormanlar b\u0131rakmak i\u00e7in \u00e7al\u0131\u015fmalar\u0131m\u0131z\u0131 s\u00fcrd\u00fcr\u00fcyoruz.<\/p>\n<p>&nbsp;<\/p>\n","protected":false},"excerpt":{"rendered":"<p>Mersin Orman B\u00f6lge M\u00fcd\u00fcrl\u00fc\u011f\u00fcm\u00fcze ba\u011fl\u0131 Bozyaz\u0131 Orman \u0130\u015fletme M\u00fcd\u00fcrl\u00fc\u011f\u00fcnce, \u00e7evre bilincini art\u0131rmak ve orman sevgisini k\u00fc\u00e7\u00fck ya\u015flarda a\u015f\u0131lamak amac\u0131yla ilkokul ve ortaokul \u00f6\u011frencilerimizle birlikte \u00e7\u00f6p toplama etkinli\u011fi ger\u00e7ekle\u015ftirildi. &nbsp; Atat\u00fcrk &hellip; <a href=\"https:\/\/akdenizolaygazetesi.com\/?p=36398\" class=\"more-link\">Devam\u0131n\u0131 Oku&#8230;<\/a><\/p>\n","protected":false},"author":2,"featured_media":36399,"comment_status":"open","ping_status":"open","sticky":false,"template":"","format":"standard","meta":[],"categories":[1,2,3],"tags":[],"_links":{"self":[{"href":"https:\/\/akdenizolaygazetesi.com\/index.php?rest_route=\/wp\/v2\/posts\/36398"}],"collection":[{"href":"https:\/\/akdenizolaygazetesi.com\/index.php?rest_route=\/wp\/v2\/posts"}],"about":[{"href":"https:\/\/akdenizolaygazetesi.com\/index.php?rest_route=\/wp\/v2\/types\/post"}],"author":[{"embeddable":true,"href":"https:\/\/akdenizolaygazetesi.com\/index.php?rest_route=\/wp\/v2\/users\/2"}],"replies":[{"embeddable":true,"href":"https:\/\/akdenizolaygazetesi.com\/index.php?rest_route=%2Fwp%2Fv2%2Fcomments&post=36398"}],"version-history":[{"count":1,"href":"https:\/\/akdenizolaygazetesi.com\/index.php?rest_route=\/wp\/v2\/posts\/36398\/revisions"}],"predecessor-version":[{"id":36400,"href":"https:\/\/akdenizolaygazetesi.com\/index.php?rest_route=\/wp\/v2\/posts\/36398\/revisions\/36400"}],"wp:featuredmedia":[{"embeddable":true,"href":"https:\/\/akdenizolaygazetesi.com\/index.php?rest_route=\/wp\/v2\/media\/36399"}],"wp:attachment":[{"href":"https:\/\/akdenizolaygazetesi.com\/index.php?rest_route=%2Fwp%2Fv2%2Fmedia&parent=36398"}],"wp:term":[{"taxonomy":"category","embeddable":true,"href":"https:\/\/akdenizolaygazetesi.com\/index.php?rest_route=%2Fwp%2Fv2%2Fcategories&post=36398"},{"taxonomy":"post_tag","embeddable":true,"href":"https:\/\/akdenizolaygazetesi.com\/index.php?rest_route=%2Fwp%2Fv2%2Ftags&post=36398"}],"curies":[{"name":"wp","href":"https:\/\/api.w.org\/{rel}","templated":true}]}}