{"id":36445,"date":"2025-09-17T16:08:56","date_gmt":"2025-09-17T13:08:56","guid":{"rendered":"http:\/\/akdenizolaygazetesi.com\/?p=36445"},"modified":"2025-09-17T16:08:56","modified_gmt":"2025-09-17T13:08:56","slug":"toroslarda-hareketli-etkinlik","status":"publish","type":"post","link":"https:\/\/akdenizolaygazetesi.com\/?p=36445","title":{"rendered":"TOROSLAR&#8217;DA HAREKETL\u0130 ETK\u0130NL\u0130K"},"content":{"rendered":"<p class=\"v1MsoNormal\">16-22 Eyl\u00fcl tarihleri aras\u0131nda d\u00fcnyan\u0131n bir\u00e7ok kentinde e\u015f zamanl\u0131 olarak kutlanan Avrupa Hareketlilik Haftas\u0131 kapsam\u0131nda Toroslar il\u00e7esinde de y\u00fcr\u00fcy\u00fc\u015f etkinli\u011fi d\u00fczenlendi.<\/p>\n<p class=\"v1MsoNormal\">\n<p class=\"v1MsoNormal\">Her sabah Toroslar&#8217;\u0131n farkl\u0131 bir noktas\u0131nda sabah y\u00fcr\u00fcy\u00fc\u015f\u00fc ger\u00e7ekle\u015ftiren Toroslar Belediye Ba\u015fkan\u0131 Abdurrahman Y\u0131ld\u0131z da bu kez Avrupa Hareketlilik Haftas\u0131&#8217;nda d\u00fczenlenen y\u00fcr\u00fcy\u00fc\u015f etkinli\u011fine kat\u0131larak, hareketin bir par\u00e7as\u0131 oldu.<\/p>\n<p class=\"v1MsoNormal\">\n<p class=\"v1MsoNormal\">Mersin B\u00fcy\u00fck\u015fehir Belediyesi taraf\u0131ndan &#8220;Sen de hareketin bir par\u00e7as\u0131 ol&#8221; slogan\u0131yla 68&#8217;liler Bar\u0131\u015f Orman\u0131&#8217;nda organize edilen etkinli\u011fe Ba\u015fkan Y\u0131ld\u0131z&#8217;\u0131n yan\u0131 s\u0131ra belediye meclis \u00fcyeleri, sivil toplum kurulu\u015fu temsilcileri, mahalle muhtarlar\u0131 ve vatanda\u015flar da e\u015flik etti.<\/p>\n<p class=\"v1MsoNormal\">\n<p class=\"v1MsoNormal\">Sporseverlerle birlikte orman parkurunda y\u00fcr\u00fcyen Ba\u015fkan Y\u0131ld\u0131z, Avrupa Hareketlilik Haftas\u0131&#8217;n\u0131n temel amac\u0131n\u0131n, kentlerde s\u00fcrd\u00fcr\u00fclebilir ula\u015f\u0131m\u0131 g\u00fc\u00e7lendirmek, \u00e7evre dostu ula\u015f\u0131m ara\u00e7lar\u0131n\u0131 te\u015fvik etmek ve sa\u011fl\u0131kl\u0131 ya\u015fam al\u0131\u015fkanl\u0131klar\u0131n\u0131 yayg\u0131nla\u015ft\u0131rmak oldu\u011funu s\u00f6yledi.<\/p>\n<p class=\"v1MsoNormal\">\n<p class=\"v1MsoNormal\">Ba\u015fkan Y\u0131ld\u0131z, sa\u011fl\u0131kl\u0131 ve dinamik bir ya\u015fam i\u00e7in sporun \u00f6nemine de\u011finerek, &#8220;Bu kapsamda do\u011fa y\u00fcr\u00fcy\u00fc\u015flerimiz ve benzeri etkinliklerimiz devam edecek. Her ya\u015ftan vatanda\u015f\u0131m\u0131z\u0131 hareket etmeye, spor yapmaya ve sa\u011fl\u0131kl\u0131 ya\u015fam\u0131n bir par\u00e7as\u0131 olmaya davet ediyorum&#8221; ifadelerini kulland\u0131.<\/p>\n","protected":false},"excerpt":{"rendered":"<p>16-22 Eyl\u00fcl tarihleri aras\u0131nda d\u00fcnyan\u0131n bir\u00e7ok kentinde e\u015f zamanl\u0131 olarak kutlanan Avrupa Hareketlilik Haftas\u0131 kapsam\u0131nda Toroslar il\u00e7esinde de y\u00fcr\u00fcy\u00fc\u015f etkinli\u011fi d\u00fczenlendi. Her sabah Toroslar&#8217;\u0131n farkl\u0131 bir noktas\u0131nda sabah y\u00fcr\u00fcy\u00fc\u015f\u00fc ger\u00e7ekle\u015ftiren &hellip; <a href=\"https:\/\/akdenizolaygazetesi.com\/?p=36445\" class=\"more-link\">Devam\u0131n\u0131 Oku&#8230;<\/a><\/p>\n","protected":false},"author":2,"featured_media":36446,"comment_status":"open","ping_status":"open","sticky":false,"template":"","format":"standard","meta":[],"categories":[1,2,3],"tags":[],"_links":{"self":[{"href":"https:\/\/akdenizolaygazetesi.com\/index.php?rest_route=\/wp\/v2\/posts\/36445"}],"collection":[{"href":"https:\/\/akdenizolaygazetesi.com\/index.php?rest_route=\/wp\/v2\/posts"}],"about":[{"href":"https:\/\/akdenizolaygazetesi.com\/index.php?rest_route=\/wp\/v2\/types\/post"}],"author":[{"embeddable":true,"href":"https:\/\/akdenizolaygazetesi.com\/index.php?rest_route=\/wp\/v2\/users\/2"}],"replies":[{"embeddable":true,"href":"https:\/\/akdenizolaygazetesi.com\/index.php?rest_route=%2Fwp%2Fv2%2Fcomments&post=36445"}],"version-history":[{"count":1,"href":"https:\/\/akdenizolaygazetesi.com\/index.php?rest_route=\/wp\/v2\/posts\/36445\/revisions"}],"predecessor-version":[{"id":36447,"href":"https:\/\/akdenizolaygazetesi.com\/index.php?rest_route=\/wp\/v2\/posts\/36445\/revisions\/36447"}],"wp:featuredmedia":[{"embeddable":true,"href":"https:\/\/akdenizolaygazetesi.com\/index.php?rest_route=\/wp\/v2\/media\/36446"}],"wp:attachment":[{"href":"https:\/\/akdenizolaygazetesi.com\/index.php?rest_route=%2Fwp%2Fv2%2Fmedia&parent=36445"}],"wp:term":[{"taxonomy":"category","embeddable":true,"href":"https:\/\/akdenizolaygazetesi.com\/index.php?rest_route=%2Fwp%2Fv2%2Fcategories&post=36445"},{"taxonomy":"post_tag","embeddable":true,"href":"https:\/\/akdenizolaygazetesi.com\/index.php?rest_route=%2Fwp%2Fv2%2Ftags&post=36445"}],"curies":[{"name":"wp","href":"https:\/\/api.w.org\/{rel}","templated":true}]}}