{"id":36463,"date":"2025-09-19T12:58:15","date_gmt":"2025-09-19T09:58:15","guid":{"rendered":"http:\/\/akdenizolaygazetesi.com\/?p=36463"},"modified":"2025-09-19T12:58:15","modified_gmt":"2025-09-19T09:58:15","slug":"valimiz-sayin-atilla-toros-konyada-gorevi-basindayken-sehit-olan-piyade-uzman-cavus-huseyin-gunay-icin-duzenlenen-cenaze-torenine-katildi","status":"publish","type":"post","link":"https:\/\/akdenizolaygazetesi.com\/?p=36463","title":{"rendered":"VAL\u0130M\u0130Z SAYIN AT\u0130LLA TOROS, KONYA&#8217;DA G\u00d6REV\u0130 BA\u015eINDAYKEN \u015eEH\u0130T OLAN P\u0130YADE UZMAN \u00c7AVU\u015e H\u00dcSEY\u0130N G\u00dcNAY \u0130\u00c7\u0130N D\u00dcZENLENEN CENAZE T\u00d6REN\u0130NE KATILDI"},"content":{"rendered":"<div>Valimiz Say\u0131n Atilla Toros, Konya&#8217;da g\u00f6revi ba\u015f\u0131ndayken ge\u00e7irdi\u011fi kalp krizi sonucu \u015fehit olan Piyade Uzman \u00c7avu\u015f H\u00fcseyin G\u00fcnay i\u00e7in d\u00fczenlenen cenaze t\u00f6renine kat\u0131ld\u0131.<\/div>\n<div>\nErdemli il\u00e7esi Merkez Ulu Camii&#8217;nde ikindi namaz\u0131na m\u00fcteakip k\u0131l\u0131nan cenaze namaz\u0131n\u0131n ard\u0131ndan \u015eehidimiz, Limonlu Mezarl\u0131\u011f\u0131&#8217;nda dualar e\u015fli\u011finde topra\u011fa verildi.<\/div>\n<div>\nVali Atilla Toros, \u015eehit Piyade Uzman \u00c7avu\u015f H\u00fcseyin G\u00fcnay\u2019a Allah\u2019tan rahmet; ailesine, yak\u0131nlar\u0131na ve aziz milletimize ba\u015fsa\u011fl\u0131\u011f\u0131 dile\u011finde bulundu.<\/div>\n<div>\n\u015eehidimizin mek\u00e2n\u0131 cennet makam\u0131 \u00e2li olsun. \ud83c\uddf9\ud83c\uddf7<\/div>\n","protected":false},"excerpt":{"rendered":"<p>Valimiz Say\u0131n Atilla Toros, Konya&#8217;da g\u00f6revi ba\u015f\u0131ndayken ge\u00e7irdi\u011fi kalp krizi sonucu \u015fehit olan Piyade Uzman \u00c7avu\u015f H\u00fcseyin G\u00fcnay i\u00e7in d\u00fczenlenen cenaze t\u00f6renine kat\u0131ld\u0131. Erdemli il\u00e7esi Merkez Ulu Camii&#8217;nde ikindi namaz\u0131na &hellip; <a href=\"https:\/\/akdenizolaygazetesi.com\/?p=36463\" class=\"more-link\">Devam\u0131n\u0131 Oku&#8230;<\/a><\/p>\n","protected":false},"author":2,"featured_media":36464,"comment_status":"open","ping_status":"open","sticky":false,"template":"","format":"standard","meta":[],"categories":[1,2,3],"tags":[],"_links":{"self":[{"href":"https:\/\/akdenizolaygazetesi.com\/index.php?rest_route=\/wp\/v2\/posts\/36463"}],"collection":[{"href":"https:\/\/akdenizolaygazetesi.com\/index.php?rest_route=\/wp\/v2\/posts"}],"about":[{"href":"https:\/\/akdenizolaygazetesi.com\/index.php?rest_route=\/wp\/v2\/types\/post"}],"author":[{"embeddable":true,"href":"https:\/\/akdenizolaygazetesi.com\/index.php?rest_route=\/wp\/v2\/users\/2"}],"replies":[{"embeddable":true,"href":"https:\/\/akdenizolaygazetesi.com\/index.php?rest_route=%2Fwp%2Fv2%2Fcomments&post=36463"}],"version-history":[{"count":1,"href":"https:\/\/akdenizolaygazetesi.com\/index.php?rest_route=\/wp\/v2\/posts\/36463\/revisions"}],"predecessor-version":[{"id":36465,"href":"https:\/\/akdenizolaygazetesi.com\/index.php?rest_route=\/wp\/v2\/posts\/36463\/revisions\/36465"}],"wp:featuredmedia":[{"embeddable":true,"href":"https:\/\/akdenizolaygazetesi.com\/index.php?rest_route=\/wp\/v2\/media\/36464"}],"wp:attachment":[{"href":"https:\/\/akdenizolaygazetesi.com\/index.php?rest_route=%2Fwp%2Fv2%2Fmedia&parent=36463"}],"wp:term":[{"taxonomy":"category","embeddable":true,"href":"https:\/\/akdenizolaygazetesi.com\/index.php?rest_route=%2Fwp%2Fv2%2Fcategories&post=36463"},{"taxonomy":"post_tag","embeddable":true,"href":"https:\/\/akdenizolaygazetesi.com\/index.php?rest_route=%2Fwp%2Fv2%2Ftags&post=36463"}],"curies":[{"name":"wp","href":"https:\/\/api.w.org\/{rel}","templated":true}]}}