{"id":36488,"date":"2025-09-22T15:53:12","date_gmt":"2025-09-22T12:53:12","guid":{"rendered":"http:\/\/akdenizolaygazetesi.com\/?p=36488"},"modified":"2025-09-22T15:53:12","modified_gmt":"2025-09-22T12:53:12","slug":"mersin-devlet-opera-ve-balesi-yeni-sanat-sezonuna-perdelerini-aciyor","status":"publish","type":"post","link":"https:\/\/akdenizolaygazetesi.com\/?p=36488","title":{"rendered":"\u201cMersin Devlet Opera Ve Balesi Yeni Sanat Sezonuna Perdelerini A\u00e7\u0131yor\u201d"},"content":{"rendered":"<p>Mersin Devlet Opera ve Balesi, 2025\u20132026 sanat sezonunu 2 Ekim Per\u015fembe ak\u015fam\u0131 saat 20.00\u2019da \u201cSezon A\u00e7\u0131l\u0131\u015f Konseri\u201d ile yeni sezona co\u015fkulu bir merhaba diyecek.<\/p>\n<p>Orkestra \u015fefli\u011fini Andrea Francesco Solinas\u2019\u0131n \u00fcstlendi\u011fi \u201cA\u00e7\u0131l\u0131\u015f Konseri\u201dnin solist sanat\u00e7\u0131lar\u0131; Simge B\u00fcy\u00fckedes, Sevin\u00e7 Demira\u011f, B\u00fclent Bezd\u00fcz, Alper G\u00f6\u00e7eri ve Hasan Berk\u2019e sahnede Mersin DOB koro, bale ve orkestra sanat\u00e7\u0131lar\u0131 e\u015flik edecek .<\/p>\n<p>Yeni sezonda opera sahnesi, m\u00fczi\u011fin, dans\u0131n ve operan\u0131n en se\u00e7kin \u00f6rneklerinin b\u00fcy\u00fcs\u00fcyle dolacak. Ekim ay\u0131 boyunca; Romeo ve J\u00fcliet (Bale), Akdeniz \u015eark\u0131lar\u0131 (Konser), olan Lucia di Lammermoor (Opera-Pr\u00f6miyer), M\u00fcze Konserleri, \u00e7ocuklara \u00f6zel Kuklac\u0131 (M\u00fczikli \u00c7ocuk Oyunu) ve Cumhuriyet Bayram\u0131 Konseri \u00f6ne \u00e7\u0131kan eserlerden.<\/p>\n<p>Sezon boyunca sahnede m\u00fczi\u011fin, dans\u0131n, a\u015fk\u0131n ve tutkunun evrensel hik\u00e2yelerini b\u00fcy\u00fcleyici bir atmosferle sahneye ta\u015f\u0131yacak olan Mersin DOB program\u0131nda; Romeo ve J\u00fcliet (Bale), Gaetano Donizetti\u2019nin ba\u015fyap\u0131t\u0131 olan Lucia Di Lammermoor (Opera) pr\u00f6miyer ile sezona damgas\u0131n\u0131 vuracak. Cyrano De Bergerac (Bale),\u00a0 La Vida Breve (Opera), Cad\u0131n\u0131n A\u015fk\u0131 (Koreografik Opera),\u00a0 Ku\u015flar (M\u00fczikal), \u00c7\u00f6pl\u00fck Kral\u0131 ve \u0130cat\u00e7\u0131 (\u00c7ocuk M\u00fczikali) yer alacak. Kentin k\u00fclt\u00fcrel miras\u0131n\u0131 sanata ev sahipli\u011fi yapan mek\u00e2nlarla bulu\u015fturan \u00fccretsiz M\u00fcze Konserleri yine her ay sezon boyunca devam edecek.<\/p>\n<p>Mersin Devlet Opera ve Balesi, sadece yerle\u015fik sahnesinde de\u011fil T\u00fcrkiye\u2019nin d\u00f6rt bir yan\u0131nda sanat\u0131n iyile\u015ftirici ve birle\u015ftirici g\u00fcc\u00fcyle sanatseverleri bu b\u00fcy\u00fcl\u00fc yolculu\u011fa kat\u0131lmaya davet ediyor.<\/p>\n<p>Anadolu Opera ve Bale Festivali kapsam\u0131nda, 27 Eyl\u00fcl 2025 Cumartesi g\u00fcn\u00fc saat 20:00 \u2018de Ni\u011fde Belediyesi Haz\u0131m Tepeyran K\u00fclt\u00fcr Merkezi\u2019nde \u201cYerelden Evrensele A\u015fk Ezgileri\u201d konserini sahneleyecek.<\/p>\n<p>Bir Anadolu Festivali kapsam\u0131nda,28 Eyl\u00fcl 2025 Pazar g\u00fcn\u00fc saat 20:00\u2019de Bitlis Eren \u00dcniversitesi Otopark Alan\u0131\u2019nda \u201cSeslerin Karde\u015fli\u011fi Bitlis Konseri\u201d sahnelenecek.<\/p>\n<p>Mardin K\u00fclt\u00fcr Yolu Festivali kapsam\u0131nda,18 Ekim 2025 Cumartesi saat 20:00 \u2018da \u201cYerelden Evrensele A\u015fk Ezgileri\u201d konseri Artuklu \u00dcniversitesi Atat\u00fcrk K\u00fclt\u00fcr Merkezi Vali K\u0131l\u0131\u00e7lar Salonunda izleyici ile bulu\u015facak. 19 Ekim 2025 Pazar g\u00fcn\u00fc saat 13:00 ve 16:00\u2019da da ayn\u0131 salonda \u201cKuklac\u0131\u201d adl\u0131 \u00e7ocuk m\u00fczikali ile sanatsever miniklerimizle ile bulu\u015facak.<\/p>\n<p>Muhte\u015fem ses, \u0131\u015f\u0131k, kost\u00fcm, dekor g\u00f6rseli olan eserlerin biletleri Opera Gi\u015fesinden ve <a href=\"http:\/\/www.biletinial.com\">www.biletinial.com<\/a> \u00a0adresinden temin edilebilecek.<\/p>\n<p>&nbsp;<\/p>\n","protected":false},"excerpt":{"rendered":"<p>Mersin Devlet Opera ve Balesi, 2025\u20132026 sanat sezonunu 2 Ekim Per\u015fembe ak\u015fam\u0131 saat 20.00\u2019da \u201cSezon A\u00e7\u0131l\u0131\u015f Konseri\u201d ile yeni sezona co\u015fkulu bir merhaba diyecek. Orkestra \u015fefli\u011fini Andrea Francesco Solinas\u2019\u0131n \u00fcstlendi\u011fi &hellip; <a href=\"https:\/\/akdenizolaygazetesi.com\/?p=36488\" class=\"more-link\">Devam\u0131n\u0131 Oku&#8230;<\/a><\/p>\n","protected":false},"author":2,"featured_media":36489,"comment_status":"open","ping_status":"open","sticky":false,"template":"","format":"standard","meta":[],"categories":[1,2,3],"tags":[],"_links":{"self":[{"href":"https:\/\/akdenizolaygazetesi.com\/index.php?rest_route=\/wp\/v2\/posts\/36488"}],"collection":[{"href":"https:\/\/akdenizolaygazetesi.com\/index.php?rest_route=\/wp\/v2\/posts"}],"about":[{"href":"https:\/\/akdenizolaygazetesi.com\/index.php?rest_route=\/wp\/v2\/types\/post"}],"author":[{"embeddable":true,"href":"https:\/\/akdenizolaygazetesi.com\/index.php?rest_route=\/wp\/v2\/users\/2"}],"replies":[{"embeddable":true,"href":"https:\/\/akdenizolaygazetesi.com\/index.php?rest_route=%2Fwp%2Fv2%2Fcomments&post=36488"}],"version-history":[{"count":1,"href":"https:\/\/akdenizolaygazetesi.com\/index.php?rest_route=\/wp\/v2\/posts\/36488\/revisions"}],"predecessor-version":[{"id":36490,"href":"https:\/\/akdenizolaygazetesi.com\/index.php?rest_route=\/wp\/v2\/posts\/36488\/revisions\/36490"}],"wp:featuredmedia":[{"embeddable":true,"href":"https:\/\/akdenizolaygazetesi.com\/index.php?rest_route=\/wp\/v2\/media\/36489"}],"wp:attachment":[{"href":"https:\/\/akdenizolaygazetesi.com\/index.php?rest_route=%2Fwp%2Fv2%2Fmedia&parent=36488"}],"wp:term":[{"taxonomy":"category","embeddable":true,"href":"https:\/\/akdenizolaygazetesi.com\/index.php?rest_route=%2Fwp%2Fv2%2Fcategories&post=36488"},{"taxonomy":"post_tag","embeddable":true,"href":"https:\/\/akdenizolaygazetesi.com\/index.php?rest_route=%2Fwp%2Fv2%2Ftags&post=36488"}],"curies":[{"name":"wp","href":"https:\/\/api.w.org\/{rel}","templated":true}]}}