{"id":36509,"date":"2025-09-23T15:19:49","date_gmt":"2025-09-23T12:19:49","guid":{"rendered":"http:\/\/akdenizolaygazetesi.com\/?p=36509"},"modified":"2025-09-23T15:19:49","modified_gmt":"2025-09-23T12:19:49","slug":"orman-muhendislerimizin-refiklik-egitimi-basladi","status":"publish","type":"post","link":"https:\/\/akdenizolaygazetesi.com\/?p=36509","title":{"rendered":"Orman M\u00fchendislerimizin Refiklik E\u011fitimi Ba\u015flad\u0131"},"content":{"rendered":"<p style=\"text-align: justify; text-justify: inter-ideograph; background: white; margin: 0cm 0cm 7.5pt 0cm;\"><span lang=\"TR\" style=\"font-size: 11.0pt; color: #212529;\">G\u00f6reve ba\u015flayan orman m\u00fchendisi personelimizin kurumsal i\u015fleyi\u015fe uyum sa\u011flamas\u0131 ve mesleki uygulamalara haz\u0131rlanmas\u0131 a\u00e7\u0131s\u0131ndan \u00f6nemli bir s\u00fcre\u00e7 olan refiklik e\u011fitimleri ba\u015flad\u0131.<\/span><\/p>\n<p style=\"text-align: justify; text-justify: inter-ideograph; text-indent: 36.0pt;\"><span lang=\"TR\" style=\"font-size: 11.0pt;\">E\u011fitim program\u0131, <strong>B\u00f6lge M\u00fcd\u00fcr\u00fc Rifat Ata\u015f<\/strong> ba\u015fkanl\u0131\u011f\u0131nda, B\u00f6lge M\u00fcd\u00fcr Yard\u0131mc\u0131s\u0131 <strong>Ali Ki\u015fi<\/strong>, <strong>Bas\u0131n ve \u0130leti\u015fim \u015eube M\u00fcd\u00fcr\u00fc Abdurrahman Sezer<\/strong>, Orman <strong>Yang\u0131lar\u0131 \u015eube M\u00fcd\u00fcr\u00fc Mehmet Alper<\/strong>, <strong>Personel \u015eube M\u00fcd\u00fcr\u00fc Mustafa \u00d6cal<\/strong>, orman m\u00fchendisleri <strong>Halil Korkmaz<\/strong> ve Ali Din\u00e7er\u2019in kat\u0131l\u0131m\u0131yla b\u00f6lge m\u00fcd\u00fcrl\u00fc\u011f\u00fc toplant\u0131 salonunda ba\u015flat\u0131ld\u0131. Program, teorik derslerin yan\u0131 s\u0131ra arazide uygulamal\u0131 e\u011fitimleri de kapsayacak \u015fekilde planland\u0131.<\/span><\/p>\n<p style=\"text-align: justify; text-justify: inter-ideograph; text-indent: 35.4pt; background: white; margin: 0cm 0cm 7.5pt 0cm;\"><span lang=\"TR\" style=\"font-size: 11.0pt; color: #212529;\">Planlanan programda, e\u011fitim s\u00fcreci \u00f6ncelikli olarak iki ay s\u00fcreyle orman b\u00f6lge m\u00fcd\u00fcrl\u00fck merkezinde ard\u0131ndan d\u00f6rt ay s\u00fcreyle orman i\u015fletme m\u00fcd\u00fcrl\u00fcklerinde olmak \u00fczere toplam 6 ayl\u0131k bir s\u00fcrede tamamlanacak. M\u00fchendislerimiz, refiklik e\u011fitim s\u00fcrecinin tamamlanmas\u0131n\u0131n ard\u0131ndan orman i\u015fletme \u015fefliklerindeki g\u00f6revlerine ba\u015flayacaklar.\u00a0<\/span><\/p>\n<p style=\"text-align: justify; text-justify: inter-ideograph; text-indent: 35.4pt; background: white; margin: 0cm 0cm 7.5pt 0cm;\"><span lang=\"TR\" style=\"font-size: 11.0pt; color: #212529;\">B\u00f6lge M\u00fcd\u00fcrl\u00fc\u011f\u00fc olarak g\u00f6revlerine yeni ba\u015flayan personelimize meslek hayatlar\u0131nda ba\u015far\u0131lar diliyoruz. \u200b<\/span><\/p>\n","protected":false},"excerpt":{"rendered":"<p>G\u00f6reve ba\u015flayan orman m\u00fchendisi personelimizin kurumsal i\u015fleyi\u015fe uyum sa\u011flamas\u0131 ve mesleki uygulamalara haz\u0131rlanmas\u0131 a\u00e7\u0131s\u0131ndan \u00f6nemli bir s\u00fcre\u00e7 olan refiklik e\u011fitimleri ba\u015flad\u0131. E\u011fitim program\u0131, B\u00f6lge M\u00fcd\u00fcr\u00fc Rifat Ata\u015f ba\u015fkanl\u0131\u011f\u0131nda, B\u00f6lge M\u00fcd\u00fcr &hellip; <a href=\"https:\/\/akdenizolaygazetesi.com\/?p=36509\" class=\"more-link\">Devam\u0131n\u0131 Oku&#8230;<\/a><\/p>\n","protected":false},"author":2,"featured_media":36510,"comment_status":"open","ping_status":"open","sticky":false,"template":"","format":"standard","meta":[],"categories":[1,2,3],"tags":[],"_links":{"self":[{"href":"https:\/\/akdenizolaygazetesi.com\/index.php?rest_route=\/wp\/v2\/posts\/36509"}],"collection":[{"href":"https:\/\/akdenizolaygazetesi.com\/index.php?rest_route=\/wp\/v2\/posts"}],"about":[{"href":"https:\/\/akdenizolaygazetesi.com\/index.php?rest_route=\/wp\/v2\/types\/post"}],"author":[{"embeddable":true,"href":"https:\/\/akdenizolaygazetesi.com\/index.php?rest_route=\/wp\/v2\/users\/2"}],"replies":[{"embeddable":true,"href":"https:\/\/akdenizolaygazetesi.com\/index.php?rest_route=%2Fwp%2Fv2%2Fcomments&post=36509"}],"version-history":[{"count":1,"href":"https:\/\/akdenizolaygazetesi.com\/index.php?rest_route=\/wp\/v2\/posts\/36509\/revisions"}],"predecessor-version":[{"id":36511,"href":"https:\/\/akdenizolaygazetesi.com\/index.php?rest_route=\/wp\/v2\/posts\/36509\/revisions\/36511"}],"wp:featuredmedia":[{"embeddable":true,"href":"https:\/\/akdenizolaygazetesi.com\/index.php?rest_route=\/wp\/v2\/media\/36510"}],"wp:attachment":[{"href":"https:\/\/akdenizolaygazetesi.com\/index.php?rest_route=%2Fwp%2Fv2%2Fmedia&parent=36509"}],"wp:term":[{"taxonomy":"category","embeddable":true,"href":"https:\/\/akdenizolaygazetesi.com\/index.php?rest_route=%2Fwp%2Fv2%2Fcategories&post=36509"},{"taxonomy":"post_tag","embeddable":true,"href":"https:\/\/akdenizolaygazetesi.com\/index.php?rest_route=%2Fwp%2Fv2%2Ftags&post=36509"}],"curies":[{"name":"wp","href":"https:\/\/api.w.org\/{rel}","templated":true}]}}