{"id":36536,"date":"2025-09-24T13:50:56","date_gmt":"2025-09-24T10:50:56","guid":{"rendered":"http:\/\/akdenizolaygazetesi.com\/?p=36536"},"modified":"2025-09-24T13:50:56","modified_gmt":"2025-09-24T10:50:56","slug":"saray-saatte-72-asgari-ucret-yiyor-akp-iktidari-israfa-doymuyor","status":"publish","type":"post","link":"https:\/\/akdenizolaygazetesi.com\/?p=36536","title":{"rendered":"\u201cSARAY SAATTE 72 ASGAR\u0130 \u00dcCRET Y\u0130YOR: AKP \u0130KT\u0130DARI \u0130SRAFA DOYMUYOR!\u201d"},"content":{"rendered":"<ul type=\"disc\">\n<li class=\"v1MsoNormal\">\u201cSaray\u2019da her saat 72 asgari \u00fccret t\u00fcketiliyor!\u201d<\/li>\n<li class=\"v1MsoNormal\">\u201cTasarruf masal\u0131 \u00e7\u00f6kt\u00fc: \u015eim\u015fek\u2019in bakanl\u0131\u011f\u0131 8 ayda 4,3 milyar TL harcad\u0131.\u201d<\/li>\n<li class=\"v1MsoNormal\">\u201c\u00c7ocuklara bir \u00f6\u011f\u00fcn yemek yok; Saray\u2019a milyarlar var!\u201d<\/li>\n<\/ul>\n<p class=\"v1MsoNormal\">\n<p class=\"v1MsoNormal\"><b>CHP\u2019li G\u00fclcan K\u0131\u015f: \u201cMillet A\u00e7, Saray Tok!\u201d<\/b><\/p>\n<p class=\"v1MsoNormal\">CHP Mersin Milletvekili G\u00fclcan K\u0131\u015f, 2025 y\u0131l\u0131n\u0131n ilk 8 ayl\u0131k b\u00fct\u00e7e ger\u00e7ekle\u015fmelerini de\u011ferlendirerek AKP iktidar\u0131n\u0131 sert s\u00f6zlerle ele\u015ftirdi. G\u00fclcan K\u0131\u015f, \u201cBu \u00fclkenin en \u00f6nemli kurumu Milli E\u011fitim Bakanl\u0131\u011f\u0131 olmal\u0131, her \u00f6\u011frencimize bir \u00f6\u011f\u00fcn \u00fccretsiz yemek sa\u011flanabilmeliydi. Ama AKP iktidar\u0131 tercihini yine Saray\u2019\u0131n israf\u0131ndan, l\u00fcks makam ara\u00e7lar\u0131ndan, bakanl\u0131klar\u0131n \u015fatafat\u0131ndan yana yapt\u0131\u201d dedi.<\/p>\n<p class=\"v1MsoNormal\">\n<p class=\"v1MsoNormal\"><b>Saray\u2019\u0131n \u0130sraf Karnesi: Her Saat 72 Asgari \u00dccret<\/b><\/p>\n<p class=\"v1MsoNormal\">Resmi verilere g\u00f6re\u00a0<b>Cumhurba\u015fkanl\u0131\u011f\u0131 (Saray)<\/b>, Ocak\u2013A\u011fustos 2025 d\u00f6neminde\u00a0<b>9 milyar 219 milyon TL harcad\u0131<\/b>. Bu rakam, g\u00fcnl\u00fck\u00a0<b>37,9 milyon TL<\/b>, saatlik ise\u00a0<b>1 milyon 580 bin TL<\/b>\u00a0demek. Yani Saray,\u00a0<b>her saat ba\u015f\u0131 72 i\u015f\u00e7inin maa\u015f\u0131n\u0131 t\u00fcketiyor<\/b>.<\/p>\n<p class=\"v1MsoNormal\">CHP Mersin Milletvekili G\u00fclcan K\u0131\u015f, bu tabloyu \u00c7al\u0131\u015fma ve Sosyal G\u00fcvenlik Bakan\u0131 Vedat I\u015f\u0131khan\u2019\u0131n \u201casgari \u00fccret 2002\u2019den bu yana nominal olarak 119 kat, reel olarak %242 artt\u0131\u201d s\u00f6zleriyle yan yana getirerek sert tepki g\u00f6sterdi:<\/p>\n<p class=\"v1MsoNormal\">\u201cMilletin akl\u0131yla dalga ge\u00e7meyin! Asgari \u00fccretin 2002\u2019den beri artt\u0131\u011f\u0131n\u0131 s\u00f6yleyip \u00f6v\u00fcnebilirsiniz; ama bir saatte 72 asgari \u00fccret harcayan Saray varken bu rakamlar kimseyi kand\u0131rmaz. \u00d6\u011frencimize yemek yok, emekliye insanca ya\u015famak yok; siz ise saraylarda \u015fatafatla dola\u015f\u0131yorsunuz. \u0130\u015f\u00e7i bir ay \u00e7al\u0131\u015f\u0131yor, Saray bir dakikada onun maa\u015f\u0131n\u0131 yiyor. \u0130\u015fte sizin adaletiniz, i\u015fte AKP iktidar\u0131n\u0131n y\u00fcz\u00fc!\u201d<\/p>\n<p class=\"v1MsoNormal\">\n<p class=\"v1MsoNormal\"><b>Hazine Bakanl\u0131\u011f\u0131\u2019ndan \u201cTasarruf\u201d Masal\u0131<\/b><\/p>\n<p class=\"v1MsoNormal\">Her f\u0131rsatta kamuya tasarruf \u00f6\u011f\u00fctleyen Hazine ve Maliye Bakan\u0131\u00a0<b>Mehmet \u015eim\u015fek<\/b>\u00a0de G\u00fclcan K\u0131\u015f\u2019\u0131n hedefindeydi. Bakanl\u0131\u011f\u0131n yaln\u0131zca y\u0131l\u0131n ilk 8 ay\u0131nda yapt\u0131\u011f\u0131 harcama\u00a0<b>4 milyar 298 milyon TL<\/b>.<\/p>\n<p class=\"v1MsoNormal\">G\u00fclcan K\u0131\u015f, \u201c\u015eim\u015fek her g\u00fcn vatanda\u015fa \u2018sabredin, yak\u0131nda d\u00fczelecek\u2019 diyor. Ama kendi bakanl\u0131\u011f\u0131 daha 8 ayda milyarlarca lira harcad\u0131. Kalan 4 ayda bu para yetmeyecek. Bu mudur tasarruf? Bu mudur ekonomik disiplin?\u201d diyerek ele\u015ftirdi.<\/p>\n<p class=\"v1MsoNormal\">\n<p class=\"v1MsoNormal\"><b>Diyanet\u2019in L\u00fcks Merak\u0131<\/b><\/p>\n<p class=\"v1MsoNormal\">CHP Mersin Milletvekili G\u00fclcan K\u0131\u015f, l\u00fcks makam ara\u00e7lar\u0131 ve israf politikalar\u0131yla g\u00fcndemden d\u00fc\u015fmeyen\u00a0<b>Diyanet \u0130\u015fleri Ba\u015fkanl\u0131\u011f\u0131\u2019n\u0131<\/b>\u00a0da unutmad\u0131. \u201cDiyanet, vatanda\u015fa sab\u0131r telkin ederken kendisi milyonluk ara\u00e7larla, \u015fatafat i\u00e7inde ya\u015f\u0131yor. \u0130lk 8 ayda milyarlarca lira harcad\u0131lar. \u0130ktidar\u0131n dini de siyaseti de israf\u0131n \u00f6rt\u00fcs\u00fc haline geldi\u201d ifadelerini kulland\u0131.<\/p>\n<p class=\"v1MsoNormal\">\n<p class=\"v1MsoNormal\"><b>E\u011fitim ve Sa\u011fl\u0131k Geri Planda<\/b><\/p>\n<p class=\"v1MsoNormal\">CHP\u2019li G\u00fclcan K\u0131\u015f, \u201cBu \u00fclkenin en b\u00fcy\u00fck \u00f6nceli\u011fi e\u011fitim olmal\u0131yd\u0131. Milli E\u011fitim Bakanl\u0131\u011f\u0131\u2019n\u0131n toplam harcamas\u0131 Saray\u2019\u0131n harcamas\u0131n\u0131n gerisinde kal\u0131yor. \u00d6\u011frencisine bir \u00f6\u011f\u00fcn \u00fccretsiz yemek veremeyen, yoksul \u00e7ocuklar\u0131n beslenme sorununu \u00e7\u00f6zemeyen bir devlet, milyarlar\u0131 Saray\u2019a ve l\u00fcks ara\u00e7lara ak\u0131t\u0131yorsa orada vicdan da adalet de bitmi\u015ftir. Sa\u011fl\u0131k Bakanl\u0131\u011f\u0131\u2019n\u0131n da harcamas\u0131 s\u0131n\u0131rl\u0131, vatanda\u015f hastane kap\u0131s\u0131nda randevu bulamazken kaynak Saray\u2019\u0131n duvarlar\u0131 aras\u0131nda eritiliyor\u201d diyerek tabloyu \u00f6zetledi.<\/p>\n<p class=\"v1MsoNormal\">\n<p class=\"v1MsoNormal\">\n<p class=\"v1MsoNormal\"><b>\u201cAKP \u0130ktidar\u0131 Milletin Can\u0131n\u0131 Yak\u0131yor\u201d<\/b><\/p>\n<p class=\"v1MsoNormal\">CHP Mersin Milletvekili G\u00fclcan K\u0131\u015f, a\u00e7\u0131klamas\u0131n\u0131 \u015fu s\u00f6zlerle noktalad\u0131:<\/p>\n<p class=\"v1MsoNormal\">\u201cBug\u00fcn T\u00fcrkiye\u2019de emekli ekme\u011fini b\u00f6l\u00fcyor, gen\u00e7ler gelece\u011fini yurt d\u0131\u015f\u0131nda ar\u0131yor, \u00e7ift\u00e7i \u00fcr\u00fcn\u00fcn\u00fc satam\u0131yor. Ama AKP iktidar\u0131 Saray\u2019da ve bakanl\u0131klar\u0131nda israf d\u00fczenini s\u00fcrd\u00fcr\u00fcyor. Vatanda\u015fa sab\u0131r, kemer s\u0131kma, tasarruf tavsiye edenler; her saat ba\u015f\u0131 72 asgari \u00fccreti yiyor. \u0130\u015fte AKP\u2019nin ger\u00e7ek y\u00fcz\u00fc budur: Millet a\u00e7, Saray tok!\u201d<\/p>\n<p class=\"v1MsoNormal\">\n","protected":false},"excerpt":{"rendered":"<p>\u201cSaray\u2019da her saat 72 asgari \u00fccret t\u00fcketiliyor!\u201d \u201cTasarruf masal\u0131 \u00e7\u00f6kt\u00fc: \u015eim\u015fek\u2019in bakanl\u0131\u011f\u0131 8 ayda 4,3 milyar TL harcad\u0131.\u201d \u201c\u00c7ocuklara bir \u00f6\u011f\u00fcn yemek yok; Saray\u2019a milyarlar var!\u201d CHP\u2019li G\u00fclcan K\u0131\u015f: \u201cMillet &hellip; <a href=\"https:\/\/akdenizolaygazetesi.com\/?p=36536\" class=\"more-link\">Devam\u0131n\u0131 Oku&#8230;<\/a><\/p>\n","protected":false},"author":2,"featured_media":36537,"comment_status":"open","ping_status":"open","sticky":false,"template":"","format":"standard","meta":[],"categories":[1,2,3],"tags":[],"_links":{"self":[{"href":"https:\/\/akdenizolaygazetesi.com\/index.php?rest_route=\/wp\/v2\/posts\/36536"}],"collection":[{"href":"https:\/\/akdenizolaygazetesi.com\/index.php?rest_route=\/wp\/v2\/posts"}],"about":[{"href":"https:\/\/akdenizolaygazetesi.com\/index.php?rest_route=\/wp\/v2\/types\/post"}],"author":[{"embeddable":true,"href":"https:\/\/akdenizolaygazetesi.com\/index.php?rest_route=\/wp\/v2\/users\/2"}],"replies":[{"embeddable":true,"href":"https:\/\/akdenizolaygazetesi.com\/index.php?rest_route=%2Fwp%2Fv2%2Fcomments&post=36536"}],"version-history":[{"count":1,"href":"https:\/\/akdenizolaygazetesi.com\/index.php?rest_route=\/wp\/v2\/posts\/36536\/revisions"}],"predecessor-version":[{"id":36538,"href":"https:\/\/akdenizolaygazetesi.com\/index.php?rest_route=\/wp\/v2\/posts\/36536\/revisions\/36538"}],"wp:featuredmedia":[{"embeddable":true,"href":"https:\/\/akdenizolaygazetesi.com\/index.php?rest_route=\/wp\/v2\/media\/36537"}],"wp:attachment":[{"href":"https:\/\/akdenizolaygazetesi.com\/index.php?rest_route=%2Fwp%2Fv2%2Fmedia&parent=36536"}],"wp:term":[{"taxonomy":"category","embeddable":true,"href":"https:\/\/akdenizolaygazetesi.com\/index.php?rest_route=%2Fwp%2Fv2%2Fcategories&post=36536"},{"taxonomy":"post_tag","embeddable":true,"href":"https:\/\/akdenizolaygazetesi.com\/index.php?rest_route=%2Fwp%2Fv2%2Ftags&post=36536"}],"curies":[{"name":"wp","href":"https:\/\/api.w.org\/{rel}","templated":true}]}}