{"id":36547,"date":"2025-09-26T15:49:11","date_gmt":"2025-09-26T12:49:11","guid":{"rendered":"http:\/\/akdenizolaygazetesi.com\/?p=36547"},"modified":"2025-09-26T15:49:11","modified_gmt":"2025-09-26T12:49:11","slug":"akdeniz-belediyesinden-genclere-universiteye-hazirlik-destegi","status":"publish","type":"post","link":"https:\/\/akdenizolaygazetesi.com\/?p=36547","title":{"rendered":"Akdeniz Belediyesinden Gen\u00e7lere \u00dcniversiteye Haz\u0131rl\u0131k Deste\u011fi"},"content":{"rendered":"<p>Akdeniz Kaymakam\u0131 ve Belediye Ba\u015fkan V. Zeyit \u015eener, Akdeniz Belediyesi Et\u00fct Merkezini ziyaret ederek \u00fcniversite haz\u0131rl\u0131k kurslar\u0131na devam eden \u00f6\u011frencilerle bir araya geldi. \u00d6\u011frencilerle samimi bir sohbet ger\u00e7ekle\u015ftiren Ba\u015fkan V. \u015eener, onlar\u0131n hedef ve beklentilerini dinledi.<\/p>\n<p>Mersin Halk E\u011fitim Merkezi i\u015f birli\u011fiyle hayata ge\u00e7irilen kurslarda, e\u015fit a\u011f\u0131rl\u0131k ve say\u0131sal alanlarda uzman e\u011fitmenler g\u00f6rev al\u0131yor. E\u011fitimde f\u0131rsat e\u015fitli\u011fini sa\u011flamay\u0131 ama\u00e7layan proje kapsam\u0131nda; <strong>11 s\u0131n\u0131fta toplam 260 \u00f6\u011frenci, 19 \u00f6\u011fretmen ve 23 personel<\/strong> ile \u00e7al\u0131\u015fmalar s\u00fcrd\u00fcr\u00fcl\u00fcyor.<\/p>\n<p>Et\u00fct merkezinde <strong>4\u2019\u00fc say\u0131sal, 7\u2019si e\u015fit a\u011f\u0131rl\u0131k<\/strong> olmak \u00fczere olu\u015fturulan s\u0131n\u0131flarda \u00f6\u011frenciler, yo\u011fun bir programla \u00fcniversite s\u0131nav\u0131na haz\u0131rlanma imk\u00e2n\u0131 buluyor.<\/p>\n<p>Ba\u015fkan V. Zeyit \u015eener, gen\u00e7lere ba\u015far\u0131 dile\u011finde bulunarak, \u201cAkdeniz Belediyesi olarak e\u011fitimde f\u0131rsat e\u015fitli\u011fi sa\u011flamak i\u00e7in her zaman yan\u0131n\u0131zday\u0131z. Sizlerin ba\u015far\u0131s\u0131, hem ailelerinizi hem de il\u00e7emizi gururland\u0131racakt\u0131r\u201d ifadelerini kulland\u0131.<\/p>\n<p>&nbsp;<\/p>\n<p><strong>\u00a0<\/strong><\/p>\n<p><strong>\u00a0<\/strong><\/p>\n<p><strong>\u00a0<\/strong><\/p>\n<p><strong>\u00a0<\/strong><\/p>\n<p><strong>\u00a0<\/strong><\/p>\n<p><strong>\u00a0<\/strong><\/p>\n<p><strong>\u00a0<\/strong><\/p>\n<p><strong>\u00a0<\/strong><\/p>\n<p><strong>\u00a0<\/strong><\/p>\n<p><strong>\u00a0<\/strong><\/p>\n","protected":false},"excerpt":{"rendered":"<p>Akdeniz Kaymakam\u0131 ve Belediye Ba\u015fkan V. Zeyit \u015eener, Akdeniz Belediyesi Et\u00fct Merkezini ziyaret ederek \u00fcniversite haz\u0131rl\u0131k kurslar\u0131na devam eden \u00f6\u011frencilerle bir araya geldi. \u00d6\u011frencilerle samimi bir sohbet ger\u00e7ekle\u015ftiren Ba\u015fkan V. &hellip; <a href=\"https:\/\/akdenizolaygazetesi.com\/?p=36547\" class=\"more-link\">Devam\u0131n\u0131 Oku&#8230;<\/a><\/p>\n","protected":false},"author":2,"featured_media":36548,"comment_status":"open","ping_status":"open","sticky":false,"template":"","format":"standard","meta":[],"categories":[1,2,3],"tags":[],"_links":{"self":[{"href":"https:\/\/akdenizolaygazetesi.com\/index.php?rest_route=\/wp\/v2\/posts\/36547"}],"collection":[{"href":"https:\/\/akdenizolaygazetesi.com\/index.php?rest_route=\/wp\/v2\/posts"}],"about":[{"href":"https:\/\/akdenizolaygazetesi.com\/index.php?rest_route=\/wp\/v2\/types\/post"}],"author":[{"embeddable":true,"href":"https:\/\/akdenizolaygazetesi.com\/index.php?rest_route=\/wp\/v2\/users\/2"}],"replies":[{"embeddable":true,"href":"https:\/\/akdenizolaygazetesi.com\/index.php?rest_route=%2Fwp%2Fv2%2Fcomments&post=36547"}],"version-history":[{"count":1,"href":"https:\/\/akdenizolaygazetesi.com\/index.php?rest_route=\/wp\/v2\/posts\/36547\/revisions"}],"predecessor-version":[{"id":36549,"href":"https:\/\/akdenizolaygazetesi.com\/index.php?rest_route=\/wp\/v2\/posts\/36547\/revisions\/36549"}],"wp:featuredmedia":[{"embeddable":true,"href":"https:\/\/akdenizolaygazetesi.com\/index.php?rest_route=\/wp\/v2\/media\/36548"}],"wp:attachment":[{"href":"https:\/\/akdenizolaygazetesi.com\/index.php?rest_route=%2Fwp%2Fv2%2Fmedia&parent=36547"}],"wp:term":[{"taxonomy":"category","embeddable":true,"href":"https:\/\/akdenizolaygazetesi.com\/index.php?rest_route=%2Fwp%2Fv2%2Fcategories&post=36547"},{"taxonomy":"post_tag","embeddable":true,"href":"https:\/\/akdenizolaygazetesi.com\/index.php?rest_route=%2Fwp%2Fv2%2Ftags&post=36547"}],"curies":[{"name":"wp","href":"https:\/\/api.w.org\/{rel}","templated":true}]}}