{"id":36930,"date":"2025-10-28T12:13:37","date_gmt":"2025-10-28T09:13:37","guid":{"rendered":"http:\/\/akdenizolaygazetesi.com\/?p=36930"},"modified":"2025-10-28T12:13:37","modified_gmt":"2025-10-28T09:13:37","slug":"chp-grup-baskanvekili-ali-mahir-basarir-murat-kuruma-tasucunu-sordu","status":"publish","type":"post","link":"https:\/\/akdenizolaygazetesi.com\/?p=36930","title":{"rendered":"CHP GRUP BA\u015eKANVEK\u0130L\u0130 AL\u0130 MAH\u0130R BA\u015eARIR MURAT KURUM&#8217;A TA\u015eUCU&#8217;NU SORDU"},"content":{"rendered":"<p>Cumhuriyet Halk Partisi Mersin Milletvekili ve Grup Ba\u015fkanvekili Ali Mahir Ba\u015far\u0131r, 24 Ekim\u2019de Resmi Gazete\u2019de yay\u0131nlanan tebli\u011f ile k\u0131rp\u0131lm\u0131\u015f atik lastik ithalat\u0131 i\u00e7in Ta\u015fucu G\u00fcmr\u00fck M\u00fcd\u00fcrl\u00fc\u011f\u00fc\u2019n\u00fcn neden yetkilendirildi\u011fini sordu. \u00c7evre, \u015eehircilik ve \u0130klim De\u011fi\u015fikli\u011fi Bakan\u0131 Murat Kurum\u2019a yan\u0131tlamas\u0131 i\u00e7in bir soru \u00f6nergesi veren CHP\u2019li Ba\u015far\u0131r, T\u00fcrkiye\u2019nin lastik at\u0131\u011f\u0131n\u0131n kendine yeten miktarda oldu\u011fu ele\u015ftirilerini de vurgulad\u0131\u011f\u0131 soru \u00f6nergesinin gerek\u00e7esinde \u015fu ifadelerde bulundu:<\/p>\n<p>&nbsp;<\/p>\n<p><strong>\u00c7EVRE \u00d6RG\u00dcTLER\u0130 T\u00dcRK\u0130YE\u2019N\u0130N KEND\u0130NE YETT\u0130\u011e\u0130N\u0130 S\u00d6YL\u00dcYOR<\/strong><\/p>\n<p>&nbsp;<\/p>\n<p>\u201c\u00d6mr\u00fcn\u00fc tamamlam\u0131\u015f ara\u00e7 lastiklerinin mekanik y\u00f6ntemlerle (b\u00fcy\u00fck \u00f6\u011f\u00fct\u00fcc\u00fclerle) par\u00e7alanarak ufalt\u0131lmas\u0131yla elde edilen \u201ck\u0131rp\u0131lm\u0131\u015f at\u0131k lastik\u201d ithalat\u0131nda, Ticaret Bakanl\u0131\u011f\u0131 taraf\u0131ndan d\u00fczenlenen tebli\u011f \u00e7er\u00e7evesinde 2013\u2019te Trabzon G\u00fcmr\u00fck M\u00fcd\u00fcrl\u00fc\u011f\u00fc yetkilendirilmi\u015ftir. 24 Ekim 2025 g\u00fcn\u00fc de Resmi Gazete\u2019de yay\u0131nlanan tebli\u011fe g\u00f6re, Mersin\u2019deki Ta\u015fucu G\u00fcmr\u00fck M\u00fcd\u00fcrl\u00fc\u011f\u00fc bu t\u00fcr ithalat i\u00e7in yetkilendirilmi\u015ftir. K\u0131rp\u0131lm\u0131\u015f lastik kullan\u0131m\u0131n\u0131n, at\u0131k lastiklerin depolanmas\u0131n\u0131 veya yak\u0131lmas\u0131n\u0131 \u00f6nleyerek \u00e7evresel y\u00fck\u00fc azalt\u0131rken uygun i\u015flenmedi\u011fi takdirde \u00e7inko, a\u011f\u0131r metal, mikroplastik sal\u0131n\u0131m\u0131na neden oldu\u011fu da bilinmektedir. \u00d6te yandan T\u00fcrkiye\u2019nin asl\u0131nda kendi i\u00e7inde yeterli miktarda at\u0131k lasti\u011fi oldu\u011fu, buna kar\u015f\u0131n \u2018k\u0131rp\u0131lm\u0131\u015f lastik\u2019 ithalat edilerek \u00fclkemizde ciddi bir \u00e7evre sorunu ya\u015fand\u0131\u011f\u0131, \u00e7evre \u00f6rg\u00fctleri taraf\u0131ndan dile getirilmektedir. Ayr\u0131ca at\u0131k ithalat\u0131 k\u0131l\u0131f\u0131 alt\u0131nda \u00e7\u00f6p ta\u015f\u0131nd\u0131\u011f\u0131, bu ithalat\u0131n Avrupa\u2019n\u0131n at\u0131k y\u00fck\u00fcn\u00fc T\u00fcrkiye\u2019ye ta\u015f\u0131ma bi\u00e7imi oldu\u011fu ifade edilmektedir. AB \u00fclkelerinin, kendi \u00e7evre mevzuatlar\u0131 nedeniyle bu t\u00fcr at\u0131klar\u0131 i\u015fleyemiyor veya yakam\u0131yor olu\u015fundan dolay\u0131, g\u00f6rece gev\u015fek d\u00fczenlemeler nedeniyle T\u00fcrkiye\u2019nin bu \u2018k\u0131rp\u0131nt\u0131lar\u0131\u2019 kabul etti\u011fi ele\u015ftirileri kamuoyuna yans\u0131maktad\u0131r.\u201d<\/p>\n<p>&nbsp;<\/p>\n<p><strong>CHP\u2019L\u0130 BA\u015eARIR, KURUM\u2019DAN \u015eU SORULARI YANITLAMASINI \u0130STED\u0130:<\/strong><\/p>\n<p>&nbsp;<\/p>\n<ul>\n<li>T\u00fcrkiye\u2019nin 2020\u2019den bu yana at\u0131k lastik miktarlar\u0131 y\u0131ll\u0131k olarak ka\u00e7 tondur? Bunlar\u0131n y\u0131ll\u0131k olarak geri d\u00f6n\u00fc\u015f\u00fcmle kazand\u0131r\u0131lan miktarlar\u0131 ne kadard\u0131r? Hangi alanlarda ne kadarl\u0131k geri d\u00f6n\u00fc\u015f\u00fcm sa\u011flanm\u0131\u015ft\u0131r?<\/li>\n<li>2020\u2019den bu yana y\u0131ll\u0131k olarak ithal edilen k\u0131rp\u0131lm\u0131\u015f at\u0131k lastik miktarlar\u0131 ka\u00e7 tondur? Bunlar\u0131n y\u0131ll\u0131k olarak geri d\u00f6n\u00fc\u015f\u00fcmle kazand\u0131r\u0131lan miktarlar\u0131 ne kadard\u0131r? Hangi alanlarda ne kadarl\u0131k geri d\u00f6n\u00fc\u015f\u00fcm sa\u011flanm\u0131\u015ft\u0131r?<\/li>\n<li>Mersin Ta\u015fucu G\u00fcmr\u00fck M\u00fcd\u00fcrl\u00fc\u011f\u00fc\u2019n\u00fcn de \u2018k\u0131rp\u0131lm\u0131\u015f at\u0131k lastik ithalat\u0131\u2019 i\u00e7in yetkilendirilmesinin nedeni nedir?<\/li>\n<li>2020\u2019den bu yana, y\u0131ll\u0131k at\u0131k ithalat\u0131 miktarlar\u0131 ne kadard\u0131r?<\/li>\n<li>T\u00fcrkiye\u2019de k\u0131rp\u0131lm\u0131\u015f at\u0131k lastikleri i\u015fleyen ka\u00e7 tesis vard\u0131r? Bu tesislerin kapasiteleri ne kadard\u0131r?<\/li>\n<\/ul>\n<p>&nbsp;<\/p>\n","protected":false},"excerpt":{"rendered":"<p>Cumhuriyet Halk Partisi Mersin Milletvekili ve Grup Ba\u015fkanvekili Ali Mahir Ba\u015far\u0131r, 24 Ekim\u2019de Resmi Gazete\u2019de yay\u0131nlanan tebli\u011f ile k\u0131rp\u0131lm\u0131\u015f atik lastik ithalat\u0131 i\u00e7in Ta\u015fucu G\u00fcmr\u00fck M\u00fcd\u00fcrl\u00fc\u011f\u00fc\u2019n\u00fcn neden yetkilendirildi\u011fini sordu. \u00c7evre, &hellip; <a href=\"https:\/\/akdenizolaygazetesi.com\/?p=36930\" class=\"more-link\">Devam\u0131n\u0131 Oku&#8230;<\/a><\/p>\n","protected":false},"author":2,"featured_media":36931,"comment_status":"open","ping_status":"open","sticky":false,"template":"","format":"standard","meta":[],"categories":[1,2,3],"tags":[],"_links":{"self":[{"href":"https:\/\/akdenizolaygazetesi.com\/index.php?rest_route=\/wp\/v2\/posts\/36930"}],"collection":[{"href":"https:\/\/akdenizolaygazetesi.com\/index.php?rest_route=\/wp\/v2\/posts"}],"about":[{"href":"https:\/\/akdenizolaygazetesi.com\/index.php?rest_route=\/wp\/v2\/types\/post"}],"author":[{"embeddable":true,"href":"https:\/\/akdenizolaygazetesi.com\/index.php?rest_route=\/wp\/v2\/users\/2"}],"replies":[{"embeddable":true,"href":"https:\/\/akdenizolaygazetesi.com\/index.php?rest_route=%2Fwp%2Fv2%2Fcomments&post=36930"}],"version-history":[{"count":1,"href":"https:\/\/akdenizolaygazetesi.com\/index.php?rest_route=\/wp\/v2\/posts\/36930\/revisions"}],"predecessor-version":[{"id":36932,"href":"https:\/\/akdenizolaygazetesi.com\/index.php?rest_route=\/wp\/v2\/posts\/36930\/revisions\/36932"}],"wp:featuredmedia":[{"embeddable":true,"href":"https:\/\/akdenizolaygazetesi.com\/index.php?rest_route=\/wp\/v2\/media\/36931"}],"wp:attachment":[{"href":"https:\/\/akdenizolaygazetesi.com\/index.php?rest_route=%2Fwp%2Fv2%2Fmedia&parent=36930"}],"wp:term":[{"taxonomy":"category","embeddable":true,"href":"https:\/\/akdenizolaygazetesi.com\/index.php?rest_route=%2Fwp%2Fv2%2Fcategories&post=36930"},{"taxonomy":"post_tag","embeddable":true,"href":"https:\/\/akdenizolaygazetesi.com\/index.php?rest_route=%2Fwp%2Fv2%2Ftags&post=36930"}],"curies":[{"name":"wp","href":"https:\/\/api.w.org\/{rel}","templated":true}]}}