{"id":37020,"date":"2025-12-12T15:17:34","date_gmt":"2025-12-12T12:17:34","guid":{"rendered":"http:\/\/akdenizolaygazetesi.com\/?p=37020"},"modified":"2025-12-12T15:17:34","modified_gmt":"2025-12-12T12:17:34","slug":"baskan-ozyigit-tarim-artik-gelecek-meselesi","status":"publish","type":"post","link":"https:\/\/akdenizolaygazetesi.com\/?p=37020","title":{"rendered":"Ba\u015fkan \u00d6zyi\u011fit: Tar\u0131m Art\u0131k Gelecek Meselesi"},"content":{"rendered":"<p>Mersin Tar\u0131m Fuar\u0131, Yeni\u015fehir Belediyesi Fuar Merkezi\u2019nde kap\u0131lar\u0131n\u0131 ziyaret\u00e7ilerine a\u00e7t\u0131. A\u00e7\u0131l\u0131\u015f t\u00f6reninde sekt\u00f6r temsilcileri ve \u00e7ok say\u0131da \u00fcretici yerini ald\u0131.<\/p>\n<p>Yeni\u015fehir Belediye Ba\u015fkan\u0131 Abdullah \u00d6zyi\u011fit, fuar a\u00e7\u0131l\u0131\u015f\u0131nda yapt\u0131\u011f\u0131 konu\u015fmada tar\u0131m\u0131n \u00f6nemine vurgu yapt\u0131. \u00d6zyi\u011fit, tar\u0131mla ilgili sorunlara, Yeni\u015fehir Belediyesinin \u00fcreticilere y\u00f6nelik olarak s\u00fcrd\u00fcrd\u00fc\u011f\u00fc desteklere ve projelere de de\u011findi.<\/p>\n<p><strong>&#8220;T\u00fcrkiye&#8217;de \u0130lklere \u0130mza at\u0131yor, Yeni\u015fehir\u2019in \u00fcr\u00fcnlerini markala\u015ft\u0131r\u0131yoruz&#8221;<\/strong><\/p>\n<p>Ba\u015fkan \u00d6zyi\u011fit, a\u00e7\u0131l\u0131\u015f konu\u015fmas\u0131nda Yeni\u015fehir Belediyesi&#8217;nin tar\u0131m projelerini payla\u015ft\u0131.<\/p>\n<p>\u00d6zyi\u011fit, T\u00fcrkiye&#8217;de bir ilk olarak nitelendirilen\u00a0<strong>Manav\u015fa Ar\u0131 Meras\u0131 ve Ekolojik Tar\u0131m Havzas\u0131 Projesi<\/strong>\u2019yle ilgili \u201cB\u00f6lgenin biyolojik \u00e7e\u015fitlili\u011fini korurken, bal \u00fcretimini de tamamen bilimsel temellere dayal\u0131 ve s\u00fcrd\u00fcr\u00fclebilir bir yap\u0131ya kavu\u015fturuyoruz.\u201d ifadelerini kulland\u0131.<\/p>\n<p>Safran \u00fcretici say\u0131s\u0131n\u0131n 2&#8217;den 20&#8217;ye \u00e7\u0131kar\u0131ld\u0131\u011f\u0131n\u0131 da belirten Ba\u015fkan \u00d6zyi\u011fit, \u201c\u0130l\u00e7enin iklimine uyumlu bu de\u011ferli \u00fcr\u00fcn, k\u00fc\u00e7\u00fck alanlardan y\u00fcksek gelir getiren bir alternatif oldu.\u201d a\u00e7\u0131klamas\u0131nda bulundu.<\/p>\n<p>Ba\u015fkan Abdullah \u00d6zyi\u011fit, Yeni\u015fehir\u2019de \u00e7ift\u00e7ilere y\u00f6nelik 150 bin litre \u00fccretsiz solucan g\u00fcbresi da\u011f\u0131t\u0131m\u0131 hakk\u0131nda ise \u201cBu destekle topra\u011f\u0131n verimlili\u011fi art\u0131yor, \u00fcreticinin girdi maliyetleri de d\u00fc\u015f\u00fcr\u00fcl\u00fcyor\u201d dedi.<\/p>\n<p>&nbsp;<\/p>\n<p><strong>&#8220;G\u00f6\u00e7 Kar\u015f\u0131s\u0131nda \u00c7aresiz De\u011filiz&#8221;<\/strong><\/p>\n<p>Ba\u015fkan \u00d6zyi\u011fit, tar\u0131m\u0131n \u00f6nemini k\u00fcresel bir insanl\u0131k meselesine ba\u011flayarak, &#8220;\u00d6n\u00fcm\u00fczdeki d\u00f6nemde t\u00fcm d\u00fcnya, \u00fcretecek insan arayacak. \u00c7\u00fcnk\u00fc k\u00f6yden kente y\u00f6nelik bir g\u00f6\u00e7 dalgas\u0131 var. Bunu de\u011fi\u015ftirmek hepimizin ortak sorumlulu\u011fudur&#8221; diyerek, g\u00f6\u00e7 konusunun \u00f6nemine dikkat \u00e7ekti.<\/p>\n<p>&nbsp;<\/p>\n<p>&nbsp;<\/p>\n<p><strong>Teknoloji ve \u0130novasyon Vurgusu<\/strong><\/p>\n<p>Ar-Ge biriminin s\u00fcrd\u00fcrd\u00fc\u011f\u00fc &#8220;Mikroiklim Yeni\u015fehir&#8221; projesinin ald\u0131\u011f\u0131 \u00f6d\u00fcle vurgu yapan \u00d6zyi\u011fit, &#8220;Bu ba\u015far\u0131, tar\u0131mda teknolojiye ve inovasyona verdi\u011fimiz \u00f6nemin g\u00f6stergesidir&#8221; dedi.<\/p>\n<p><strong>Yeni\u015fehirli \u00fcreticilerin eme\u011fi fuarda sergileniyor<\/strong><\/p>\n<p>Yeni\u015fehir Belediyesinin kurdu\u011fu stantta; \u00fcreticilere destek olarak sa\u011flanan solucan g\u00fcbresi ve g\u00fcnden g\u00fcne b\u00fcy\u00fcyen proje kapsam\u0131nda yeti\u015ftirilen safran da bulunuyor.<\/p>\n<p>Yeni\u015fehir Tar\u0131msal Kalk\u0131nma Kooperatifi b\u00fcnyesinde markala\u015fan Karahac\u0131l\u0131 Nar Ek\u015fisi, Yeni\u015fehir \u00c7i\u00e7ek Bal\u0131 gibi \u00fcr\u00fcnler de fuarda ziyaret\u00e7ilerle bulu\u015fuyor.<\/p>\n<p>&nbsp;<\/p>\n<p><strong>Fuar 14 Aral\u0131k Pazar G\u00fcn\u00fcne Kadar Devam Edecek<\/strong><\/p>\n<p>Mersin Tar\u0131m Fuar\u0131, 3 g\u00fcn boyunca Yeni\u015fehir Belediyesi Fuar Merkezi&#8217;nde ziyaret\u00e7ilerini a\u011f\u0131rlayacak.<\/p>\n","protected":false},"excerpt":{"rendered":"<p>Mersin Tar\u0131m Fuar\u0131, Yeni\u015fehir Belediyesi Fuar Merkezi\u2019nde kap\u0131lar\u0131n\u0131 ziyaret\u00e7ilerine a\u00e7t\u0131. A\u00e7\u0131l\u0131\u015f t\u00f6reninde sekt\u00f6r temsilcileri ve \u00e7ok say\u0131da \u00fcretici yerini ald\u0131. Yeni\u015fehir Belediye Ba\u015fkan\u0131 Abdullah \u00d6zyi\u011fit, fuar a\u00e7\u0131l\u0131\u015f\u0131nda yapt\u0131\u011f\u0131 konu\u015fmada tar\u0131m\u0131n &hellip; <a href=\"https:\/\/akdenizolaygazetesi.com\/?p=37020\" class=\"more-link\">Devam\u0131n\u0131 Oku&#8230;<\/a><\/p>\n","protected":false},"author":2,"featured_media":37021,"comment_status":"open","ping_status":"open","sticky":false,"template":"","format":"standard","meta":[],"categories":[1,2,3],"tags":[],"_links":{"self":[{"href":"https:\/\/akdenizolaygazetesi.com\/index.php?rest_route=\/wp\/v2\/posts\/37020"}],"collection":[{"href":"https:\/\/akdenizolaygazetesi.com\/index.php?rest_route=\/wp\/v2\/posts"}],"about":[{"href":"https:\/\/akdenizolaygazetesi.com\/index.php?rest_route=\/wp\/v2\/types\/post"}],"author":[{"embeddable":true,"href":"https:\/\/akdenizolaygazetesi.com\/index.php?rest_route=\/wp\/v2\/users\/2"}],"replies":[{"embeddable":true,"href":"https:\/\/akdenizolaygazetesi.com\/index.php?rest_route=%2Fwp%2Fv2%2Fcomments&post=37020"}],"version-history":[{"count":1,"href":"https:\/\/akdenizolaygazetesi.com\/index.php?rest_route=\/wp\/v2\/posts\/37020\/revisions"}],"predecessor-version":[{"id":37022,"href":"https:\/\/akdenizolaygazetesi.com\/index.php?rest_route=\/wp\/v2\/posts\/37020\/revisions\/37022"}],"wp:featuredmedia":[{"embeddable":true,"href":"https:\/\/akdenizolaygazetesi.com\/index.php?rest_route=\/wp\/v2\/media\/37021"}],"wp:attachment":[{"href":"https:\/\/akdenizolaygazetesi.com\/index.php?rest_route=%2Fwp%2Fv2%2Fmedia&parent=37020"}],"wp:term":[{"taxonomy":"category","embeddable":true,"href":"https:\/\/akdenizolaygazetesi.com\/index.php?rest_route=%2Fwp%2Fv2%2Fcategories&post=37020"},{"taxonomy":"post_tag","embeddable":true,"href":"https:\/\/akdenizolaygazetesi.com\/index.php?rest_route=%2Fwp%2Fv2%2Ftags&post=37020"}],"curies":[{"name":"wp","href":"https:\/\/api.w.org\/{rel}","templated":true}]}}