{"id":6325,"date":"2020-11-04T18:26:51","date_gmt":"2020-11-04T15:26:51","guid":{"rendered":"http:\/\/mersinekonomipolitikagazetesi.com\/?p=6325"},"modified":"2020-11-04T18:26:51","modified_gmt":"2020-11-04T15:26:51","slug":"kktcden-gelen-141-vatandas-karantinaya-alinmak-uzere-karamana-gonderildi","status":"publish","type":"post","link":"https:\/\/akdenizolaygazetesi.com\/?p=6325","title":{"rendered":"KKTC&#8217;den gelen 141 vatanda\u015f karantinaya al\u0131nmak \u00fczere Karaman&#8217;a g\u00f6nderildi"},"content":{"rendered":"<p><span style=\"line-height: 1.6em;\">\u00a0Kuzey K\u0131br\u0131s T\u00fcrk Cumhuriyeti\u2019nden (KKTC) gelen 141 T\u00fcrk vatanda\u015f\u0131, Korona vir\u00fcs (Covid-19) tedbirleri kapsam\u0131nda karantinaya al\u0131nmak \u00fczere Karaman&#8217;a g\u00f6nderildi. Mersin Liman\u0131&#8217;na getirilen vatanda\u015flar sa\u011fl\u0131k taramas\u0131ndan sonra yo\u011fun g\u00fcvenlik \u00f6nlemleri alt\u0131nda otob\u00fcslerle yola \u00e7\u0131kt\u0131.\u00a0<\/span><\/p>\n<p>T\u00fcm d\u00fcnyada etkisini g\u00f6steren ve binlerce ki\u015finin hayat\u0131n\u0131 kaybetmesine neden olan Korona vir\u00fcsle ilgili tedbirler uygulanmaya devam ediliyor. Sabah erken saatlerde KKTC&#8217;den \u00e7\u0131kan 141 T\u00fcrk vatanda\u015f\u0131n\u0131 ta\u015f\u0131yan &#8216;Toros&#8217; isimli gemi, \u00f6\u011flene do\u011fru Mersin Liman\u0131&#8217;na demir att\u0131. Burada s\u0131k\u0131 denetimlerle otob\u00fcslere bindirilen 141 ki\u015fi, polis eskortlar\u0131 e\u015fli\u011finde karayolu ile karantinaya al\u0131nmak \u00fczere Karaman&#8217;a do\u011fru yola \u00e7\u0131kt\u0131. Vatanda\u015flar\u0131n sa\u011fl\u0131k taramas\u0131ndan ge\u00e7irildi\u011fi ve durumlar\u0131n\u0131n iyi oldu\u011fu, tedbir amac\u0131yla karantinaya al\u0131nacaklar\u0131 belirtildi. Vatanda\u015flar 6 otob\u00fcs ile Karaman&#8217;a g\u00f6t\u00fcr\u00fcl\u00fcrken, polisler yol g\u00fczergah\u0131nda geni\u015f g\u00fcvenlik \u00f6nlemi ald\u0131. Ayr\u0131ca otob\u00fcslerdeki g\u00f6revlilerin ve s\u00fcr\u00fcc\u00fclerin, koruyucu k\u0131yafet, maske ve eldiven takt\u0131klar\u0131 da g\u00f6r\u00fcld\u00fc.\u00a0<br \/>\nVatanda\u015flar\u0131n 14 g\u00fcn boyunca karantinada kald\u0131ktan sonra normal ya\u015famlar\u0131na d\u00f6necekleri \u00f6\u011frenildi.\u00a0<\/p>\n","protected":false},"excerpt":{"rendered":"<p>\u00a0Kuzey K\u0131br\u0131s T\u00fcrk Cumhuriyeti\u2019nden (KKTC) gelen 141 T\u00fcrk vatanda\u015f\u0131, Korona vir\u00fcs (Covid-19) tedbirleri kapsam\u0131nda karantinaya al\u0131nmak \u00fczere Karaman&#8217;a g\u00f6nderildi. Mersin Liman\u0131&#8217;na getirilen vatanda\u015flar sa\u011fl\u0131k taramas\u0131ndan sonra yo\u011fun g\u00fcvenlik \u00f6nlemleri alt\u0131nda &hellip; <a href=\"https:\/\/akdenizolaygazetesi.com\/?p=6325\" class=\"more-link\">Devam\u0131n\u0131 Oku&#8230;<\/a><\/p>\n","protected":false},"author":1,"featured_media":0,"comment_status":"open","ping_status":"open","sticky":false,"template":"","format":"standard","meta":[],"categories":[],"tags":[],"_links":{"self":[{"href":"https:\/\/akdenizolaygazetesi.com\/index.php?rest_route=\/wp\/v2\/posts\/6325"}],"collection":[{"href":"https:\/\/akdenizolaygazetesi.com\/index.php?rest_route=\/wp\/v2\/posts"}],"about":[{"href":"https:\/\/akdenizolaygazetesi.com\/index.php?rest_route=\/wp\/v2\/types\/post"}],"author":[{"embeddable":true,"href":"https:\/\/akdenizolaygazetesi.com\/index.php?rest_route=\/wp\/v2\/users\/1"}],"replies":[{"embeddable":true,"href":"https:\/\/akdenizolaygazetesi.com\/index.php?rest_route=%2Fwp%2Fv2%2Fcomments&post=6325"}],"version-history":[{"count":0,"href":"https:\/\/akdenizolaygazetesi.com\/index.php?rest_route=\/wp\/v2\/posts\/6325\/revisions"}],"wp:attachment":[{"href":"https:\/\/akdenizolaygazetesi.com\/index.php?rest_route=%2Fwp%2Fv2%2Fmedia&parent=6325"}],"wp:term":[{"taxonomy":"category","embeddable":true,"href":"https:\/\/akdenizolaygazetesi.com\/index.php?rest_route=%2Fwp%2Fv2%2Fcategories&post=6325"},{"taxonomy":"post_tag","embeddable":true,"href":"https:\/\/akdenizolaygazetesi.com\/index.php?rest_route=%2Fwp%2Fv2%2Ftags&post=6325"}],"curies":[{"name":"wp","href":"https:\/\/api.w.org\/{rel}","templated":true}]}}