{"id":6364,"date":"2020-11-04T18:26:52","date_gmt":"2020-11-04T15:26:52","guid":{"rendered":"http:\/\/mersinekonomipolitikagazetesi.com\/?p=6364"},"modified":"2020-11-04T18:26:52","modified_gmt":"2020-11-04T15:26:52","slug":"cumhurbaskani-erdogan-biz-bize-yeteriz-turkiyem-kampanyasini-7-aylik-maasimi-bagislayarak-aciyorum","status":"publish","type":"post","link":"https:\/\/akdenizolaygazetesi.com\/?p=6364","title":{"rendered":"Cumhurba\u015fkan\u0131 Erdo\u011fan: &#8220;&#8216;Biz Bize Yeteriz T\u00fcrkiyem&#8217; kampanyas\u0131n\u0131 7 ayl\u0131k maa\u015f\u0131m\u0131 ba\u011f\u0131\u015flayarak a\u00e7\u0131yorum&#8221;"},"content":{"rendered":"<p>&#8220;\u00dclke genelinde 41 yerle\u015fim birimimiz karantina alt\u0131ndad\u0131r&#8221;<\/p>\n<p><span style=\"line-height: 1.6em;\">Cumhurba\u015fkan\u0131 Recep Tayyip Erdo\u011fan, kabine toplant\u0131s\u0131n\u0131n ard\u0131ndan yapt\u0131\u011f\u0131 \u201cMillete Sesleni\u015f\u201d konu\u015fmas\u0131nda \u201cBiz Bize Yeteriz T\u00fcrkiyem\u201d slogan\u0131yla bir kampanya ba\u015flat\u0131ld\u0131\u011f\u0131n\u0131 duyurdu. Erdo\u011fan, &#8220;Milli Dayan\u0131\u015fma Kampanyas\u0131 ba\u015flat\u0131yoruz. Kampanyay\u0131 \u015fahs\u0131m olarak, 7 ayl\u0131k maa\u015f\u0131m\u0131 ba\u011f\u0131\u015flayarak a\u00e7\u0131yorum&#8221; dedi. \u201cG\u00fcnl\u00fck test say\u0131s\u0131n\u0131 10 bine ula\u015ft\u0131rd\u0131k\u201d diyen Erdo\u011fan, \u201cTespit yap\u0131lan ki\u015fi, hastal\u0131k belirlenen vaka, vefat ve taburcu rakamlar\u0131m\u0131z\u0131, \u015feffaf bir \u015fekilde her g\u00fcn milletimizle payla\u015f\u0131yoruz. Halihaz\u0131rda \u00fclke genelinde k\u00f6y ve mahalle stat\u00fcs\u00fcndeki 41 yerle\u015fim birimimiz karantina alt\u0131ndad\u0131r\u201d ifadelerini kulland\u0131.\u00a0<\/span><\/p>\n<p>Cumhurba\u015fkan\u0131 Recep Tayyip Erdo\u011fan, yakla\u015f\u0131k 4,5 saat s\u00fcren kabine toplant\u0131s\u0131n\u0131n ard\u0131ndan \u201cMillete Sesleni\u015f\u201d konu\u015fmas\u0131 yapt\u0131. Erdo\u011fan konu\u015fmas\u0131nda \u015funlar\u0131 kaydetti:\u00a0<br \/>\n\u201cKabinemizin 25\u2019inci toplant\u0131s\u0131n\u0131 biraz \u00f6nce tamamlad\u0131k. KOV\u0130D-19 hastal\u0131\u011f\u0131na kar\u015f\u0131 ald\u0131\u011f\u0131m\u0131z tedbirler sebebiyle, bu toplant\u0131m\u0131z\u0131 telekonferans y\u00f6ntemiyle ger\u00e7ekle\u015ftirdik. Toplant\u0131m\u0131zda, bakan arkada\u015flar\u0131m\u0131zla sa\u011fl\u0131k \u00f6nlemleri, g\u0131da g\u00fcvenli\u011fi, kamu g\u00fcvenli\u011fi gibi hususlar\u0131 etrafl\u0131ca ele ald\u0131k. Salg\u0131n\u0131n ilk g\u00fcnlerinden itibaren, Sa\u011fl\u0131k Bakanl\u0131\u011f\u0131m\u0131z b\u00fcnyesinde olu\u015fturdu\u011fumuz Bilim Kurulumuzun tavsiyeleri do\u011frultusunda, sa\u011fl\u0131k tedbirlerini eksiksiz hayata ge\u00e7iriyoruz.\u201d\u00a0<\/p>\n<p>\u201cSa\u011fl\u0131k altyap\u0131m\u0131z di\u011fer \u00fclkelere g\u00f6re olduk\u00e7a iyi durumdad\u0131r\u201d\u00a0<br \/>\nSa\u011fl\u0131k altyap\u0131m\u0131z\u0131n di\u011fer \u00fclkelere g\u00f6re olduk\u00e7a iyi durumda oldu\u011funu s\u00f6yleyen Cumhurba\u015fkan\u0131 Erdo\u011fan, \u201cSa\u011fl\u0131k altyap\u0131m\u0131z, gerek personel, gerek ila\u00e7 ve malzeme, gerekse yo\u011fun bak\u0131m yata\u011f\u0131 a\u00e7\u0131s\u0131ndan, hamdolsun, di\u011fer \u00fclkelere g\u00f6re olduk\u00e7a iyi durumdad\u0131r. Maskeden tan\u0131 kitine ve ba\u011f\u0131\u015f\u0131kl\u0131k sistemini g\u00fc\u00e7lendirici kimi ila\u00e7lara kadar hemen her ihtiyac\u0131m\u0131z\u0131 kendimiz kar\u015f\u0131layabiliyoruz. \u015eu ana kadar hastanelerimiz ile di\u011fer sa\u011fl\u0131k birimlerimize, 24 milyon cerrahi maske, 3 milyonun \u00fczerinde N-95 maske, bir milyonun \u00fczerinde koruyucu tulum, 181 binin \u00fczerinde koruyucu g\u00f6zl\u00fck da\u011f\u0131tt\u0131k. Bu malzemelerin \u00fcretimlerini daha da art\u0131rma imkan\u0131na sahibiz\u201d \u015feklinde konu\u015ftu.\u00a0<\/p>\n<p>\u201cYeni hastanelerimizi de s\u00fcratle hizmete a\u00e7\u0131yoruz\u201d\u00a0<br \/>\nYeni hastanelerin s\u00fcratle hizmete a\u00e7\u0131ld\u0131\u011f\u0131n\u0131 vurgulayan Erdo\u011fan, \u201cMevcut hastanelerimizi g\u00fc\u00e7lendirme yan\u0131nda, yeni hastanelerimizi de s\u00fcratle hizmete a\u00e7\u0131yoruz. Ger\u00e7ekten \u00e7ok modern bir sa\u011fl\u0131k tesisi olan, \u015eehir Hastanesi standartlar\u0131ndaki 600 yatakl\u0131 Okmeydan\u0131 Hastanemiz bug\u00fcn itibariyle hizmet vermeye ba\u015flad\u0131. Yine \u015eehir Hastanesi stat\u00fcs\u00fcndeki 1 bin 150 yatak kapasiteli Kartal Hastanemizi de bir s\u00fcre \u00f6nce hizmete sunmu\u015ftuk. \u0130kitelli \u015eehir Hastanemizi ise, 520\u2019si yo\u011fun bak\u0131m olmak \u00fczere 2 bin 682 yatak kapasitesiyle May\u0131s ay\u0131nda hizmete a\u00e7may\u0131 planl\u0131yoruz. \u00dclkemizin en modern hastanelerinden biri olacak bin yatakl\u0131 G\u00f6ztepe \u015eehir Hastanemizin in\u015fas\u0131nda da sona yakla\u015ft\u0131k, in\u015fallah onu da Eyl\u00fcl ay\u0131nda hizmete alaca\u011f\u0131z. B\u00f6ylece T\u00fcrkiye, sa\u011fl\u0131k altyap\u0131s\u0131nda zaten g\u00fc\u00e7l\u00fc olan yerini, daha da sa\u011flamla\u015ft\u0131rm\u0131\u015f olmaktad\u0131r\u201d ifadelerini kulland\u0131.\u00a0<\/p>\n<p>\u201cG\u0131da konusunda da herhangi bir s\u0131k\u0131nt\u0131m\u0131z yok\u201d\u00a0<br \/>\nG\u0131da konusunda herhangi bir s\u0131k\u0131nt\u0131 olmad\u0131\u011f\u0131n\u0131 belirten Erdo\u011fan, \u201cKOV\u0130D-19 hastal\u0131\u011f\u0131 s\u00fcrecinde tedbirlerimizi, hamdolsun, pek \u00e7ok \u00fclkeden daha erken ald\u0131k ve hayata ge\u00e7irdik. A\u015fama a\u015fama ilave tedbirleri de y\u00fcr\u00fcrl\u00fc\u011fe sokuyoruz. G\u0131da konusunda da herhangi bir s\u0131k\u0131nt\u0131m\u0131z yok. \u00dclkemiz, t\u00fcm temel g\u0131da maddelerini kendisi \u00fcretti\u011fi i\u00e7in, hem stoklar\u0131m\u0131z, hem de tedarik zincirlerimizin i\u015fleyi\u015fi, ihtiyac\u0131m\u0131z\u0131 kar\u015f\u0131layacak d\u00fczeydedir. Kamu g\u00fcvenli\u011fi konusunda ise milletimizin dirayetli tutumu ve emniyet birimlerimizin gayretleri neticesinde, kayda de\u011fer bir s\u0131k\u0131nt\u0131 ya\u015fam\u0131yoruz. Bu vesileyle, t\u00fcm sa\u011fl\u0131k g\u00f6revlilerimize, g\u00fcvenlik g\u00fc\u00e7lerimize, g\u0131da ve ihtiya\u00e7 malzemelerinin halk\u0131m\u0131za ula\u015ft\u0131r\u0131lmas\u0131n\u0131 sa\u011flayan esnaf\u0131m\u0131za, \u00fcretimi devam ettiren sanayicimize ve i\u015f\u00e7ilerimize \u015f\u00fckranlar\u0131m\u0131 sunuyorum\u201d diye konu\u015ftu.\u00a0<\/p>\n<p>\u201cVatanda\u015flar\u0131m\u0131z\u0131n, acil olmayan durumlar d\u0131\u015f\u0131nda hastaneye gitmemelerini rica ediyorum\u201d\u00a0<br \/>\nVatanda\u015flardan acil durumlar d\u0131\u015f\u0131nda hastaneye gitmemelerini rica eden Cumhurba\u015fkan\u0131 Erdo\u011fan, \u201cT\u00fcrkiye, Avrupa ve Amerika\u2019ya k\u0131yasla, bu hastal\u0131\u011f\u0131n yay\u0131lmas\u0131n\u0131n \u00fcstesinden gelmeye en yak\u0131n \u00fclkelerden biridir. Vatanda\u015flar\u0131m\u0131z\u0131n, her ge\u00e7en g\u00fcn daha bilin\u00e7li bir \u015fekilde tedbirlere uydu\u011funu g\u00f6r\u00fcyoruz. Salg\u0131n s\u00fcrecinde en \u00f6nemli hususlardan biri sa\u011fl\u0131k sistemimizi ayakta tutmakt\u0131r. Sa\u011fl\u0131k kurulu\u015flar\u0131m\u0131z\u0131n personel ve ara\u00e7-gere\u00e7 imkanlar\u0131n\u0131 ne kadar y\u00fcksek oranda KOV\u0130D-19 hastal\u0131\u011f\u0131 ile m\u00fccadeleye tahsis edersek, salg\u0131nla o derece etkili \u015fekilde ba\u015f edebiliriz. Ayr\u0131ca, bu t\u00fcr durumlarda sa\u011fl\u0131k kurulu\u015flar\u0131 salg\u0131n merkezi haline d\u00f6n\u00fc\u015febiliyor. Bunun i\u00e7in vatanda\u015flar\u0131m\u0131z\u0131n, ger\u00e7ekten acil olmayan durumlar d\u0131\u015f\u0131nda hastaneye gitmemelerini hassaten rica ediyorum\u201d dedi.\u00a0<\/p>\n<p>\u201cGerekirse, \u015fehir i\u00e7i ula\u015f\u0131mda da benzer y\u00f6ntemleri devreye sokabiliriz\u201d\u00a0<br \/>\nGerekirse \u015fehir i\u00e7i ula\u015f\u0131mda da k\u0131s\u0131tlamaya gidilebilece\u011fini belirten Erdo\u011fan s\u00f6zlerine \u015f\u00f6yle devam etti:\u00a0<br \/>\n\u201cOkullarda uzaktan e\u011fitime ge\u00e7erek, kamuda ve \u00f6zel sekt\u00f6rde evden \u00e7al\u0131\u015fma y\u00f6ntemini devreye alarak, ya\u015fl\u0131lar\u0131m\u0131za \u00f6zel ihtimam g\u00f6stererek, sokaktaki hareketlili\u011fi b\u00fcy\u00fck \u00f6l\u00e7\u00fcde azaltt\u0131k. \u0130nsanlar\u0131n toplu olarak bulundu\u011fu t\u00fcm mekanlar\u0131n faaliyetlerine ara vermesi de, evde kalma \u00e7a\u011fr\u0131m\u0131z\u0131n hayata ge\u00e7mesine \u00f6nemli katk\u0131 sa\u011flad\u0131. Son olarak, kara, hava ve deniz yollar\u0131yla yap\u0131lan \u015fehirleraras\u0131 ula\u015f\u0131m\u0131 s\u0131n\u0131rland\u0131rd\u0131k. Gerekirse, \u015fehiri\u00e7i ula\u015f\u0131mda da benzer y\u00f6ntemleri devreye sokabiliriz.\u201d\u00a0<\/p>\n<p>\u201c\u00dclke genelinde 41 yerle\u015fim birimimiz karantina alt\u0131ndad\u0131r\u201d\u00a0<br \/>\n\u201cG\u00fcnl\u00fck test say\u0131s\u0131n\u0131 10 bine ula\u015ft\u0131rd\u0131k\u201d diyen Erdo\u011fan, \u201cTespit yap\u0131lan ki\u015fi, hastal\u0131k belirlenen vaka, vefat ve taburcu rakamlar\u0131m\u0131z\u0131, \u015feffaf bir \u015fekilde her g\u00fcn milletimizle payla\u015f\u0131yoruz. Vir\u00fcs\u00fcn yay\u0131lmas\u0131n\u0131 \u00f6nlemek i\u00e7in her yola ba\u015fvurmakta kararl\u0131y\u0131z. Halihaz\u0131rda \u00fclke genelinde k\u00f6y ve mahalle stat\u00fcs\u00fcndeki 41 yerle\u015fim birimimiz karantina alt\u0131ndad\u0131r. Benzer \u00f6rneklerin yayg\u0131nla\u015fmas\u0131n\u0131n \u00f6n\u00fcne ge\u00e7menin tek yolu, her birimizin kendi karantinas\u0131n\u0131 kendi uygulamas\u0131d\u0131r\u201d ifadelerini kulland\u0131.\u00a0<br \/>\nErdo\u011fan s\u00f6zlerini \u015f\u00f6yle s\u00fcrd\u00fcrd\u00fc: \u201cBurada en \u00f6nemli hassasiyetimiz, temel ihtiya\u00e7 maddelerinin arz\u0131nda s\u00fcreklili\u011fi sa\u011flamak ve ihracat\u0131 desteklemek i\u00e7in \u00fcretimin kesintisiz s\u00fcrmesini temin etmektir. T\u00fcrkiye, her hal ve \u015fart alt\u0131nda \u00fcretime devam etmek, \u00e7arklar\u0131n\u0131n d\u00f6nmesini sa\u011flamak zorunda olan bir \u00fclkedir. \u00dcretimini s\u00fcrd\u00fcren \u015firketlerin \u00e7al\u0131\u015fanlar\u0131n\u0131n sa\u011fl\u0131\u011f\u0131n\u0131 korumas\u0131 i\u00e7in gereken tedbirleri en s\u0131k\u0131 \u015fekilde almalar\u0131n\u0131 sa\u011flayaca\u011f\u0131z.\u201d\u00a0<\/p>\n<p>\u0130spanya\u2019ya bir u\u00e7ak dolusu, \u0130talya\u2019ya da bir gemi dolusu yard\u0131m malzemesi yard\u0131m\u0131\u00a0<br \/>\nPek \u00e7ok \u00fclkeye sa\u011fl\u0131k ve temizlik malzemesi g\u00f6nderildi\u011fini vurgulayan Erdo\u011fan, \u201cKendimizle birlikte dostlar\u0131m\u0131z\u0131n da ihtiya\u00e7lar\u0131n\u0131 kar\u015f\u0131laman\u0131n gayreti i\u00e7indeyiz. Bu \u00e7er\u00e7evede, i\u00e7inde bulunduklar\u0131 \u015fu zor g\u00fcnlerde pek \u00e7ok \u00fclkeye sa\u011fl\u0131k ve temizlik malzemesi g\u00f6nderdik. Son olarak, salg\u0131ndan en olumsuz etkilenen \u00fclkelerden biri olan \u0130spanya\u2019ya bir u\u00e7ak dolusu malzemeyi birka\u00e7 g\u00fcn i\u00e7inde naklediyoruz. Ayn\u0131 \u015fekilde s\u0131k\u0131nt\u0131l\u0131 bir d\u00f6nemden ge\u00e7en \u0130talya\u2019ya da, K\u0131z\u0131lay arac\u0131l\u0131\u011f\u0131yla bir gemi dolusu yard\u0131m malzemesi ula\u015ft\u0131rd\u0131k. \u00dcretimini kendi yapt\u0131\u011f\u0131m\u0131z malzemeleri g\u00f6nderdi\u011fimiz ba\u015fka \u00fclkeler de var. T\u00fcrkiye ne kadar g\u00fc\u00e7l\u00fc olursa, dostlar\u0131na da o derecede fazla yard\u0131m eli uzatabilecektir\u201d dedi.\u00a0<\/p>\n<p>\u201cKurallara uyal\u0131m, tedbiri elden b\u0131rakmayal\u0131m, ba\u015faraca\u011f\u0131m\u0131za inanal\u0131m\u201d\u00a0<br \/>\nCumhurba\u015fkan\u0131 Erdo\u011fan, \u201c\u00dclkemizdeki t\u00fcm kalk\u0131nma ajanslar\u0131n\u0131n, bu hastal\u0131kla m\u00fccadele i\u00e7in yapacaklar\u0131 yenilik\u00e7i \u00e7al\u0131\u015fmalara destek verece\u011fiz. Sa\u011fl\u0131\u011f\u0131m\u0131z ve g\u00fcvenli\u011fimiz i\u00e7in gereken her t\u00fcrl\u00fc tedbiri alarak, bu do\u011frultuda yolumuza devam edece\u011fiz. \u0130\u015fi olmayan, zorunlulu\u011fu bulunmayan vatanda\u015flar\u0131m\u0131z g\u00f6n\u00fcll\u00fc karantina ile kendilerini ne kadar evde tutarlarsa, hayat\u0131m\u0131z\u0131n normale d\u00f6nme s\u00fcreci o kadar k\u0131salacakt\u0131r. Temizlik ve mesafe kurallar\u0131na riayet edilmesi, hastal\u0131\u011f\u0131n k\u0131r\u0131lma zincirine \u00e7ok \u00f6nemli katk\u0131 yapacakt\u0131r. Nice s\u0131k\u0131nt\u0131y\u0131 birlikte g\u00f6\u011f\u00fcsledi\u011fimiz, nice m\u00fccadeleyi birlikte y\u00fcr\u00fctt\u00fc\u011f\u00fcm\u00fcz milletimizle ele ele vererek, Rabbimizin yard\u0131m ve inayetiyle in\u015fallah bu musibetin de \u00fcstesinden gelece\u011fiz. Yeter ki kurallara uyal\u0131m, tedbiri elden b\u0131rakmayal\u0131m, ba\u015faraca\u011f\u0131m\u0131za inanal\u0131m. Hi\u00e7bir vir\u00fcs bizim birli\u011fimizden, beraberli\u011fimizden, karde\u015fli\u011fimizden daha g\u00fc\u00e7l\u00fc de\u011fildir. Hi\u00e7bir hastal\u0131k \u00f6n\u00fcm\u00fczdeki ayd\u0131nl\u0131k yar\u0131nlar\u0131n \u00f6n\u00fcne ge\u00e7emez. Hi\u00e7bir tehdit bizi hedeflerimize vazge\u00e7iremez\u201d \u015feklinde konu\u015ftu.\u00a0<br \/>\nEkonomik ve sosyal destek paketleri hakk\u0131nda konu\u015fan Erdo\u011fan, \u201cDevlet olarak, a\u00e7\u0131klad\u0131\u011f\u0131m\u0131z ekonomik ve sosyal destek paketleriyle, her kesimden insan\u0131m\u0131z\u0131n yan\u0131nda oldu\u011fumuzu g\u00f6sterdik, g\u00f6stermeye devam ediyoruz. \u0130stihdam\u0131n s\u00fcrmesini sa\u011flamak i\u00e7in, esnaf\u0131m\u0131za, sanatkar\u0131m\u0131za, k\u00fc\u00e7\u00fck ve orta \u00f6l\u00e7ekli i\u015fletmelerimize, ihracat\u00e7\u0131lar\u0131m\u0131za pek \u00e7ok erteleme ve destek d\u00fczenlenmesini hayata ge\u00e7irdik. \u00dclkemizdeki 2 milyondan fazla vergi m\u00fckellefinin 54 milyar liray\u0131 bulan muhtasar, KDV ve pirim \u00f6demelerini 6 ay s\u00fcreyle erteledik. Nakit ak\u0131\u015f\u0131 bozulan KOB\u0130\u2019ler ve di\u011fer firmalara, mevcut kredilerinin 6 aya kadar\u0131 \u00f6demesiz olmak \u00fczere, 12 aya kadar ilave s\u00fcre tan\u0131nmas\u0131n\u0131 sa\u011flad\u0131k. Sekt\u00f6r ayr\u0131m\u0131 g\u00f6zetmeksizin t\u00fcm kurumsal ve ticari firmalara i\u015fletme sermayesi deste\u011fi i\u00e7in 6 ay\u0131 \u00f6demesiz 36 ay vadeli ve y\u0131ll\u0131k y\u00fczde 7,5 maliyetli kredi imkan\u0131 getirdik. Esnaflar\u0131m\u0131z\u0131n hem Nisan, May\u0131s, Haziran ay\u0131 \u00f6demelerini faizsiz \u00f6teledik, hem de y\u00fczde 4,5 maliyetli 36 aya kadar vadeli bir kredi paketini hayata ge\u00e7irdik. Personel maa\u015flar\u0131n\u0131 kamu bankalar\u0131ndan \u00f6deyen firmalara, istihdam\u0131 azaltmamalar\u0131 \u015fart\u0131yla, \u00f6n\u00fcm\u00fczdeki 3 ayl\u0131k personel gideri kadar ilave likit sa\u011flad\u0131k. Kredi Garanti Fonunun limitini 50 bin liraya ve toplam kapasitesini de 850 bin kredi talebini kar\u015f\u0131layacak \u015fekilde 450 milyar liraya y\u00fckselttik. Reeskont kredilerinin geri \u00f6demelerini 90 g\u00fcn daha uzatarak 50 milyar liral\u0131k bir kayna\u011f\u0131 ihracat\u00e7\u0131lar\u0131m\u0131z\u0131n kullan\u0131m\u0131na sunduk\u201d diye konu\u015ftu.\u00a0<br \/>\nErdo\u011fan, \u201cSosyal yard\u0131m programlar\u0131m\u0131zda kay\u0131tl\u0131 2 milyon haneye biner lira nakit yard\u0131m\u0131 yap\u0131yoruz. K\u0131sa \u00e7al\u0131\u015fma \u00f6dene\u011fin \u015fartlar\u0131n\u0131 kolayla\u015ft\u0131rd\u0131k. En d\u00fc\u015f\u00fck emekli maa\u015f\u0131n\u0131 bin 500 liraya y\u00fckselttik. Emeklilerimizin bayram ikramiyesini \u00f6ne \u00e7ektik. Asgari \u00fccret deste\u011fini yayg\u0131nla\u015ft\u0131rd\u0131k. Sosyal yard\u0131mla\u015fma ve dayan\u0131\u015fma vak\u0131flar\u0131m\u0131z\u0131n \u00f6deneklerini art\u0131rd\u0131k. Y\u00fcksek\u00f6\u011frenim yurtlar\u0131nda kalan \u00f6\u011frencilerden, Mart ay\u0131nda yurtta kalmad\u0131klar\u0131 g\u00fcnlerin \u00fccretlerini iade ediyor, Nisan, May\u0131s ve Haziran aylar\u0131 i\u00e7in de \u00fccret alm\u0131yoruz. \u00d6\u011frencilerimizin kredi ve burs \u00f6demelerinde de herhangi bir kesinti yapm\u0131yoruz. Yine \u00f6\u011frencilerimizin kredi geri \u00f6demeleri, Nisan, May\u0131s ve Haziran ay\u0131 i\u00e7in ilave bir maliyet yans\u0131t\u0131lmadan ertelenebilecek. Halen 41 ilimizdeki y\u00fcksek\u00f6\u011frenim yurtlar\u0131m\u0131zda, yurt d\u0131\u015f\u0131ndan gelen 21 bin 500 vatanda\u015f\u0131m\u0131z\u0131 14 g\u00fcnl\u00fck karantina kural\u0131na g\u00f6re misafir ediyoruz. \u0130lk ve orta \u00f6\u011frenimdeki \u00f6\u011frencilerimize 8 cigabayta kadar \u00fccretsiz internet imkan\u0131 getirdik. Ya\u015fad\u0131\u011f\u0131m\u0131z d\u00f6nemin kahramanlar\u0131 olan sa\u011fl\u0131k\u00e7\u0131lar\u0131m\u0131za, 6 milyar liral\u0131k ilave bir destekle performans \u00f6demelerini en \u00fcst tavandan yap\u0131yoruz. Yine sa\u011fl\u0131k\u00e7\u0131lar\u0131m\u0131z\u0131n her birine, T\u00dcRKSAT \u00fczerinden 100\u2019er cigabayt \u00fccretsiz internet kotas\u0131 veriyoruz\u201d dedi.\u00a0<\/p>\n<p>\u201cTar\u0131m \u00fcr\u00fcnlerinin \u00fcretiminde kendi kendimize yeterlilik oran\u0131m\u0131z y\u00fczde 100\u2019\u00fcn \u00fczerindedir\u201d\u00a0<br \/>\n\u201c\u00c7ift\u00e7ilerimize destek olmak i\u00e7in 2020 y\u0131l\u0131 tar\u0131msal desteklerinin yar\u0131ya yak\u0131n\u0131n\u0131 bug\u00fcne kadar \u00f6dedik\u201d diyen Erdo\u011fan, \u201cHububat ve sebze ba\u015fta olmak \u00fczere hemen t\u00fcm tar\u0131m \u00fcr\u00fcnlerinin \u00fcretiminde kendi kendimize yeterlilik oran\u0131m\u0131z y\u00fczde 100\u2019\u00fcn \u00fczerindedir. Bu d\u00f6nemde yo\u011fun talebi olan bakliyat, makarna, temizlik malzemesi, ya\u011f gibi \u00fcr\u00fcnlerin \u00fcretimlerinde 3 kat\u0131na varan art\u0131\u015flar sa\u011flad\u0131k. Gerekirse bu kapasiteleri \u00e7ok daha fazla art\u0131rma imkan\u0131na sahibiz. Ald\u0131\u011f\u0131m\u0131z her tedbirle, devletimizin vatanda\u015f\u0131n\u0131n yan\u0131nda oldu\u011funu g\u00f6sterdik\u201d \u015feklinde konu\u015ftu.\u00a0<\/p>\n<p>\u201c&#8217;Biz Bize Yeteriz T\u00fcrkiyem&#8217; diyerek Milli Dayan\u0131\u015fma Kampanyas\u0131 ba\u015flat\u0131yoruz\u201d\u00a0<br \/>\n\u201cBiz Bize Yeteriz T\u00fcrkiyem\u201d slogan\u0131yla bir kampanya ba\u015flat\u0131ld\u0131\u011f\u0131n\u0131 belirten Erdo\u011fan, \u201cSivil toplum kurulu\u015flar\u0131m\u0131z\u0131n, imkanlar\u0131 \u00e7er\u00e7evesinde ihtiya\u00e7 sahiplerine destek olmaya \u00e7al\u0131\u015ft\u0131\u011f\u0131n\u0131 biliyoruz. Bu konuda da devletin \u00f6nc\u00fcl\u00fck etmesi gerekti\u011fini g\u00f6rd\u00fc\u011f\u00fcm\u00fcz i\u00e7in milli dayan\u0131\u015fma kampanyas\u0131 ba\u015flat\u0131yoruz. &#8216;Biz Bize Yeteriz T\u00fcrkiyem&#8217; diyerek ba\u015flatt\u0131\u011f\u0131m\u0131z bu kampanya i\u00e7in, Aile, \u00c7al\u0131\u015fma ve Sosyal Hizmetler Bakanl\u0131\u011f\u0131m\u0131z taraf\u0131ndan, \u015fu anda bilgileri ekranda g\u00f6z\u00fcken bir yard\u0131m hesab\u0131 a\u00e7\u0131ld\u0131. Ayr\u0131ca, yine ekranda g\u00f6z\u00fcken k\u0131sa mesaj numaralar\u0131 \u00fczerinden de ba\u011f\u0131\u015f yap\u0131labilecek. Amac\u0131m\u0131z, yevmiye ile ge\u00e7imini s\u00fcrd\u00fcren kesimler ba\u015fta olmak \u00fczere, al\u0131nan tedbirlerden dolay\u0131 ma\u011fdur olan dar gelirli vatanda\u015flar\u0131m\u0131za ilave destek sa\u011flamakt\u0131r. Her ilimizde ve il\u00e7emizde bulunan Sosyal Yard\u0131mla\u015fma ve Dayan\u0131\u015fma Vak\u0131flar\u0131m\u0131z arac\u0131l\u0131\u011f\u0131yla ihtiya\u00e7 sahibi vatanda\u015flar\u0131m\u0131z\u0131 belirleyip, bu yard\u0131mlar\u0131 kendilerine sunaca\u011f\u0131z. Gerekirse muhtarl\u0131klar\u0131m\u0131z\u0131 da devreye alarak, kampanyada toplanan paralar\u0131n en do\u011fru \u015fekilde yerine ula\u015fmas\u0131n\u0131 temin edece\u011fiz\u201d diye konu\u015ftu.\u00a0<\/p>\n<p>\u201cKampanyay\u0131 7 ayl\u0131k maa\u015f\u0131m\u0131 ba\u011f\u0131\u015flayarak a\u00e7\u0131yorum\u201d\u00a0<br \/>\n\u201cBiz Bize Yeteriz T\u00fcrkiyem\u201d kampanyas\u0131na 7 ayl\u0131k maa\u015f\u0131n\u0131 ba\u011f\u0131\u015flad\u0131\u011f\u0131n\u0131 s\u00f6yleyen Erdo\u011fan, \u201cKampanyay\u0131, \u015fahs\u0131m olarak, 7 ayl\u0131k maa\u015f\u0131m\u0131 ba\u011f\u0131\u015flayarak a\u00e7\u0131yorum. Biraz \u00f6nceki toplant\u0131m\u0131zda bakan arkada\u015flar\u0131m\u0131z da, ayn\u0131 \u015fekilde bu ayki maa\u015flar\u0131n\u0131 kampanyaya ba\u011f\u0131\u015flama karar\u0131 ald\u0131lar. Tabii baz\u0131 bakanlar\u0131m\u0131z \u00e7ok daha y\u00fcksek ba\u011f\u0131\u015f rakamlar\u0131 da ifade ettiler. Meclis\u2019teki t\u00fcm milletvekillerimizi, AK Parti ba\u015fta olmak \u00fczere t\u00fcm partilerimizin te\u015fkilatlar\u0131n\u0131, t\u00fcm belediye ba\u015fkanlar\u0131m\u0131z\u0131, b\u00fcrokratlar\u0131m\u0131z\u0131 kampanyaya kat\u0131lmaya davet ediyoruz. Tabii en b\u00fcy\u00fck katk\u0131y\u0131 da i\u015f adamlar\u0131m\u0131zdan, hay\u0131rseverlerimizden bekliyoruz. Zekatlar\u0131n\u0131 Ramazan ay\u0131nda da\u011f\u0131tmay\u0131 d\u00fc\u015f\u00fcnen vatanda\u015flar\u0131m\u0131z da bu kampanyaya kat\u0131larak, hay\u0131r yar\u0131\u015f\u0131nda yerlerini alabilirler. Kampanyam\u0131za yap\u0131lan yard\u0131mlar\u0131n \u015fimdiden Hak kat\u0131nda kabul olmas\u0131n\u0131 diliyorum. \u0130n\u015fallah ya\u015fad\u0131\u011f\u0131m\u0131z s\u0131k\u0131nt\u0131l\u0131 g\u00fcnleri geride b\u0131rakt\u0131\u011f\u0131m\u0131zda, hat\u0131rlayaca\u011f\u0131m\u0131z en g\u00fczel \u015feylerden biri de, i\u015fte bu birlik, beraberlik, karde\u015flik, dayan\u0131\u015fma foto\u011fraf\u0131m\u0131z olacakt\u0131r\u201d dedi.\u00a0<\/p>\n","protected":false},"excerpt":{"rendered":"<p>&#8220;\u00dclke genelinde 41 yerle\u015fim birimimiz karantina alt\u0131ndad\u0131r&#8221; Cumhurba\u015fkan\u0131 Recep Tayyip Erdo\u011fan, kabine toplant\u0131s\u0131n\u0131n ard\u0131ndan yapt\u0131\u011f\u0131 \u201cMillete Sesleni\u015f\u201d konu\u015fmas\u0131nda \u201cBiz Bize Yeteriz T\u00fcrkiyem\u201d slogan\u0131yla bir kampanya ba\u015flat\u0131ld\u0131\u011f\u0131n\u0131 duyurdu. Erdo\u011fan, &#8220;Milli Dayan\u0131\u015fma &hellip; <a href=\"https:\/\/akdenizolaygazetesi.com\/?p=6364\" class=\"more-link\">Devam\u0131n\u0131 Oku&#8230;<\/a><\/p>\n","protected":false},"author":1,"featured_media":0,"comment_status":"open","ping_status":"open","sticky":false,"template":"","format":"standard","meta":[],"categories":[],"tags":[],"_links":{"self":[{"href":"https:\/\/akdenizolaygazetesi.com\/index.php?rest_route=\/wp\/v2\/posts\/6364"}],"collection":[{"href":"https:\/\/akdenizolaygazetesi.com\/index.php?rest_route=\/wp\/v2\/posts"}],"about":[{"href":"https:\/\/akdenizolaygazetesi.com\/index.php?rest_route=\/wp\/v2\/types\/post"}],"author":[{"embeddable":true,"href":"https:\/\/akdenizolaygazetesi.com\/index.php?rest_route=\/wp\/v2\/users\/1"}],"replies":[{"embeddable":true,"href":"https:\/\/akdenizolaygazetesi.com\/index.php?rest_route=%2Fwp%2Fv2%2Fcomments&post=6364"}],"version-history":[{"count":0,"href":"https:\/\/akdenizolaygazetesi.com\/index.php?rest_route=\/wp\/v2\/posts\/6364\/revisions"}],"wp:attachment":[{"href":"https:\/\/akdenizolaygazetesi.com\/index.php?rest_route=%2Fwp%2Fv2%2Fmedia&parent=6364"}],"wp:term":[{"taxonomy":"category","embeddable":true,"href":"https:\/\/akdenizolaygazetesi.com\/index.php?rest_route=%2Fwp%2Fv2%2Fcategories&post=6364"},{"taxonomy":"post_tag","embeddable":true,"href":"https:\/\/akdenizolaygazetesi.com\/index.php?rest_route=%2Fwp%2Fv2%2Ftags&post=6364"}],"curies":[{"name":"wp","href":"https:\/\/api.w.org\/{rel}","templated":true}]}}