{"id":6384,"date":"2020-11-04T18:26:53","date_gmt":"2020-11-04T15:26:53","guid":{"rendered":"http:\/\/mersinekonomipolitikagazetesi.com\/?p=6384"},"modified":"2020-11-04T18:26:53","modified_gmt":"2020-11-04T15:26:53","slug":"gonullu-kadinlar-maske-uretmeye-basladi","status":"publish","type":"post","link":"https:\/\/akdenizolaygazetesi.com\/?p=6384","title":{"rendered":"G\u00f6n\u00fcll\u00fc kad\u0131nlar maske \u00fcretmeye ba\u015flad\u0131"},"content":{"rendered":"<p><span style=\"line-height: 1.6em;\">\u00a0Mersin Kad\u0131n Giri\u015fimi \u00dcretim ve \u0130\u015fletme Kooperatifi b\u00fcnyesinde faaliyet y\u00fcr\u00fcten kad\u0131nlar ile kooperatife g\u00f6n\u00fcll\u00fc olan kad\u0131nlar, korona vir\u00fcs (Covid-19) salg\u0131n\u0131 ile m\u00fccadele noktas\u0131nda maske \u00fcretmeye ba\u015flad\u0131. Medikal maske kuma\u015f\u0131ndan \u00fcretilen kullan at maskelerinin malzeme tedarikini ise Mersin B\u00fcy\u00fck\u015fehir Belediyesi sa\u011fl\u0131yor.\u00a0<\/span><\/p>\n<p>G\u00f6n\u00fcll\u00fc kad\u0131nlar, Covid-19 ile m\u00fccadelenin s\u00fcrd\u00fc\u011f\u00fc \u015fu g\u00fcnlerde vatanda\u015flar\u0131n sa\u011fl\u0131\u011f\u0131n\u0131 vir\u00fcse kar\u015f\u0131 korumak i\u00e7in diki\u015f makinesinin ba\u015f\u0131na ge\u00e7ti. Vir\u00fcs T\u00fcrkiye\u2019de g\u00f6r\u00fclmeye ba\u015flad\u0131\u011f\u0131 g\u00fcnden itibaren kolonyada oldu\u011fu gibi t\u00fcm eczanelerde t\u00fckendi\u011fi i\u00e7in vatanda\u015flar\u0131n tedarik etme noktas\u0131nda s\u0131k\u0131nt\u0131 ya\u015fad\u0131\u011f\u0131 maskenin \u00fcretimini B\u00fcy\u00fck\u015fehir\u2019in \u00f6nc\u00fcl\u00fc\u011f\u00fcnde Kad\u0131n Giri\u015fimi \u00dcretim ve \u0130\u015fletme Kooperatifi b\u00fcnyesinde faaliyet y\u00fcr\u00fcten kad\u0131nlar ve onlar\u0131n organize etti\u011fi g\u00f6n\u00fcll\u00fc kad\u0131nlar \u00fcstlendi.\u00a0<br \/>\n20 g\u00f6n\u00fcll\u00fc kad\u0131n\u0131n g\u00f6nl\u00fcn\u00fc ortaya koyarak ba\u015flad\u0131\u011f\u0131 maske dikiminde kad\u0131nlar\u0131n bir k\u0131sm\u0131 Barbaros Mahallesi\u2019ndeki kurs merkezinde dikim yaparken, bir k\u0131sm\u0131 da kendi evlerinde diki\u015f makineleri ile vatanda\u015flar\u0131n sa\u011fl\u0131\u011f\u0131 i\u00e7in maske \u00fcretimine ba\u015flad\u0131. Maskeler \u00fcretildikten sonra B\u00fcy\u00fck\u015fehir Belediyesi taraf\u0131ndan sterilizasyon i\u015flemi yap\u0131larak steril hale getirilecek. Korona vir\u00fcs nedeniyle vatanda\u015flar\u0131n bir\u00e7o\u011fu \u00f6nlem i\u00e7in evlerinden \u00e7\u0131kmazken, bir\u00e7o\u011fu hala evlerine ekmek g\u00f6t\u00fcrmek i\u00e7in vir\u00fcse ra\u011fmen \u00e7al\u0131\u015fmak zorunda kal\u0131yor. \u0130\u015fe gitmek i\u00e7in sabah yola koyulan, toplu ta\u015f\u0131ma ara\u00e7lar\u0131n\u0131 kullanmak zorunda olan ve g\u00fcn boyu \u00e7al\u0131\u015fan mevsimlik tar\u0131m i\u015f\u00e7ilerini, 65 ya\u015f \u00fcst\u00fc vatanda\u015flar\u0131, kanser hastalar\u0131n\u0131, engellileri ve B\u00fcy\u00fck\u015fehir\u2019in saha personelini vir\u00fcse kar\u015f\u0131 koruyacak olan maskeler, dikim bittik\u00e7e da\u011f\u0131t\u0131ma \u00e7\u0131kacak.\u00a0<\/p>\n<p>\u0130lk etapta 100 bin adet \u00fcretecekler\u00a0<br \/>\nVatanda\u015flar\u0131n sa\u011fl\u0131\u011f\u0131 i\u00e7in i\u015fe koyulan kad\u0131nlar ilk etapta 100 bin adet maske \u00fcretecek. Kurs Merkezi\u2019nde bir araya gelen ve sosyal mesafeye dikkat ederek d\u00f6n\u00fc\u015f\u00fcml\u00fc \u00e7al\u0131\u015fan g\u00f6n\u00fcll\u00fcler kullan at tarz\u0131 yap\u0131lan maske dikimini salg\u0131n s\u00fcresince devam ettirecek. Maskeler il\u00e7eler dahil olmak \u00fczere ihtiya\u00e7 duyulan her noktaya ula\u015ft\u0131r\u0131lacak. Kooperatifin kurucu ortaklar\u0131ndan Eylem Bozdo\u011fan, maskelerin dikim s\u00fcrecini payla\u015farak, \u201c\u015eu g\u00fcnlerde en \u00e7ok ihtiya\u00e7 duyulan \u015fey maske. Biz de Kad\u0131n Kooperatifi olarak ne yapabiliriz diye d\u00fc\u015f\u00fcnd\u00fck. \u00dcretici kad\u0131nlar olarak maske ihtiyac\u0131 do\u011frultusunda \u00fcretimde yer alabilece\u011fimizi belirttik. B\u00fcy\u00fck\u015fehir Belediyemiz\u2019in de b\u00f6yle bir talebi oldu. Biz de kooperatifimizin \u00fcreten kad\u0131nlar\u0131 ile beraber i\u015fe koyulduk. Burada sa\u011fl\u0131k dolay\u0131s\u0131yla, risk olu\u015fturmamas\u0131 a\u00e7\u0131s\u0131ndan m\u00fcmk\u00fcn oldu\u011funca az ki\u015fi olmas\u0131 gerekti\u011fi i\u00e7in kad\u0131nlar\u0131n bir k\u0131sm\u0131 evden dikim yap\u0131yorlar\u201d dedi.\u00a0<br \/>\nBozdo\u011fan, maskelerin hammaddesini B\u00fcy\u00fck\u015fehir Belediyesi\u2019nden temin ettiklerini ve g\u00f6n\u00fcll\u00fclerle i\u015fe koyulduklar\u0131n\u0131 ifade etti. Bozdo\u011fan, &#8220;B\u00fcy\u00fck\u015fehir bize bu maskelerin hammaddeleri verdi. Biz de birle\u015ftirerek son kullan\u0131m haline getiriyoruz. Maskeler paketlenmeden \u00f6nce Mersin B\u00fcy\u00fck\u015fehir Belediyemiz taraf\u0131ndan sterilizasyon i\u015flemi yap\u0131lacak. Daha sonra paketlenip ihtiya\u00e7 sahibi yerlere da\u011f\u0131t\u0131m yap\u0131lacak. Bu s\u00fcre\u00e7te yer almak istedi\u011fini belirten \u00e7ok kad\u0131n oldu. \u2018Evimde diki\u015f makinam var, g\u00f6n\u00fcll\u00fc olarak dikebilirim\u2019 diyenler oldu. Bu kad\u0131nlar\u0131m\u0131z bize sosyal medya hesaplar\u0131m\u0131z \u00fczerinden mesaj yoluyla ula\u015fabilirler&#8221; diye konu\u015ftu.\u00a0<br \/>\nGiyim \u00fcretim teknolojileri alan\u0131nda \u00f6\u011freticilik yapan ve maske \u00fcreten kad\u0131nlara e\u011fitim veren G\u00fclten \u00c7avu\u015f ise \u201cG\u00f6n\u00fcll\u00fc arkada\u015flarla, \u2018biz de bu yolda var\u0131z ve destek vermeye haz\u0131r\u0131z\u2019 diyerek yola \u00e7\u0131kt\u0131k, maske \u00fcretiyoruz. Kad\u0131nlar daha \u00f6nce halk e\u011fitim destekli kurslarda diki\u015f ve giyim \u00fczerine e\u011fitim alm\u0131\u015flard\u0131 ve makinalar\u0131 \u00e7ok seri kullan\u0131yorlar. Talep edildi\u011fi kadar \u00fcretime haz\u0131r\u0131z. Medikal maske kuma\u015f\u0131n\u0131 belirli standartlarda haz\u0131rlay\u0131p kullan\u0131ma haz\u0131r hale getiriyoruz. Evden \u00e7al\u0131\u015fanlarla da telefonla ileti\u015fime ge\u00e7ip, eksikleri gideriyoruz. G\u00fcn ge\u00e7tik\u00e7e de say\u0131m\u0131z art\u0131yor. B\u00fcy\u00fck\u015fehir Belediyemiz\u2019in bu giri\u015fimini \u00e7ok \u00f6nemsiyoruz. \u00c7ok g\u00fczel i\u015flere imza at\u0131yor, destek\u00e7isiyiz. Duyarl\u0131l\u0131\u011f\u0131ndan dolay\u0131 B\u00fcy\u00fck\u015fehir Belediyemiz\u2019e te\u015fekk\u00fcr ediyoruz\u201d diye konu\u015ftu.\u00a0<\/p>\n","protected":false},"excerpt":{"rendered":"<p>\u00a0Mersin Kad\u0131n Giri\u015fimi \u00dcretim ve \u0130\u015fletme Kooperatifi b\u00fcnyesinde faaliyet y\u00fcr\u00fcten kad\u0131nlar ile kooperatife g\u00f6n\u00fcll\u00fc olan kad\u0131nlar, korona vir\u00fcs (Covid-19) salg\u0131n\u0131 ile m\u00fccadele noktas\u0131nda maske \u00fcretmeye ba\u015flad\u0131. Medikal maske kuma\u015f\u0131ndan \u00fcretilen &hellip; <a href=\"https:\/\/akdenizolaygazetesi.com\/?p=6384\" class=\"more-link\">Devam\u0131n\u0131 Oku&#8230;<\/a><\/p>\n","protected":false},"author":1,"featured_media":0,"comment_status":"open","ping_status":"open","sticky":false,"template":"","format":"standard","meta":[],"categories":[],"tags":[],"_links":{"self":[{"href":"https:\/\/akdenizolaygazetesi.com\/index.php?rest_route=\/wp\/v2\/posts\/6384"}],"collection":[{"href":"https:\/\/akdenizolaygazetesi.com\/index.php?rest_route=\/wp\/v2\/posts"}],"about":[{"href":"https:\/\/akdenizolaygazetesi.com\/index.php?rest_route=\/wp\/v2\/types\/post"}],"author":[{"embeddable":true,"href":"https:\/\/akdenizolaygazetesi.com\/index.php?rest_route=\/wp\/v2\/users\/1"}],"replies":[{"embeddable":true,"href":"https:\/\/akdenizolaygazetesi.com\/index.php?rest_route=%2Fwp%2Fv2%2Fcomments&post=6384"}],"version-history":[{"count":0,"href":"https:\/\/akdenizolaygazetesi.com\/index.php?rest_route=\/wp\/v2\/posts\/6384\/revisions"}],"wp:attachment":[{"href":"https:\/\/akdenizolaygazetesi.com\/index.php?rest_route=%2Fwp%2Fv2%2Fmedia&parent=6384"}],"wp:term":[{"taxonomy":"category","embeddable":true,"href":"https:\/\/akdenizolaygazetesi.com\/index.php?rest_route=%2Fwp%2Fv2%2Fcategories&post=6384"},{"taxonomy":"post_tag","embeddable":true,"href":"https:\/\/akdenizolaygazetesi.com\/index.php?rest_route=%2Fwp%2Fv2%2Ftags&post=6384"}],"curies":[{"name":"wp","href":"https:\/\/api.w.org\/{rel}","templated":true}]}}