{"id":6385,"date":"2020-11-04T18:26:54","date_gmt":"2020-11-04T15:26:54","guid":{"rendered":"http:\/\/mersinekonomipolitikagazetesi.com\/?p=6385"},"modified":"2020-11-04T18:26:54","modified_gmt":"2020-11-04T15:26:54","slug":"esnaf-covid-19a-karsi-kendi-onlemini-aliyor","status":"publish","type":"post","link":"https:\/\/akdenizolaygazetesi.com\/?p=6385","title":{"rendered":"Esnaf Covid-19\u2019a kar\u015f\u0131 kendi \u00f6nlemini al\u0131yor"},"content":{"rendered":"<p>\u00a0<\/p>\n<p>Mersin\u2019de esnaf kendi \u00f6nlemini kendisi almaya devam ediyor. Bakkallar, kuruyemi\u015f\u00e7iler gibi k\u00fc\u00e7\u00fck i\u015fletmeler m\u00fc\u015fterilerle \u00fcr\u00fcn aras\u0131na Covid-19 nedeniyle engel koydu.<\/p>\n<p>\u00a0<\/p>\n<p>Mersin\u2019de de Covid-19 \u2018a kar\u015f\u0131 \u00f6nlemler g\u00fcnden g\u00fcne artarak devam ediyor. Bir\u00e7ok i\u015fletme belediyelerce dezenfekte edilerek \u00f6nlem al\u0131n\u0131rken bir\u00e7ok i\u015fletme de kendilerince \u00f6nlemleri artt\u0131r\u0131yor. \u0130\u015fletmeler vatanda\u015f\u0131n s\u00fcrekli olarak kulland\u0131\u011f\u0131 alanlar\u0131 s\u0131n\u0131rland\u0131rarak d\u00fckkan i\u00e7lerine \u015ferit \u00e7ekti. D\u00fckkan i\u00e7erisine de s\u0131ra ile giri\u015f yapt\u0131r\u0131l\u0131rken olumlu kar\u015f\u0131lanan bu durum vatanda\u015flarca takdir edildi.<\/p>\n<p>Esnaf vatanda\u015flardan takdir ald\u0131<\/p>\n<p>\u0130\u015fletme \u00f6nlerinde s\u0131ra bekleyen Mersinliler, \u201cBu \u015fekilde bir d\u00fczenleme yapan i\u015fletmeler artmaya ba\u015flad\u0131. Bizler bu \u015fekilde al\u0131\u015fveri\u015f yapmaya al\u0131\u015ft\u0131k ve hatta daha iyi olarak kar\u015f\u0131l\u0131yoruz. Eldivensiz \u00e7al\u0131\u015fmayan personeller ve s\u0131ra ile giri\u015f yapt\u0131\u011f\u0131m\u0131z al\u0131\u015fveri\u015flerden memnunuz. Mersinli esnaflar\u0131 kendi tedbirlerini ald\u0131klar\u0131 i\u00e7in tebrik ediyoruz.\u201d diye konu\u015ftular.<\/p>\n","protected":false},"excerpt":{"rendered":"<p>\u00a0 Mersin\u2019de esnaf kendi \u00f6nlemini kendisi almaya devam ediyor. Bakkallar, kuruyemi\u015f\u00e7iler gibi k\u00fc\u00e7\u00fck i\u015fletmeler m\u00fc\u015fterilerle \u00fcr\u00fcn aras\u0131na Covid-19 nedeniyle engel koydu. \u00a0 Mersin\u2019de de Covid-19 \u2018a kar\u015f\u0131 \u00f6nlemler g\u00fcnden g\u00fcne &hellip; <a href=\"https:\/\/akdenizolaygazetesi.com\/?p=6385\" class=\"more-link\">Devam\u0131n\u0131 Oku&#8230;<\/a><\/p>\n","protected":false},"author":1,"featured_media":0,"comment_status":"open","ping_status":"open","sticky":false,"template":"","format":"standard","meta":[],"categories":[],"tags":[],"_links":{"self":[{"href":"https:\/\/akdenizolaygazetesi.com\/index.php?rest_route=\/wp\/v2\/posts\/6385"}],"collection":[{"href":"https:\/\/akdenizolaygazetesi.com\/index.php?rest_route=\/wp\/v2\/posts"}],"about":[{"href":"https:\/\/akdenizolaygazetesi.com\/index.php?rest_route=\/wp\/v2\/types\/post"}],"author":[{"embeddable":true,"href":"https:\/\/akdenizolaygazetesi.com\/index.php?rest_route=\/wp\/v2\/users\/1"}],"replies":[{"embeddable":true,"href":"https:\/\/akdenizolaygazetesi.com\/index.php?rest_route=%2Fwp%2Fv2%2Fcomments&post=6385"}],"version-history":[{"count":0,"href":"https:\/\/akdenizolaygazetesi.com\/index.php?rest_route=\/wp\/v2\/posts\/6385\/revisions"}],"wp:attachment":[{"href":"https:\/\/akdenizolaygazetesi.com\/index.php?rest_route=%2Fwp%2Fv2%2Fmedia&parent=6385"}],"wp:term":[{"taxonomy":"category","embeddable":true,"href":"https:\/\/akdenizolaygazetesi.com\/index.php?rest_route=%2Fwp%2Fv2%2Fcategories&post=6385"},{"taxonomy":"post_tag","embeddable":true,"href":"https:\/\/akdenizolaygazetesi.com\/index.php?rest_route=%2Fwp%2Fv2%2Ftags&post=6385"}],"curies":[{"name":"wp","href":"https:\/\/api.w.org\/{rel}","templated":true}]}}