{"id":6404,"date":"2020-11-04T18:26:54","date_gmt":"2020-11-04T15:26:54","guid":{"rendered":"http:\/\/mersinekonomipolitikagazetesi.com\/?p=6404"},"modified":"2020-11-04T18:26:54","modified_gmt":"2020-11-04T15:26:54","slug":"gocmenler-ve-yerlerinden-edilmis-toplumlar-uzerinde-yikici-bir-etkiye-yol-acabilir","status":"publish","type":"post","link":"https:\/\/akdenizolaygazetesi.com\/?p=6404","title":{"rendered":"G\u00f6\u00e7menler ve yerlerinden edilmi\u015f toplumlar \u00fczerinde y\u0131k\u0131c\u0131 bir etkiye yol a\u00e7abilir"},"content":{"rendered":"<p>\u00a0\u201cCOVID-19 hastal\u0131\u011f\u0131n\u0131n, g\u00f6\u00e7men ailelerin bulundu\u011fu m\u00fclteci kamplar\u0131nda, kalabal\u0131k kabul merkezlerinde veya idari g\u00f6zetim merkezlerinde yay\u0131lma riski olduk\u00e7a y\u00fcksek. Vir\u00fcs\u00fcn yay\u0131lma h\u0131z\u0131 da dikkate al\u0131nd\u0131\u011f\u0131nda, b\u00f6yle bir senaryo \u00e7ok uzak g\u00f6r\u00fcnm\u00fcyor.<br \/>\n\u00a0<br \/>\n\u201cM\u00fclteci, g\u00f6\u00e7men veya bulunduklar\u0131 \u00fclkede yerlerinden edilmi\u015f ki\u015filer de d\u00e2hil olmak \u00fczere evlerini terk etmek zorunda kalan \u00e7ocuklar ve aileler, k\u00fcresel bir salg\u0131n yokken dahi sa\u011fl\u0131k hizmetlerine ve d\u00fczg\u00fcn el y\u0131kama ve hijyen olanaklar\u0131 gibi \u00f6nleyici hizmetlere eri\u015fimde b\u00fcy\u00fck engellerle kar\u015f\u0131la\u015fmaktad\u0131r. Dolay\u0131s\u0131yla bir salg\u0131n hastal\u0131k durumunda bu ki\u015filer \u00e7ok daha b\u00fcy\u00fck bir risk alt\u0131ndad\u0131r.\u201d<br \/>\n\u00a0<br \/>\n\u201cCOVID-19 gibi bir solunum yolu hastal\u0131\u011f\u0131, bir\u00e7ok kamp ve yerle\u015fim alan\u0131n\u0131n tipik \u00f6zelli\u011fi olan a\u015f\u0131r\u0131 kalabal\u0131k, kapal\u0131 mek\u00e2nlarda ve g\u00fcvenli olmayan ko\u015fullarda kolayl\u0131kla yay\u0131labilir. Bu ortamlardaki ailelerin hastal\u0131\u011f\u0131 kapma riski \u00e7ok daha y\u00fcksek olup yetersiz hizmetler nedeniyle hastal\u0131kla m\u00fccadele etme imk\u00e2nlar\u0131 da \u00e7ok daha azd\u0131r.\u201d \u00a0\u00a0<br \/>\n\u00a0<br \/>\n\u201cBurada az say\u0131da bir insan toplulu\u011fundan s\u00f6z etmiyoruz. Bug\u00fcn evlerini terk etmek zorunda kalm\u0131\u015f 31 milyon \u00e7ocuk var. Bu \u00e7ocuklar\u0131n 17 milyondan fazlas\u0131 kendi \u00fclkesi i\u00e7inde yerinden edilmi\u015f, 12,7 milyonu m\u00fclteci konumunda ve 1,1 milyonu da s\u0131\u011f\u0131nmac\u0131 stat\u00fcs\u00fcnde bulunuyor. T\u00fcm bu \u00e7ocuklar \u00e7e\u015fitli hizmetlere ihtiyac\u0131 duyuyor. Bununla birlikte, b\u00fcy\u00fck bir k\u0131sm\u0131n\u0131n hastaland\u0131klar\u0131nda doktora telefon etme, her ihtiya\u00e7 duyduklar\u0131nda ellerini y\u0131kama veya hastal\u0131\u011f\u0131n bula\u015fmas\u0131n\u0131 engellemek i\u00e7in sosyal mesafe uygulama l\u00fcksleri de yok.\u201d<br \/>\n\u00a0<br \/>\n\u201cK\u00fcresel salg\u0131na y\u00f6nelik her t\u00fcrl\u00fc halk sa\u011fl\u0131\u011f\u0131 m\u00fcdahalesi; m\u00fclteciler, g\u00f6\u00e7menler ve \u00fclke i\u00e7inde yerlerinden edilmi\u015f ki\u015filer de dahil olmak \u00fczere en savunmas\u0131z ki\u015filere ula\u015fabilmelidir. Bu da hastal\u0131\u011f\u0131 \u00f6nlemeye y\u00f6nelik bilgiye, su ve sanitasyon olanaklar\u0131 ile test ve tedavi imkanlar\u0131na adil eri\u015fim sa\u011flamak anlam\u0131na gelmektedir. \u00c7ocuklar onlara bakan ki\u015filerden ayr\u0131 d\u00fc\u015fm\u00fc\u015f veya bu ki\u015filer vefat etmi\u015f ise onlar i\u00e7in g\u00fcvenli, aile temelli bak\u0131m ve destek planlar\u0131 mevcut olmal\u0131d\u0131r.\u201d<br \/>\n\u00a0<br \/>\n\u201cBunun yan\u0131 s\u0131ra, s\u0131n\u0131rlar\u0131n kapat\u0131lmas\u0131 ve seyahatin s\u0131n\u0131rland\u0131r\u0131lmas\u0131 gibi \u00f6nleme tedbirleri \u00e7ocuklar\u0131n s\u0131\u011f\u0131nma talep etme ve aile \u00fcyeleri ile yeniden birle\u015fme haklar\u0131n\u0131 engellememelidir. Ayr\u0131ca bu t\u00fcr tedbirlerin, yard\u0131m kurulu\u015flar\u0131n\u0131n insani yard\u0131m sa\u011flama \u00e7abalar\u0131n\u0131 da baltalamamas\u0131 gerekir. Evlerini terk etmek zorunda kalan \u00e7ocuklar ve aileleri, zarar g\u00f6rme riskinin bulundu\u011fu ortamlardan h\u0131zl\u0131ca uzakla\u015ft\u0131r\u0131lmal\u0131 ve bu ki\u015filere suya, sabuna, sosyal mesafe uygulamas\u0131na ve g\u00fcvenli\u011fe eri\u015fimlerinin oldu\u011fu yeterli bar\u0131nma imkanlar\u0131 sa\u011flanmal\u0131d\u0131r.\u201d\u00a0<br \/>\n\u00a0<br \/>\n\u201cUNICEF; hastal\u0131\u011f\u0131n m\u00fclteciler, g\u00f6\u00e7menler ve yerlerinden edilmi\u015f toplumlar aras\u0131nda yay\u0131lmas\u0131n\u0131 \u00f6nlemek i\u00e7in ortaklar\u0131 ile birlikte \u00e7al\u0131\u015fmaktad\u0131r. Bu \u00e7al\u0131\u015fmalar; bar\u0131nma merkezlerinde, kamplarda ve di\u011fer s\u0131\u011f\u0131nma alanlar\u0131nda hastal\u0131\u011f\u0131n yay\u0131lmas\u0131n\u0131 \u00f6nlemeye yard\u0131mc\u0131 olacak hijyen uygulamalar\u0131n\u0131 te\u015fvik etmeyi de kapsamaktad\u0131r. Bu \u00e7abalar COVID-19 hakk\u0131nda do\u011fru ve \u00e7ocuk dostu bilgi kaynaklar\u0131n\u0131n ve sosyal damgalamayla m\u00fccadele etmeye y\u00f6nelik materyallerin geli\u015ftirilmesi ve pozitif ebeveynlik uygulamalar\u0131n\u0131n te\u015fvik edilmesini de i\u00e7ermektedir. Ayr\u0131ca hijyen malzemelerinin da\u011f\u0131t\u0131m\u0131 ve suya eri\u015fimin sa\u011flanmas\u0131 da yine bu \u00e7al\u0131\u015fmalar kapsam\u0131ndad\u0131r.\u201d<br \/>\n\u00a0<br \/>\n\u201cAncak t\u00fcm bunlar\u0131 tek ba\u015f\u0131m\u0131za yapamay\u0131z. Bug\u00fcn h\u00fck\u00fcmetler ve uluslararas\u0131 toplum bu ola\u011fan\u00fcst\u00fc d\u00f6nemde en savunmas\u0131z ki\u015fileri korumak i\u00e7in her zaman oldu\u011fundan daha fazla bir araya gelmeli ve i\u015fbirli\u011fi yapmal\u0131d\u0131r.\u201d<\/p>\n","protected":false},"excerpt":{"rendered":"<p>\u00a0\u201cCOVID-19 hastal\u0131\u011f\u0131n\u0131n, g\u00f6\u00e7men ailelerin bulundu\u011fu m\u00fclteci kamplar\u0131nda, kalabal\u0131k kabul merkezlerinde veya idari g\u00f6zetim merkezlerinde yay\u0131lma riski olduk\u00e7a y\u00fcksek. Vir\u00fcs\u00fcn yay\u0131lma h\u0131z\u0131 da dikkate al\u0131nd\u0131\u011f\u0131nda, b\u00f6yle bir senaryo \u00e7ok uzak g\u00f6r\u00fcnm\u00fcyor. &hellip; <a href=\"https:\/\/akdenizolaygazetesi.com\/?p=6404\" class=\"more-link\">Devam\u0131n\u0131 Oku&#8230;<\/a><\/p>\n","protected":false},"author":1,"featured_media":0,"comment_status":"open","ping_status":"open","sticky":false,"template":"","format":"standard","meta":[],"categories":[],"tags":[],"_links":{"self":[{"href":"https:\/\/akdenizolaygazetesi.com\/index.php?rest_route=\/wp\/v2\/posts\/6404"}],"collection":[{"href":"https:\/\/akdenizolaygazetesi.com\/index.php?rest_route=\/wp\/v2\/posts"}],"about":[{"href":"https:\/\/akdenizolaygazetesi.com\/index.php?rest_route=\/wp\/v2\/types\/post"}],"author":[{"embeddable":true,"href":"https:\/\/akdenizolaygazetesi.com\/index.php?rest_route=\/wp\/v2\/users\/1"}],"replies":[{"embeddable":true,"href":"https:\/\/akdenizolaygazetesi.com\/index.php?rest_route=%2Fwp%2Fv2%2Fcomments&post=6404"}],"version-history":[{"count":0,"href":"https:\/\/akdenizolaygazetesi.com\/index.php?rest_route=\/wp\/v2\/posts\/6404\/revisions"}],"wp:attachment":[{"href":"https:\/\/akdenizolaygazetesi.com\/index.php?rest_route=%2Fwp%2Fv2%2Fmedia&parent=6404"}],"wp:term":[{"taxonomy":"category","embeddable":true,"href":"https:\/\/akdenizolaygazetesi.com\/index.php?rest_route=%2Fwp%2Fv2%2Fcategories&post=6404"},{"taxonomy":"post_tag","embeddable":true,"href":"https:\/\/akdenizolaygazetesi.com\/index.php?rest_route=%2Fwp%2Fv2%2Ftags&post=6404"}],"curies":[{"name":"wp","href":"https:\/\/api.w.org\/{rel}","templated":true}]}}