{"id":6405,"date":"2020-11-04T18:26:55","date_gmt":"2020-11-04T15:26:55","guid":{"rendered":"http:\/\/mersinekonomipolitikagazetesi.com\/?p=6405"},"modified":"2020-11-04T18:26:55","modified_gmt":"2020-11-04T15:26:55","slug":"yesilbogaz-karaduvar-icin-cok-tehlikeli-bir-karar","status":"publish","type":"post","link":"https:\/\/akdenizolaygazetesi.com\/?p=6405","title":{"rendered":"YE\u015e\u0130LBO\u011eAZ: \u201cKARADUVAR \u0130\u00c7\u0130N \u00c7OK TEHL\u0130KEL\u0130 B\u0130R KARAR!"},"content":{"rendered":"<p><span style=\"line-height: 1.6em;\">Mersin\u2019in Akdeniz il\u00e7esi Karaduvar Mahallesi\u2019nde yap\u0131lmas\u0131 planlanan polipropilen tesisi \u00c7ED raporunun 10 Mart 2020 tarihinde onaylanmas\u0131 ve 27 Mart 2020 tarihinde Cumhurba\u015fkanl\u0131\u011f\u0131 kararnamesi ile Karaduvar Mahallesi\u2019nin \u00f6zel end\u00fcstri b\u00f6lgesi ilan edilmesinin ard\u0131ndan, Mersin Barosu Ba\u015fkan\u0131 Bilgin Ye\u015filbo\u011faz ve TMMOB \u00c7evre M\u00fchendisleri Odas\u0131 Mersin \u015eube Ba\u015fkan\u0131 Sinan Can ortak bas\u0131n a\u00e7\u0131klamas\u0131 yaparak, tesisin Karaduvar\u2019da yap\u0131lmas\u0131n\u0131n yarataca\u011f\u0131 olumsuzluklar hakk\u0131nda kamuoyunu bilgilendirdi. Ye\u015filbo\u011faz, al\u0131nan karar\u0131n kentin tar\u0131m\u0131, ekonomisi, \u00e7evre ve insan sa\u011fl\u0131\u011f\u0131 a\u00e7\u0131s\u0131ndan \u00e7ok tehlikeli oldu\u011funu vurgulad\u0131. Can ise, polipropilen tesisinin Karaduvar\u2019da yap\u0131lmas\u0131n\u0131n yarataca\u011f\u0131 tehlikeyi g\u00f6zler \u00f6n\u00fcne seren raporu Ye\u015filbo\u011faz\u2019a sunarak, \u201cTesise kar\u015f\u0131 de\u011filiz, sadece se\u00e7ilen alan\u0131n do\u011fru olmad\u0131\u011f\u0131n\u0131 g\u00f6r\u00fcyoruz\u201d dedi.<\/span><\/p>\n<p>\u00a0\u201cMERS\u0130N, ANA KONTEYNER L\u0130MANI OLMA \u015eANSINI KAYBED\u0130YOR\u201d<\/p>\n<p>Mersin Baro Odas\u0131nda ger\u00e7ekle\u015fen bas\u0131n a\u00e7\u0131klamas\u0131nda konu\u015fan Mersin Barosu Ba\u015fkan\u0131 Bilgin Ye\u015filbo\u011faz, Karaduvar\u2019da polipropilen tesisi yap\u0131m\u0131n\u0131n yasala\u015fmas\u0131n\u0131n \u00e7ok tehlikeli bir karar oldu\u011funu vurgulayarak, \u201cKaraduvar, Kazanl\u0131 ve Adanal\u0131o\u011flu b\u00f6lgesi, tar\u0131m arazilerinin en \u00e7ok bulundu\u011fu, bal\u0131k\u00e7\u0131l\u0131\u011f\u0131n \u00e7ok geli\u015fmi\u015f oldu\u011fu bir b\u00f6lge. Yak\u0131n zamanda da bu b\u00f6lge turizm ve k\u00fclt\u00fcr b\u00f6lgesi olarak ilan edilmi\u015fti. Ayn\u0131 zamanda liman\u0131n hemen yan\u0131nda yer al\u0131yor. Maalesef bu \u00fc\u00e7 beldemizin oldu\u011fu yer makus talihinden hi\u00e7bir zaman kurtulamam\u0131\u015ft\u0131r. Belki de Adana Havaalan\u0131na ve di\u011fer otoyollara ula\u015f\u0131m\u0131 nedeniyle de bu b\u00f6lgeyi her zaman i\u00e7in sanayi b\u00f6lgesi ilan etmi\u015fler, tar\u0131m arazilerinin, ya\u015fam alanlar\u0131n\u0131n ortas\u0131na \u00e7evre etkileri g\u00f6zetilmeden zararl\u0131 sanayi kurulu\u015flar\u0131n\u0131 konumland\u0131rm\u0131\u015flar. Orada tar\u0131m b\u00f6lgesi ve insanlar ciddi anlamda zarar g\u00f6rmektedir. Bu tesisin bize ne kadar faydas\u0131 olacak? Ne kadar zarar\u0131 olacak? Bunun bir muhasebesini yaparsak; bu tesisin Karaduvar\u2019a yap\u0131lmas\u0131n\u0131n b\u00f6lgeye ve kente faydas\u0131ndan \u00e7ok, zarar\u0131n\u0131n oldu\u011funu a\u00e7\u0131k\u00e7a g\u00f6rebiliyoruz. Zarar\u0131n bir tanesi; Mersin\u2019in Ana Konteyner Liman\u0131 olma \u015fans\u0131n\u0131 elden ka\u00e7\u0131r\u0131yoruz. Bu ekonomimize ve istihdama ciddi anlamda bir darbedir. \u0130kincisi; olu\u015fabilecek s\u0131z\u0131nt\u0131 nedeniyle insan sa\u011fl\u0131\u011f\u0131 tehlikeye girecek. 5 milimetreden k\u00fc\u00e7\u00fck plastiklerin olmas\u0131 ve s\u0131z\u0131nt\u0131n\u0131n en iyi teknolojiyle dahi hi\u00e7bir \u015fekilde engellenemeyece\u011fini g\u00f6zlemliyoruz. \u00c7evreye ve insanl\u0131\u011fa, sa\u011fl\u0131k anlam\u0131nda ciddi zararlar verecek. So\u011futma suyu i\u00e7in de bizim yeralt\u0131 kaynaklar\u0131m\u0131z\u0131 kullanacaklar. Onlar da birer zarar olarak d\u00fc\u015f\u00fcn\u00fcld\u00fc\u011f\u00fcnde, o zaman zarar\u0131n daha fazla oldu\u011funu d\u00fc\u015f\u00fcn\u00fcyoruz\u201d ifadesini kulland\u0131.<\/p>\n<p>\u201cYATIRIMI K\u00d6K\u00dcNDEN REDDETM\u0130YORUZ\u201d<\/p>\n<p>Tesisi kurma \u00e7abas\u0131nda olanlar\u0131n kenti yanl\u0131\u015f s\u00f6ylemlerle ikna etmeye \u00e7al\u0131\u015ft\u0131\u011f\u0131n\u0131 belirten Ye\u015filbo\u011faz, \u201cBu tesisin yap\u0131m\u0131na kenti ikna etmek i\u00e7in \u015f\u00f6yle deniliyor: \u2018Yat\u0131r\u0131mlar kente getiriliyor ama \u00e7evre \u00f6rg\u00fctleri ve sivil toplum \u00f6rg\u00fctleri buna kar\u015f\u0131 \u00e7\u0131k\u0131yor. Bu kentin ger\u00e7ekten fabrikala\u015fmaya, sanayile\u015fmeye, insanlar\u0131n istihdam edilmeye ihtiyac\u0131 var. \u00d6n\u00fcm\u00fcze de b\u00f6yle bir teknolojik yat\u0131r\u0131m getiriliyor. \u0130nsanlar burada istihdam edilecek, insanlar\u0131n burada para kazanmas\u0131n\u0131 sizler istemiyor musunuz?\u2019. Bu s\u00f6ylemi kabul etmiyoruz \u00e7\u00fcnk\u00fc biz bu yat\u0131r\u0131m\u0131 k\u00f6k\u00fcnden reddetmiyoruz. Sadece ele\u015ftirisel bir bak\u0131\u015f a\u00e7\u0131s\u0131 getiriyoruz. Tesisin ekonomiyi ve istihdam\u0131 art\u0131racak, ayn\u0131 zamanda \u00e7evresel felakete neden olmayacak, Mersin Liman\u0131\u2019n\u0131n ve Mersin Serbest B\u00f6lgesi\u2019nin geli\u015fmesine engel olmayacak bir b\u00f6lgeye yap\u0131lmas\u0131n\u0131 talep ediyoruz. Ele\u015ftirmezsek do\u011fruyu hi\u00e7bir zaman g\u00f6remeyiz. Yanl\u0131\u015fa ba\u015flad\u0131\u011f\u0131n\u0131z zaman, sonradan yanl\u0131\u015f\u0131 d\u00fczeltme \u015fans\u0131n\u0131z maalesef olmuyor. Biz do\u011fan\u0131n sadece insanlar olarak k\u00fc\u00e7\u00fck par\u00e7as\u0131y\u0131z. Do\u011faya h\u00fckmedemeyiz. Do\u011fay\u0131 yenmeye \u00e7al\u0131\u015famay\u0131z. Do\u011fay\u0131 yendi\u011fimiz anda zaten sava\u015f\u0131 kaybetmi\u015fiz demektir\u201d diye konu\u015ftu. Baro Ba\u015fkan\u0131 Bilgin Ye\u015filbo\u011faz, \u00a0\u00c7evre M\u00fchendisleri Odas\u0131 Mersin \u015eubesi\u2019nin konuyla ilgili haz\u0131rlad\u0131\u011f\u0131 raporu inceleyip, gerekli giri\u015fimleri yapacaklar\u0131n\u0131 s\u00f6zlerine ekledi.\u00a0<\/p>\n<p>\u201cSERBEST B\u00d6LGE GEL\u0130\u015e\u0130M ALANI OLARAK S\u00dcRD\u00dcR\u00dcLMES\u0130N\u0130 \u0130ST\u0130YORUZ\u201d<\/p>\n<p>Daha sonra a\u00e7\u0131klama yapan \u00c7evre M\u00fchendisleri Odas\u0131 Mersin \u015eube Ba\u015fkan\u0131 Sinan Can, \u00a0\u201cMersin\u2019de yap\u0131lmak istenen polipropilen tesislerinin \u00c7ED nihai dosyas\u0131 \u00e7\u0131km\u0131\u015f ve b\u00f6lge \u00f6zel end\u00fcstri b\u00f6lgesi ilan edilmi\u015f durumdad\u0131r. Odam\u0131z\u0131n ger\u00e7ekle\u015ftirmi\u015f oldu\u011fu bir de\u011ferlendirme raporu var. 2018 Aral\u0131k ay\u0131nda 385 no\u2019lu Cumhurba\u015fkanl\u0131\u011f\u0131 karar\u0131 ile b\u00f6lgemizde bir polipropilen tesisi yap\u0131lmas\u0131 karar\u0131 \u00e7\u0131kt\u0131. Daha sonra Eyl\u00fcl ay\u0131nda da \u00c7ED ba\u015fvuru dosyas\u0131 \u00e7\u0131kt\u0131. Bu dosyada tesisin Mersin Serbest B\u00f6lge ile Karaduvar Mahallesi aras\u0131ndaki Tekfen Holding\u2019e ait bir \u00f6zel m\u00fclkiyette yap\u0131lmak istendi\u011fini g\u00f6rd\u00fck. \u00a0En \u00f6nemli vurgu \u015fu; 1\/100 bin \u00e7evre d\u00fczeni plan\u0131 ve 1\/5 bin Naz\u0131m \u0130mar Plan\u0131nda b\u00f6lgenin bir k\u0131sm\u0131 sanayi depolama alan\u0131, bir k\u0131sm\u0131 da Serbest B\u00f6lge geli\u015fim alan\u0131 olarak belirlenmi\u015f ve y\u00fcr\u00fcrl\u00fc\u011fe girmi\u015f. Fakat bu yat\u0131r\u0131m bu planlara ayk\u0131r\u0131 bir tutum \u00e7er\u00e7evesinde ger\u00e7ekle\u015ftirilmek isteniyor. Bu alan Serbest b\u00f6lge geli\u015fim alan\u0131 iken, sanayi depolama alan\u0131 iken, polipropilen tesisi Mersin Ana Konteyner Liman\u0131\u2019n\u0131n kare k\u0131sm\u0131nda yap\u0131lmak istenen bir proje. 10 Mart 2020 tarihinde de nihai \u00c7ED raporu bakanl\u0131k taraf\u0131ndan onayland\u0131 ve kamuoyuna sunuldu. Biz raporu ald\u0131k inceledik ve de\u011ferlendirmemizi yapt\u0131k. Biz alan\u0131n, planlarda oldu\u011fu gibi serbest b\u00f6lge geli\u015fim alan\u0131 olarak s\u00fcrd\u00fcr\u00fclmesini, di\u011fer k\u0131sm\u0131n\u0131n da sanayi depolama alan\u0131 olarak i\u015flenmesini istiyoruz\u201d dedi.<\/p>\n<p>\u201cTES\u0130SE KAR\u015eI DE\u011e\u0130L\u0130Z, SE\u00c7\u0130LEN ALANIN DO\u011eRU OLMADI\u011eINI G\u00d6R\u00dcYORUZ\u201d<\/p>\n<p>27 Mart tarihinde Karaduvar\u2019\u0131n \u00f6zel end\u00fcstri b\u00f6lgesi ilan edildi\u011finin bilgisini veren Can, \u201cTekfen Grubu\u2019nun Sanayi Bakanl\u0131\u011f\u0131\u2019na ba\u015fvurusu ile birlikte Cumhurba\u015fkanl\u0131\u011f\u0131 karar\u0131 \u00e7\u0131kt\u0131. Karaduvar\u2019\u0131n \u00f6zel end\u00fcstri b\u00f6lgesi ilan edilmesinin ana nedenlerinden birisi; b\u00fcrokrasiyi azaltmak, projeyi h\u0131zland\u0131rmak ve te\u015fvik kurlar\u0131ndan yararlanmak. Plan de\u011fi\u015fiklikleri yap\u0131ld\u0131ktan sonra proje in\u015faat\u0131na ba\u015flanacak. Projeyi ekonomik ve sosyal y\u00f6n\u00fcyle de\u011ferlendirdi\u011fimiz zaman, \u00fclkemizin %90-95\u2019inin plastik hammadde ihtiyac\u0131n\u0131 ithal ediyoruz. Plastik \u00fcretimi tabiki ger\u00e7ekle\u015ftirilmeli. Biz yat\u0131r\u0131m\u0131n tamam\u0131na kar\u015f\u0131 de\u011filiz. Mersin\u2019de bu yat\u0131r\u0131m yap\u0131labilir, neden yap\u0131lmas\u0131n? Fakat tesis i\u00e7in se\u00e7ilen alan\u0131n do\u011fru olmad\u0131\u011f\u0131n\u0131, alternatif yerlerin de de\u011ferlendirilmedi\u011fi, alternatif yer aray\u0131\u015f\u0131nda olunmad\u0131\u011f\u0131n\u0131 g\u00f6r\u00fcyoruz.<\/p>\n<p>\u201cYOKSA MAHALLELER\u0130 TA\u015eIMAK ZORUNDA KALACA\u011eIZ\u201d<\/p>\n<p>Bizim talebimiz, Mersin\u2019de Organize Sanayi B\u00f6lgelerinde uygun bir yer se\u00e7ilip, bu yat\u0131r\u0131m\u0131n oraya yap\u0131lmas\u0131d\u0131r. Yat\u0131r\u0131m\u0131n Karaduvar\u2019\u0131n en yak\u0131n konuk mesafesine 60 metre uzakl\u0131kta yap\u0131lmas\u0131 \u00c7ED raporunda yaz\u0131yor. \u00c7ED raporunda yay\u0131nlanm\u0131\u015f g\u00fcvenlik bantlar\u0131 var. Bunlara kat\u0131l\u0131yoruz. Fakat 60 metre mesafede olan bir yerde yat\u0131r\u0131m\u0131n yap\u0131lmas\u0131 bizleri tedirgin ediyor. Zaten b\u00f6lge, a\u011f\u0131r sanayilerin oldu\u011fu bir b\u00f6lge. \u00c7\u00fcnk\u00fc b\u00f6lgede petrol rafineri tesisleri de var. Sanayi altyap\u0131s\u0131n\u0131n oldu\u011funu d\u00fc\u015f\u00fcnm\u00fcyoruz. Organize Sanayi B\u00f6lgesinin altyap\u0131 ve \u00fcstyap\u0131 sistemlerine uygun olan alanlardan yap\u0131lmas\u0131n\u0131 ve di\u011fer sanayi b\u00f6lgelerinin de uygun yerlere ta\u015f\u0131nma ihtimali varsa ta\u015f\u0131nmas\u0131n\u0131 talep ediyoruz. \u00c7\u00fcnk\u00fc bunu yapmazsak, o b\u00f6lgedeki mahalleri ta\u015f\u0131mak zorunda kalaca\u011f\u0131z.<\/p>\n<p>\u201c\u00dcLKEN\u0130N CAR\u0130 A\u00c7I\u011eINI KAPATACAK B\u0130R YATIRIMIN \u00d6N\u00dcNE GE\u00c7\u0130L\u0130YOR\u201d<\/p>\n<p>Polipropilen tesisinin Karaduvar\u2019da yap\u0131lacak olmas\u0131yla, Mersin Ana Konteyner Liman\u0131 ile birlikte \u00fclkenin ithalat ve ihracat dengelerinin sa\u011flay\u0131p, cari a\u00e7\u0131\u011f\u0131n\u0131 kapatacak bir yat\u0131r\u0131m\u0131n \u00f6n\u00fcne ge\u00e7ilmi\u015f olmuyor mu? Biz bu soruyu sormak istiyoruz. Burada tart\u0131\u015f\u0131lmas\u0131 gereken en \u00f6nemli k\u0131s\u0131m \u015fu; Polipropilen tesisi yap\u0131ld\u0131\u011f\u0131 zaman ekonomistler cari a\u00e7\u0131k kapan\u0131\u015f\u0131n\u0131n g\u00f6zlemlenece\u011fini s\u00f6yl\u00fcyor. Fakat tesisin yap\u0131lmak istendi\u011fi b\u00f6lgede, \u00a0zaten serbest b\u00f6lgesi ve liman\u0131yla birlikte T\u00fcrkiye\u2019de ithalat\u0131n ve ihracat\u0131n dengelenmesi i\u00e7in gerekli faaliyetler zaten ger\u00e7ekle\u015ftiriliyor\u201d \u00a0diye konu\u015ftu.<\/p>\n<p>\u201c\u00c7EVRE VE \u0130NSAN SA\u011eLI\u011eI A\u00c7ISINDAN C\u0130DD\u0130 TED\u0130RG\u0130NL\u0130\u011e\u0130M\u0130Z VAR\u201d<\/p>\n<p>Polipropilen tesisinin \u00e7evre ve insan sa\u011fl\u0131\u011f\u0131na verece\u011fi zararlar\u0131 anlatan Sinan Can, \u201cSo\u011futma suyu bunlar\u0131n en \u00f6nemlisi. So\u011futma suyu Deli\u00e7ay\u2019dan temin edilecek. Yetmedi\u011fi takdirde yeralt\u0131 kuyular\u0131ndan faydalan\u0131lacak. \u0130lla denizin oldu\u011fu bir ortama ihtiya\u00e7 duyulmad\u0131\u011f\u0131n\u0131 da g\u00f6r\u00fcyoruz. Tesis i\u00e7in daha uygun kara par\u00e7alar\u0131nda, yan\u0131ndan beslenebilecek derelerin ya da kaynaklar\u0131n oldu\u011fu yerler se\u00e7ilebilir. Bizim s\u00f6yleyebilece\u011fimiz en \u00f6nemli unsur, 5 milimetrenin alt\u0131nda olan plastiklerin kay\u0131p ka\u00e7aklarla birlikte denizel ortam\u0131, al\u0131c\u0131 ortam\u0131 kirletece\u011fidir. Buna mikro plastik diyoruz. Akdeniz havzas\u0131nda mikro plastikle birlikte kirlilik kayna\u011f\u0131n\u0131n g\u00f6r\u00fcld\u00fc\u011f\u00fc yerlerden birisi, Mersin ve Adana aras\u0131ndaki b\u00f6lgedir. Mikro plasti\u011fin en b\u00fcy\u00fck kayna\u011f\u0131, karasal kaynaklar. Bu fabrika ile birlikte mikro plastik oran\u0131n\u0131n, \u00a0nehirlerimizin ve derelerimizin denizlerle bulu\u015fmas\u0131ndan, denizel ortamlarda artaca\u011f\u0131n\u0131 d\u00fc\u015f\u00fcn\u00fcyoruz. Mikro plastik denizi kirlettikten sonra bal\u0131klar\u0131n b\u00fcnyesine, bal\u0131klarla birlikte insanlar\u0131n b\u00fcnyesine gelece\u011finden dolay\u0131 bir reaksiyon ger\u00e7ekle\u015febilece\u011fini \u00a0s\u00f6yleyebiliriz. Akdeniz\u2019 in s\u0131cakl\u0131\u011f\u0131 16-17 santigrat derece. So\u011futma suyunun da yakla\u015f\u0131k 30-40 santigrat derece aras\u0131 denize verilmesi olana\u011f\u0131 var. B\u00f6ylece 16 ile 40 santigrat derece aras\u0131ndaki o s\u0131cakl\u0131k fark\u0131n\u0131 deniz dengelemeye \u00e7al\u0131\u015facak. Denizel ortamdaki \u00e7evre dengesi de bozulacak. Burada en \u00f6nemli verilerden birisi \u015fu: Tatl\u0131 suyla tuzlu suyun s\u0131cakl\u0131k farkl\u0131l\u0131klar\u0131yla birlikte kar\u0131\u015fmas\u0131. Deli\u00e7ay denizle bulu\u015ftu\u011fu zaman yine tatl\u0131 suyla tuzlu su bulu\u015fuyor fakat s\u0131cakl\u0131k dengesi var. Ama tesis faaliyete ge\u00e7ti\u011finde durumda, s\u0131cakl\u0131k dengesi olmayacak. Hava kirli\u011fi noktas\u0131nda de\u011ferlendirecek olursak, azotlu ve karbon bile\u015fiklerinin do\u011faya verilmesi hava kirliliklerine neden olacakt\u0131r. Baca gaz\u0131 filtre sistemlerinin uygulanaca\u011f\u0131ndan bahsediliyor. Fakat \u00f6yle bir d\u00f6nemde ya\u015f\u0131yoruz ki, s\u00f6ylenen s\u00f6ze bile ger\u00e7ekten inanmak ya da \u00e7evre ad\u0131na kayg\u0131 duymamak elde de\u011fil. Kat\u0131 at\u0131k problemi di\u011fer bir problem. Bunlar mevzuatlar \u00e7er\u00e7evesinde \u00e7\u00f6z\u00fclebilir ama tehlikeli dedi\u011fimiz k\u00fcl at\u0131klar\u0131n\u0131n ne olaca\u011f\u0131 konusunda ciddi anlamda bir tedirginli\u011fimiz var\u201d \u015feklinde konu\u015ftu.<\/p>\n<p>\u201c\u00c7ALI\u015eTAY YAPILMALI\u201d<\/p>\n<p>Kentin dinamiklerini bu konuda duyarl\u0131 olmaya davet eden \u00c7evre M\u00fchendisleri Odas\u0131 Mersin \u015eube Ba\u015fkan\u0131 Sinan Can, \u00a0\u201cEski plana g\u00f6re Ana Konteyner Liman\u0131 yap\u0131lsa, Serbest B\u00f6lge burada geli\u015fimini tamamlam\u0131\u015f olsa ne kadar insan istihdam edilir? Polipropilen tesisi ile ne kadar istihdam sa\u011flan\u0131r? Bu konuda Mersin Ticaret ve Sanayi Odas\u0131, MES\u0130AD, Ticaret Borsas\u0131, Deniz Ticaret Odas\u0131 gibi ekonomi gruplar\u0131n\u0131n ara\u015ft\u0131rma yap\u0131p kamuoyuna sunmas\u0131, \u00a0belirsizli\u011fimizi de ortadan kald\u0131racakt\u0131r. Bu tesis Mersin\u2019i ilgilendiren bir konu oldu\u011fu i\u00e7in kentimizin b\u00fct\u00fcn payda\u015flar\u0131, \u00f6zellikle il\u00e7e belediyelerimiz, Akdeniz Belediyesi, bakanl\u0131klar\u0131n il m\u00fcd\u00fcrl\u00fcklerinin g\u00f6r\u00fc\u015flerini kamuoyuna sunmas\u0131 gerekiyor. En az\u0131nda ortak bir noktada bulu\u015fabiliriz. Kentimizde bu konuyla ilgili \u00e7al\u0131\u015ftay yap\u0131lmal\u0131. Mersin i\u00e7in yap\u0131lacak en uygun y\u00f6nteme beraber karar verelim\u201d ifadesini kulland\u0131.<\/p>\n<p>\u00a0<\/p>\n","protected":false},"excerpt":{"rendered":"<p>Mersin\u2019in Akdeniz il\u00e7esi Karaduvar Mahallesi\u2019nde yap\u0131lmas\u0131 planlanan polipropilen tesisi \u00c7ED raporunun 10 Mart 2020 tarihinde onaylanmas\u0131 ve 27 Mart 2020 tarihinde Cumhurba\u015fkanl\u0131\u011f\u0131 kararnamesi ile Karaduvar Mahallesi\u2019nin \u00f6zel end\u00fcstri b\u00f6lgesi ilan &hellip; <a href=\"https:\/\/akdenizolaygazetesi.com\/?p=6405\" class=\"more-link\">Devam\u0131n\u0131 Oku&#8230;<\/a><\/p>\n","protected":false},"author":1,"featured_media":0,"comment_status":"open","ping_status":"open","sticky":false,"template":"","format":"standard","meta":[],"categories":[],"tags":[],"_links":{"self":[{"href":"https:\/\/akdenizolaygazetesi.com\/index.php?rest_route=\/wp\/v2\/posts\/6405"}],"collection":[{"href":"https:\/\/akdenizolaygazetesi.com\/index.php?rest_route=\/wp\/v2\/posts"}],"about":[{"href":"https:\/\/akdenizolaygazetesi.com\/index.php?rest_route=\/wp\/v2\/types\/post"}],"author":[{"embeddable":true,"href":"https:\/\/akdenizolaygazetesi.com\/index.php?rest_route=\/wp\/v2\/users\/1"}],"replies":[{"embeddable":true,"href":"https:\/\/akdenizolaygazetesi.com\/index.php?rest_route=%2Fwp%2Fv2%2Fcomments&post=6405"}],"version-history":[{"count":0,"href":"https:\/\/akdenizolaygazetesi.com\/index.php?rest_route=\/wp\/v2\/posts\/6405\/revisions"}],"wp:attachment":[{"href":"https:\/\/akdenizolaygazetesi.com\/index.php?rest_route=%2Fwp%2Fv2%2Fmedia&parent=6405"}],"wp:term":[{"taxonomy":"category","embeddable":true,"href":"https:\/\/akdenizolaygazetesi.com\/index.php?rest_route=%2Fwp%2Fv2%2Fcategories&post=6405"},{"taxonomy":"post_tag","embeddable":true,"href":"https:\/\/akdenizolaygazetesi.com\/index.php?rest_route=%2Fwp%2Fv2%2Ftags&post=6405"}],"curies":[{"name":"wp","href":"https:\/\/api.w.org\/{rel}","templated":true}]}}