{"id":6424,"date":"2020-11-04T18:26:55","date_gmt":"2020-11-04T15:26:55","guid":{"rendered":"http:\/\/mersinekonomipolitikagazetesi.com\/?p=6424"},"modified":"2020-11-04T18:26:55","modified_gmt":"2020-11-04T15:26:55","slug":"kopan-kayalar-yolu-kapatti","status":"publish","type":"post","link":"https:\/\/akdenizolaygazetesi.com\/?p=6424","title":{"rendered":"Kopan kayalar yolu kapatt\u0131"},"content":{"rendered":"<p>\u00a0Mersin&#8217;in Tarsus il\u00e7esinde meydana gelen olayda tonlarca a\u011f\u0131rl\u0131\u011f\u0131ndaki kayalar yakla\u015f\u0131k 10 k\u00f6y\u00fcn ula\u015f\u0131m\u0131n\u0131 sa\u011flayan yolu kapatt\u0131.\u00a0 \u00a0<br \/>\n\u00a0 \u0130l\u00e7ede 2 g\u00fcnd\u00fcr ya\u011fan ya\u011fmurun etkili oldu\u011fu b\u00f6lgede zaman zaman toprak kaymas\u0131ndan dolay\u0131 kayalar yola d\u00fc\u015ft\u00fc.\u00a0<br \/>\n\u00a0 Tarsus ile \u00c7aml\u0131yayla il\u00e7esi aras\u0131nda bulunan Yalam\u0131k, Ba\u011f\u00e7ata\u011f\u0131, Korucak, Giden, Sar\u0131kavak, Bel\u00e7\u0131nar, Dar\u0131p\u0131nar\u0131 ve Kurt\u00e7ukuru k\u00f6ylerinin ula\u015f\u0131m\u0131n\u0131 sa\u011flayan yol kayalar\u0131n d\u00fc\u015fmesinden dolay\u0131 trafi\u011fe kapat\u0131ld\u0131.\u00a0<br \/>\n\u00a0 Jandarma ekipleri \u00f6nlem al\u0131rken, yolun a\u00e7\u0131lmas\u0131 i\u00e7in \u00e7al\u0131\u015fma ba\u015flat\u0131ld\u0131.\u00a0<\/p>\n","protected":false},"excerpt":{"rendered":"<p>\u00a0Mersin&#8217;in Tarsus il\u00e7esinde meydana gelen olayda tonlarca a\u011f\u0131rl\u0131\u011f\u0131ndaki kayalar yakla\u015f\u0131k 10 k\u00f6y\u00fcn ula\u015f\u0131m\u0131n\u0131 sa\u011flayan yolu kapatt\u0131.\u00a0 \u00a0 \u00a0 \u0130l\u00e7ede 2 g\u00fcnd\u00fcr ya\u011fan ya\u011fmurun etkili oldu\u011fu b\u00f6lgede zaman zaman toprak kaymas\u0131ndan &hellip; <a href=\"https:\/\/akdenizolaygazetesi.com\/?p=6424\" class=\"more-link\">Devam\u0131n\u0131 Oku&#8230;<\/a><\/p>\n","protected":false},"author":1,"featured_media":0,"comment_status":"open","ping_status":"open","sticky":false,"template":"","format":"standard","meta":[],"categories":[],"tags":[],"_links":{"self":[{"href":"https:\/\/akdenizolaygazetesi.com\/index.php?rest_route=\/wp\/v2\/posts\/6424"}],"collection":[{"href":"https:\/\/akdenizolaygazetesi.com\/index.php?rest_route=\/wp\/v2\/posts"}],"about":[{"href":"https:\/\/akdenizolaygazetesi.com\/index.php?rest_route=\/wp\/v2\/types\/post"}],"author":[{"embeddable":true,"href":"https:\/\/akdenizolaygazetesi.com\/index.php?rest_route=\/wp\/v2\/users\/1"}],"replies":[{"embeddable":true,"href":"https:\/\/akdenizolaygazetesi.com\/index.php?rest_route=%2Fwp%2Fv2%2Fcomments&post=6424"}],"version-history":[{"count":0,"href":"https:\/\/akdenizolaygazetesi.com\/index.php?rest_route=\/wp\/v2\/posts\/6424\/revisions"}],"wp:attachment":[{"href":"https:\/\/akdenizolaygazetesi.com\/index.php?rest_route=%2Fwp%2Fv2%2Fmedia&parent=6424"}],"wp:term":[{"taxonomy":"category","embeddable":true,"href":"https:\/\/akdenizolaygazetesi.com\/index.php?rest_route=%2Fwp%2Fv2%2Fcategories&post=6424"},{"taxonomy":"post_tag","embeddable":true,"href":"https:\/\/akdenizolaygazetesi.com\/index.php?rest_route=%2Fwp%2Fv2%2Ftags&post=6424"}],"curies":[{"name":"wp","href":"https:\/\/api.w.org\/{rel}","templated":true}]}}