{"id":6444,"date":"2020-11-04T18:26:57","date_gmt":"2020-11-04T15:26:57","guid":{"rendered":"http:\/\/mersinekonomipolitikagazetesi.com\/?p=6444"},"modified":"2020-11-04T18:26:57","modified_gmt":"2020-11-04T15:26:57","slug":"mersinli-is-insanlarina-cagri-sanko-ornek-alinmali","status":"publish","type":"post","link":"https:\/\/akdenizolaygazetesi.com\/?p=6444","title":{"rendered":"MERS\u0130NL\u0130 \u0130\u015e \u0130NSANLARINA \u00c7A\u011eRI..!  \u2018SANKO\u2019 \u00d6RNEK ALINMALI"},"content":{"rendered":"<p>Mersin\u2019de bu konuda duyarl\u0131 i\u015f insan\u0131 say\u0131s\u0131 \u00e7ok az! Ba\u015fta \u00e7al\u0131\u015fanlar\u0131na sonra i\u015fsiz kalan ve muhta\u00e7 ailelere Mersinli i\u015f insanlar\u0131 destek olmal\u0131.<\/p>\n<p>\nSANKO Holding\u2019in onursal ba\u015fkan\u0131 Abd\u00fclkadir Konuko\u011flu\u2019nun Kovid-19 sebebiyle uygulamaya koydu\u011fu \u00e7al\u0131\u015fmalar halk taraf\u0131ndan takdir ile kar\u015f\u0131land\u0131. Mersinliler ise bu uygulama \u00f6rneklerinin Mersinli i\u015f insanlar\u0131 taraf\u0131ndan da uygulanmas\u0131 gerekti\u011fini vurgulad\u0131.<\/p>\n<p>\u00a0<\/p>\n<p>Kovid-19 salg\u0131n\u0131 nedeniyle stajyerler dahil olmak \u00fczere SANKO ailesini olu\u015fturan 14 bini a\u015fk\u0131n \u00e7al\u0131\u015fana bin TL nakdi yard\u0131m ve\u00a0 21 bin aileye erzak yard\u0131m\u0131n da bulunan i\u015f insan\u0131 Abd\u00fclkadir Konuko\u011flu, \u201c&#8217;M\u00fc\u015fterilerimize de bu s\u00fcre\u00e7te destek olmak amac\u0131yla, 31 Mart 2020 tarihine kadar SANKO \u015firketlerinden yap\u0131lan t\u00fcm sat\u0131\u015flar\u0131n vadelerini, vade fark\u0131 ilave edilmeksizin 60 g\u00fcn erteledik. Ayr\u0131ca, m\u00fc\u015fterilerin mevcut bor\u00e7lar\u0131n\u0131n tamam\u0131na da ilave 60 g\u00fcn vade tan\u0131d\u0131k. Bunlarla yetinmedik, Gaziantep Valili\u011finin G\u00f6n\u00fcl Seferberli\u011fi Kampanyas\u0131na 21 bin koli g\u0131da yard\u0131m\u0131 yapt\u0131k. T\u00fcrkiye genelinde i\u015fletmelerinin bulundu\u011fu merkezlerde ihtiya\u00e7 sahiplerine ula\u015ft\u0131r\u0131lmas\u0131 amac\u0131yla valilik ve kaymakaml\u0131klara 30 bin koli olmak \u00fczere, bu s\u00fcre\u00e7te toplam 60 bin koli g\u0131da yard\u0131m\u0131 ger\u00e7ekle\u015ftirdik.&#8221; diye konu\u015fmu\u015ftu.<\/p>\n<p>\u201cMersin\u2019de de ayn\u0131 duyarl\u0131l\u0131\u011f\u0131 g\u00f6rmeliyiz!\u201d<\/p>\n<p>Mersinliler ise \u015fehirde \u00f6nde gelen i\u015f insanlar\u0131n\u0131n ayn\u0131 duyarl\u0131l\u0131kta hareket etmesi gerekti\u011fini vurgulad\u0131. Kent sakinleri, \u201cYa\u015fan\u0131lan zor s\u00fcre\u00e7te herkes elinden geleni yapmal\u0131. Bizlerin bu kente sahip \u00e7\u0131kt\u0131\u011f\u0131 gibi i\u015f insanlar\u0131 da bizlere sahip \u00e7\u0131kmal\u0131. Bu konuda duyarl\u0131 i\u015f insan\u0131 say\u0131s\u0131 \u00e7ok az! Ba\u015fta \u00e7al\u0131\u015fanlar\u0131na sonra i\u015fsiz kalan ve muhta\u00e7 ailelere Mersinli i\u015f insanlar\u0131 destek olmal\u0131. Kovid-19 sebebiyle i\u015ften \u00e7\u0131karmalar olmamal\u0131 ve bu d\u00f6nemde i\u015fsiz kalan \u00e7al\u0131\u015fanlar\u0131n da yan\u0131nda olunmal\u0131. \u201cdiye konu\u015ftular.<\/p>\n","protected":false},"excerpt":{"rendered":"<p>Mersin\u2019de bu konuda duyarl\u0131 i\u015f insan\u0131 say\u0131s\u0131 \u00e7ok az! Ba\u015fta \u00e7al\u0131\u015fanlar\u0131na sonra i\u015fsiz kalan ve muhta\u00e7 ailelere Mersinli i\u015f insanlar\u0131 destek olmal\u0131. SANKO Holding\u2019in onursal ba\u015fkan\u0131 Abd\u00fclkadir Konuko\u011flu\u2019nun Kovid-19 sebebiyle &hellip; <a href=\"https:\/\/akdenizolaygazetesi.com\/?p=6444\" class=\"more-link\">Devam\u0131n\u0131 Oku&#8230;<\/a><\/p>\n","protected":false},"author":1,"featured_media":0,"comment_status":"open","ping_status":"open","sticky":false,"template":"","format":"standard","meta":[],"categories":[],"tags":[],"_links":{"self":[{"href":"https:\/\/akdenizolaygazetesi.com\/index.php?rest_route=\/wp\/v2\/posts\/6444"}],"collection":[{"href":"https:\/\/akdenizolaygazetesi.com\/index.php?rest_route=\/wp\/v2\/posts"}],"about":[{"href":"https:\/\/akdenizolaygazetesi.com\/index.php?rest_route=\/wp\/v2\/types\/post"}],"author":[{"embeddable":true,"href":"https:\/\/akdenizolaygazetesi.com\/index.php?rest_route=\/wp\/v2\/users\/1"}],"replies":[{"embeddable":true,"href":"https:\/\/akdenizolaygazetesi.com\/index.php?rest_route=%2Fwp%2Fv2%2Fcomments&post=6444"}],"version-history":[{"count":0,"href":"https:\/\/akdenizolaygazetesi.com\/index.php?rest_route=\/wp\/v2\/posts\/6444\/revisions"}],"wp:attachment":[{"href":"https:\/\/akdenizolaygazetesi.com\/index.php?rest_route=%2Fwp%2Fv2%2Fmedia&parent=6444"}],"wp:term":[{"taxonomy":"category","embeddable":true,"href":"https:\/\/akdenizolaygazetesi.com\/index.php?rest_route=%2Fwp%2Fv2%2Fcategories&post=6444"},{"taxonomy":"post_tag","embeddable":true,"href":"https:\/\/akdenizolaygazetesi.com\/index.php?rest_route=%2Fwp%2Fv2%2Ftags&post=6444"}],"curies":[{"name":"wp","href":"https:\/\/api.w.org\/{rel}","templated":true}]}}