{"id":6445,"date":"2020-11-04T18:26:58","date_gmt":"2020-11-04T15:26:58","guid":{"rendered":"http:\/\/mersinekonomipolitikagazetesi.com\/?p=6445"},"modified":"2020-11-04T18:26:58","modified_gmt":"2020-11-04T15:26:58","slug":"mersini-katledecek-projelere-neden-sessiz-kaliyorlar-ak-parti-mersine-ceza-mi-veriyor","status":"publish","type":"post","link":"https:\/\/akdenizolaygazetesi.com\/?p=6445","title":{"rendered":"MERS\u0130N&#8217;\u0130 KATLEDECEK PROJELERE NEDEN SESS\u0130Z KALIYORLAR..! AK PART\u0130 MERS\u0130N&#8217;E CEZA MI VER\u0130YOR?"},"content":{"rendered":"<p>Mersin\u2019in kalbine han\u00e7er saplayacak zehirli teknoloji ve kimyasal \u00e7\u00f6pl\u00fck olarak de\u011ferlendirilen yat\u0131r\u0131mlara, AK Parti\u2019li se\u00e7ilmi\u015f Millevekili ve y\u00f6neticilerin hi\u00e7 ses \u00e7\u0131karmamas\u0131 ve Mersin\u2019e neden kirli yat\u0131r\u0131mlar\u0131n dayat\u0131ld\u0131\u011f\u0131 sorgulan\u0131yor..!<\/p>\n<p>Koronavir\u00fcs salg\u0131n\u0131 ile m\u00fccadelede Mersinliler evlerinde kal\u0131rken, Polipropilen Tesisi yap\u0131lmas\u0131 planlanan alan\u0131n, \u00d6zel End\u00fcstri B\u00f6lgesi ilan edilmesine tepkiler \u00e7\u0131\u011f gibi b\u00fcy\u00fcmeye devam ediyor.<\/p>\n<p>Mersin\u2019de y\u0131llard\u0131r,meslek odalar\u0131, i\u015f insanlar\u0131, STK\u2019lar, \u00e7evreciler ve Mersin halk\u0131n\u0131n yo\u011fun tepki g\u00f6stererek kar\u015f\u0131 \u00e7\u0131kt\u0131\u011f\u0131 Akdeniz \u0130l\u00e7esi Karaduvar Mahallesi\u2019nde yap\u0131lmas\u0131 planlanan Polipropilen tesisi alan\u0131n\u0131n, korona vir\u00fcsle m\u00fccadele d\u00f6neminde ve herkes can derdinde iken, Cumhurba\u015fkanl\u0131\u011f\u0131 kararnamesi (CBK) ile \u00d6zel End\u00fcstri B\u00f6lgesi ilan edilmesi herkesi \u015fok etmi\u015fti. Mersinlilerin heyecanla talep etti\u011fi yat\u0131r\u0131mlar\u0131n \u00f6denekleri kesilirken, AK Parti\u2019li y\u00f6neticiler; Dan\u0131\u015ftay karar\u0131n\u0131 beklenmeden, Mersinlilerin tepkilerini bir kez daha duymazdan geldi! Vatanda\u015f can derdindeyken, al\u0131nan oldu bitti karalarla Mersin\u2019in gelece\u011finin katlediliyor olmas\u0131, AK Parti\u2019ye kar\u015f\u0131 tepkilerin artmas\u0131na neden oluyor! Mersin\u2019de Milletvekili say\u0131s\u0131n\u0131n ve oy oran\u0131n giderek d\u00fc\u015fmesi, bu tepkilerin bir sonucu olarak g\u00f6steriliyor.<\/p>\n<p>ELVAN, \u00d6ZKAN, TA\u015eKIN, YILMAZ VE G\u00dcLTAK NE YAPIYOR?\u00a0<\/p>\n<p>Mersin Milletvekilleri L\u00fctfi Elvan, Hac\u0131 \u00d6zkan, Ali Cumhur Ta\u015fk\u0131n, Zeynep G\u00fcl Y\u0131lmaz ve Akdeniz Belediye Ba\u015fkan\u0131 Mustafa G\u00fcltak\u2019\u0131n, kent merkezinde kazand\u0131klar\u0131 tek il\u00e7e olan Akdeniz Belediye s\u0131n\u0131rlar\u0131 i\u00e7inde yap\u0131lan bu devasa kapasiteli kimyasal (propilen) tesis yat\u0131r\u0131m\u0131 kar\u015f\u0131s\u0131nda neden suskun kald\u0131klar\u0131n\u0131, Karaduvarl\u0131lara ve Mersinlilere ne a\u00e7\u0131klama yapaca\u011f\u0131 merak konusu oldu!\u00a0<\/p>\n<p>&#8220;MERS\u0130N\u2019\u0130N BEL\u0130RLEY\u0130C\u0130 G\u00dcC\u00dc G\u00dcC\u00dc L\u0130MAN KENT\u0130 OLMASIDIR&#8221;<\/p>\n<p>Mersin Gazetesi K\u00f6\u015fe Yazar\u0131 Serdar Erkan bug\u00fcn yay\u0131nlanan yaz\u0131s\u0131nda, Mersin\u2019in bask\u0131n kimli\u011fi ve do\u011fal geli\u015fmesinin itici g\u00fcc\u00fcn\u00fcn \u201cLiman kenti\u201d olmas\u0131, bunun yarataca\u011f\u0131 art\u0131 de\u011ferler oldu\u011funu hat\u0131rlatt\u0131.<br \/>\nSerdar Erkan, \u201c\u00c7\u00fcnk\u00fc Mersin\u2019in 1800\u2018lerden sonra h\u0131zla geli\u015fmesinin nedeni ba\u015ftan beri Mersin\u2019in bir iskelesinin olmas\u0131d\u0131r. \u0130skelesi olmasayd\u0131, Mersin\u2019de bug\u00fcnk\u00fc kent olmazd\u0131. Bu durum, Mersin\u2019in e\u015fsiz co\u011frafi konumuyla eski \u00e7a\u011flardan beri, Do\u011fu Akdeniz\u2019de fark edilen askeri ve ticari stratejik \u00f6nemi, bir liman kenti olmas\u0131ndan kaynaklan\u0131yor. Bu nedenle, Mersin Liman\u0131 kapasitesini be\u015f kat\u0131na \u00e7\u0131karacak Konteyner Liman\u0131 gibi projeler yap\u0131lm\u0131\u015f haz\u0131r raflarda bekletilirken, liman projesine ve\/veya liman faaliyetleri ile elle\u00e7leme kapasitesini katlayacak ve kentin kalbindeki en de\u011ferli alan neden, Mersinlilerin itiraz ettikleri halk sa\u011fl\u0131\u011f\u0131 i\u00e7in tehlikeli olan bir yat\u0131r\u0131ma tahsis ediliyor? Karar vericilerin bu ger\u00e7ekleri g\u00f6z ard\u0131 ederek, Mersin\u2019in bu stratejik geli\u015fme potansiyelini heba etmeleri, Mersin i\u00e7in kabul edilebilir bir durum de\u011fildir. Mersinlilerin itiraz\u0131na ra\u011fmen, Ramsar S\u00f6zle\u015fmesi\u2019ne g\u00f6re koruma ve turizm alanlar\u0131n\u0131n oldu\u011fu bat\u0131 taraf\u0131na, nur topu gibi bir Atom Santrali, bir \u00e7ok b\u00fcy\u00fck kapasiteli \u00c7imento Fabrikas\u0131, onlarca bal\u0131k \u00e7iftli\u011fi, Ye\u015filovac\u0131k k\u00f6m\u00fcr bo\u015faltma liman\u0131 yap\u0131ld\u0131. \u015eimdi de kent merkezinin ortas\u0131na Propilen Kimyasal tesisi yap\u0131l\u0131yor..! S\u0131rada Termik Santraller mi var?\u201d ifadelerini kulland\u0131.<br \/>\nDaha fazlas\u0131 ve detaylar Serdar Erkan&#8217;n\u0131n K\u00f6\u015fe yaz\u0131s\u0131nda&#8230;<\/p>\n","protected":false},"excerpt":{"rendered":"<p>Mersin\u2019in kalbine han\u00e7er saplayacak zehirli teknoloji ve kimyasal \u00e7\u00f6pl\u00fck olarak de\u011ferlendirilen yat\u0131r\u0131mlara, AK Parti\u2019li se\u00e7ilmi\u015f Millevekili ve y\u00f6neticilerin hi\u00e7 ses \u00e7\u0131karmamas\u0131 ve Mersin\u2019e neden kirli yat\u0131r\u0131mlar\u0131n dayat\u0131ld\u0131\u011f\u0131 sorgulan\u0131yor..! Koronavir\u00fcs salg\u0131n\u0131 &hellip; <a href=\"https:\/\/akdenizolaygazetesi.com\/?p=6445\" class=\"more-link\">Devam\u0131n\u0131 Oku&#8230;<\/a><\/p>\n","protected":false},"author":1,"featured_media":0,"comment_status":"open","ping_status":"open","sticky":false,"template":"","format":"standard","meta":[],"categories":[],"tags":[],"_links":{"self":[{"href":"https:\/\/akdenizolaygazetesi.com\/index.php?rest_route=\/wp\/v2\/posts\/6445"}],"collection":[{"href":"https:\/\/akdenizolaygazetesi.com\/index.php?rest_route=\/wp\/v2\/posts"}],"about":[{"href":"https:\/\/akdenizolaygazetesi.com\/index.php?rest_route=\/wp\/v2\/types\/post"}],"author":[{"embeddable":true,"href":"https:\/\/akdenizolaygazetesi.com\/index.php?rest_route=\/wp\/v2\/users\/1"}],"replies":[{"embeddable":true,"href":"https:\/\/akdenizolaygazetesi.com\/index.php?rest_route=%2Fwp%2Fv2%2Fcomments&post=6445"}],"version-history":[{"count":0,"href":"https:\/\/akdenizolaygazetesi.com\/index.php?rest_route=\/wp\/v2\/posts\/6445\/revisions"}],"wp:attachment":[{"href":"https:\/\/akdenizolaygazetesi.com\/index.php?rest_route=%2Fwp%2Fv2%2Fmedia&parent=6445"}],"wp:term":[{"taxonomy":"category","embeddable":true,"href":"https:\/\/akdenizolaygazetesi.com\/index.php?rest_route=%2Fwp%2Fv2%2Fcategories&post=6445"},{"taxonomy":"post_tag","embeddable":true,"href":"https:\/\/akdenizolaygazetesi.com\/index.php?rest_route=%2Fwp%2Fv2%2Ftags&post=6445"}],"curies":[{"name":"wp","href":"https:\/\/api.w.org\/{rel}","templated":true}]}}