{"id":6465,"date":"2020-11-04T18:26:59","date_gmt":"2020-11-04T15:26:59","guid":{"rendered":"http:\/\/mersinekonomipolitikagazetesi.com\/?p=6465"},"modified":"2020-11-04T18:26:59","modified_gmt":"2020-11-04T15:26:59","slug":"mersinde-pazarlarda-vatandaslar-ve-esnaf-korona-tedbirlerine-uyuyor","status":"publish","type":"post","link":"https:\/\/akdenizolaygazetesi.com\/?p=6465","title":{"rendered":"Mersin&#8217;de pazarlarda vatanda\u015flar ve esnaf korona tedbirlerine uyuyor"},"content":{"rendered":"<p>Mersin&#8217;de korona vir\u00fcs \u00f6nlemleri kapsam\u0131nda pazarlarda maske ve eldiven takman\u0131n mecburi hale getirilmesiyle birlikte esnaf ve vatanda\u015flar tedbirlere uydu. Al\u0131\u015fveri\u015f esnas\u0131nda vatanda\u015flar\u0131n sosyal mesafe kural\u0131na da dikkat etti\u011fi g\u00f6r\u00fcld\u00fc.\u00a0 \u00a0<br \/>\n\u00a0 Mersin&#8217;in Erdemli il\u00e7esinde pazara giri\u015fler tek bir noktadan ger\u00e7ekle\u015ftirilirken, zab\u0131ta ekipleri de giri\u015flerde vatanda\u015flar\u0131n ate\u015fini \u00f6l\u00e7t\u00fc, maske takmay\u0131 unutanlara maske verdi. Elleri de dezenfekte edilen vatanda\u015flar, al\u0131\u015fveri\u015f i\u00e7in kapal\u0131 pazar yerine al\u0131nd\u0131. Gerek al\u0131\u015fveri\u015fe gelen vatanda\u015flar, gerekse esnaflar, kendi sa\u011fl\u0131klar\u0131 ve di\u011fer insanlar\u0131n sa\u011fl\u0131klar\u0131n\u0131 korumak ad\u0131na kurallara uyduklar\u0131n\u0131 belirttiler.\u00a0<br \/>\n\u00a0 Esnaf olan ablas\u0131na yard\u0131m etti\u011fini ifade eden Sare Sa\u011flam, &#8220;Maskemizi, eldivenimizi tak\u0131yoruz. Sosyal mesafemizi koruyoruz. Hijyenimize dikkat ediyoruz&#8221; dedi.\u00a0<br \/>\n\u00a0 Pazar al\u0131\u015fveri\u015fi yapan Emine G\u00f6\u00e7er de, &#8220;Pazara giderken maskemizi tak\u0131yoruz. Kendi eldivenlerimizi tak\u0131yoruz. Denetimleri yerinde buluyoruz. Evde kal\u0131yoruz, mecbur kald\u0131k\u00e7a d\u0131\u015far\u0131 \u00e7\u0131k\u0131yoruz&#8221; diye konu\u015ftu.\u00a0<br \/>\n\u00a0 K\u00f6yden geldi\u011fini dile getirilen vatanda\u015flardan Mahmut Ali Bozkur, &#8220;Sosyal mesafeyi korumaya \u00e7al\u0131\u015f\u0131yoruz. Al\u0131\u015fveri\u015fimizi yapt\u0131k. K\u00f6yden geldik, zaman kaybetmeden k\u00f6y\u00fcm\u00fcze d\u00f6nece\u011fiz&#8221; \u015feklinde konu\u015ftu.\u00a0<br \/>\n\u00a0 Pazarc\u0131 esnaflar\u0131ndan Ahmet Uluta\u015f ise al\u0131nan tedbirlerin yerinde oldu\u011funu s\u00f6yledi. Ulu\u015fta\u015f, &#8220;Tedbirlere uyuyoruz. Eldivenlerimizi takt\u0131k, maskelerimizi takt\u0131k, kurallara uyuyoruz&#8221; dedi.\u00a0<\/p>\n","protected":false},"excerpt":{"rendered":"<p>Mersin&#8217;de korona vir\u00fcs \u00f6nlemleri kapsam\u0131nda pazarlarda maske ve eldiven takman\u0131n mecburi hale getirilmesiyle birlikte esnaf ve vatanda\u015flar tedbirlere uydu. Al\u0131\u015fveri\u015f esnas\u0131nda vatanda\u015flar\u0131n sosyal mesafe kural\u0131na da dikkat etti\u011fi g\u00f6r\u00fcld\u00fc.\u00a0 \u00a0 &hellip; <a href=\"https:\/\/akdenizolaygazetesi.com\/?p=6465\" class=\"more-link\">Devam\u0131n\u0131 Oku&#8230;<\/a><\/p>\n","protected":false},"author":1,"featured_media":0,"comment_status":"open","ping_status":"open","sticky":false,"template":"","format":"standard","meta":[],"categories":[],"tags":[],"_links":{"self":[{"href":"https:\/\/akdenizolaygazetesi.com\/index.php?rest_route=\/wp\/v2\/posts\/6465"}],"collection":[{"href":"https:\/\/akdenizolaygazetesi.com\/index.php?rest_route=\/wp\/v2\/posts"}],"about":[{"href":"https:\/\/akdenizolaygazetesi.com\/index.php?rest_route=\/wp\/v2\/types\/post"}],"author":[{"embeddable":true,"href":"https:\/\/akdenizolaygazetesi.com\/index.php?rest_route=\/wp\/v2\/users\/1"}],"replies":[{"embeddable":true,"href":"https:\/\/akdenizolaygazetesi.com\/index.php?rest_route=%2Fwp%2Fv2%2Fcomments&post=6465"}],"version-history":[{"count":0,"href":"https:\/\/akdenizolaygazetesi.com\/index.php?rest_route=\/wp\/v2\/posts\/6465\/revisions"}],"wp:attachment":[{"href":"https:\/\/akdenizolaygazetesi.com\/index.php?rest_route=%2Fwp%2Fv2%2Fmedia&parent=6465"}],"wp:term":[{"taxonomy":"category","embeddable":true,"href":"https:\/\/akdenizolaygazetesi.com\/index.php?rest_route=%2Fwp%2Fv2%2Fcategories&post=6465"},{"taxonomy":"post_tag","embeddable":true,"href":"https:\/\/akdenizolaygazetesi.com\/index.php?rest_route=%2Fwp%2Fv2%2Ftags&post=6465"}],"curies":[{"name":"wp","href":"https:\/\/api.w.org\/{rel}","templated":true}]}}