{"id":6484,"date":"2020-11-04T18:26:59","date_gmt":"2020-11-04T15:26:59","guid":{"rendered":"http:\/\/mersinekonomipolitikagazetesi.com\/?p=6484"},"modified":"2020-11-04T18:26:59","modified_gmt":"2020-11-04T15:26:59","slug":"baskan-yilmaz-mersindeki-tum-polislere-mektup-gonderdi","status":"publish","type":"post","link":"https:\/\/akdenizolaygazetesi.com\/?p=6484","title":{"rendered":"Ba\u015fkan Y\u0131lmaz, Mersin\u2019deki t\u00fcm polislere mektup g\u00f6nderdi"},"content":{"rendered":"<p><span style=\"line-height: 1.6em;\">Toroslar Belediye Ba\u015fkan\u0131 Ats\u0131z Af\u015f\u0131n Y\u0131lmaz, T\u00fcrk Polis Te\u015fkilat\u0131n\u0131n 175&#8217;inci kurulu\u015f y\u0131l d\u00f6n\u00fcm\u00fc dolay\u0131s\u0131yla Mersin&#8217;de g\u00f6rev yapan emniyet mensuplar\u0131na mektup yazarak Polis Haftas\u0131n\u0131 kutlad\u0131.\u00a0<\/span><\/p>\n<p>Toroslar Belediyesinden yap\u0131lan a\u00e7\u0131klamaya g\u00f6re, \u0130l Emniyet M\u00fcd\u00fcrl\u00fc\u011f\u00fcn\u00fcn t\u00fcm \u015fube m\u00fcd\u00fcrleri ile t\u00fcm emniyet personelinin isimlerine \u00f6zel olarak haz\u0131rlanan mektuplar tek tek kendilerine ula\u015ft\u0131r\u0131ld\u0131.\u00a0<br \/>\nBa\u015fkan Y\u0131lmaz, mektubunda T\u00fcrk polisinin ba\u015far\u0131l\u0131 \u00e7al\u0131\u015fmalar\u0131n\u0131n takdire \u015fayan, ortaya koyduklar\u0131 hizmetlerle ve g\u00f6sterdikleri m\u00fccadele azmiyle de T\u00fcrk Milletinin hakl\u0131 gururu olduklar\u0131n\u0131 belirterek, &#8220;T\u00fcrk Milletinin birli\u011fini ve b\u00fct\u00fcnl\u00fc\u011f\u00fcn\u00fc korumak amac\u0131yla g\u00f6sterilen takdire \u015fayan gayretin \u00f6z\u00fcnde ve merkezinde \u015f\u00fcphesiz T\u00fcrk polisi vard\u0131r. Milli iradenin gururu T\u00fcrk polisi, milli vicdan\u0131n da ifadesidir. B\u00fcy\u00fck \u00d6nderimiz Mustafa Kemal Atat\u00fcrk&#8217;\u00fcn de dedi\u011fi gibi \u2018Herkesin polisi kendi vicdan\u0131d\u0131r, fakat polis vicdan\u0131 olmayanlar\u0131n kar\u015f\u0131s\u0131ndad\u0131r\u2019\u201d ifadelerini kulland\u0131.\u00a0<\/p>\n<p>&#8220;Emniyet g\u00fc\u00e7lerimizin her zaman yan\u0131nday\u0131z&#8221;\u00a0<br \/>\nToroslar Belediyesi olarak emniyet g\u00fc\u00e7lerinin her zaman yan\u0131nda olduklar\u0131n\u0131 vurgulayan Y\u0131lmaz, &#8220;Toroslar Belediyesi olarak, bu kutsal g\u00f6revi her t\u00fcrl\u00fc zor ko\u015fulda, hatta imkans\u0131z \u015fartlar alt\u0131nda y\u00fcr\u00fcten, \u00fclkemizin huzur ve g\u00fcvenli\u011fini temin etmek i\u00e7in gerekti\u011finde can\u0131n\u0131 seve seve veren polislerimizin her zaman yan\u0131nda olaca\u011f\u0131m\u0131z\u0131n bilinmesini istiyor, Mersin Emniyetini ba\u015far\u0131l\u0131 \u00e7al\u0131\u015fmalar\u0131 nedeniyle can\u0131 g\u00f6n\u00fclden kutluyorum. \u00d6zellikle ge\u00e7irdi\u011fimiz bu zor g\u00fcnlerde, her zaman oldu\u011fu gibi fedakarca m\u00fccadele eden t\u00fcm emniyet mensuplar\u0131na te\u015fekk\u00fcr ediyor, \u015fehitlerimize Allah&#8217;tan rahmet diliyorum&#8221; dedi.\u00a0<\/p>\n","protected":false},"excerpt":{"rendered":"<p>Toroslar Belediye Ba\u015fkan\u0131 Ats\u0131z Af\u015f\u0131n Y\u0131lmaz, T\u00fcrk Polis Te\u015fkilat\u0131n\u0131n 175&#8217;inci kurulu\u015f y\u0131l d\u00f6n\u00fcm\u00fc dolay\u0131s\u0131yla Mersin&#8217;de g\u00f6rev yapan emniyet mensuplar\u0131na mektup yazarak Polis Haftas\u0131n\u0131 kutlad\u0131.\u00a0 Toroslar Belediyesinden yap\u0131lan a\u00e7\u0131klamaya g\u00f6re, \u0130l &hellip; <a href=\"https:\/\/akdenizolaygazetesi.com\/?p=6484\" class=\"more-link\">Devam\u0131n\u0131 Oku&#8230;<\/a><\/p>\n","protected":false},"author":1,"featured_media":0,"comment_status":"open","ping_status":"open","sticky":false,"template":"","format":"standard","meta":[],"categories":[],"tags":[],"_links":{"self":[{"href":"https:\/\/akdenizolaygazetesi.com\/index.php?rest_route=\/wp\/v2\/posts\/6484"}],"collection":[{"href":"https:\/\/akdenizolaygazetesi.com\/index.php?rest_route=\/wp\/v2\/posts"}],"about":[{"href":"https:\/\/akdenizolaygazetesi.com\/index.php?rest_route=\/wp\/v2\/types\/post"}],"author":[{"embeddable":true,"href":"https:\/\/akdenizolaygazetesi.com\/index.php?rest_route=\/wp\/v2\/users\/1"}],"replies":[{"embeddable":true,"href":"https:\/\/akdenizolaygazetesi.com\/index.php?rest_route=%2Fwp%2Fv2%2Fcomments&post=6484"}],"version-history":[{"count":0,"href":"https:\/\/akdenizolaygazetesi.com\/index.php?rest_route=\/wp\/v2\/posts\/6484\/revisions"}],"wp:attachment":[{"href":"https:\/\/akdenizolaygazetesi.com\/index.php?rest_route=%2Fwp%2Fv2%2Fmedia&parent=6484"}],"wp:term":[{"taxonomy":"category","embeddable":true,"href":"https:\/\/akdenizolaygazetesi.com\/index.php?rest_route=%2Fwp%2Fv2%2Fcategories&post=6484"},{"taxonomy":"post_tag","embeddable":true,"href":"https:\/\/akdenizolaygazetesi.com\/index.php?rest_route=%2Fwp%2Fv2%2Ftags&post=6484"}],"curies":[{"name":"wp","href":"https:\/\/api.w.org\/{rel}","templated":true}]}}