{"id":6504,"date":"2020-11-04T18:27:00","date_gmt":"2020-11-04T15:27:00","guid":{"rendered":"http:\/\/mersinekonomipolitikagazetesi.com\/?p=6504"},"modified":"2020-11-04T18:27:00","modified_gmt":"2020-11-04T15:27:00","slug":"polis-memurunun-kaplumbaga-duyarliligi","status":"publish","type":"post","link":"https:\/\/akdenizolaygazetesi.com\/?p=6504","title":{"rendered":"Polis memurunun kaplumba\u011fa duyarl\u0131l\u0131\u011f\u0131"},"content":{"rendered":"<p>Mersin&#8217;in Erdemli il\u00e7esinde devriye gezen polis, soka\u011fa \u00e7\u0131kma yasa\u011f\u0131 kontrolleri esnas\u0131nda yolda g\u00f6rd\u00fc\u011f\u00fc kaplumba\u011fay\u0131 yol kenara ald\u0131. Sosyal medyada payla\u015f\u0131lan g\u00f6r\u00fcnt\u00fc b\u00fcy\u00fck be\u011feni toplad\u0131. \u0130l\u00e7ede \u00e7ekilen bir ba\u015fka g\u00f6r\u00fcnt\u00fcde de kedi ile y\u0131lan kozlar\u0131n\u0131 payla\u015ft\u0131.\u00a0<br \/>\n\u00a0 Mersin&#8217;de, 65 ya\u015f \u00fcst\u00fc ve 20 ya\u015f alt\u0131na uygulanan soka\u011fa \u00e7\u0131kma yasa\u011f\u0131 esnas\u0131nda \u00e7ekildi\u011fi \u00f6\u011frenilen g\u00f6r\u00fcnt\u00fcde devriye gezen polis, yol ortas\u0131nda bir kaplumba\u011fan\u0131n oldu\u011funu g\u00f6rd\u00fc. Ekip arac\u0131n\u0131 durdurup inen polis memuru kaplumba\u011fay\u0131 al\u0131p yol kenar\u0131nda uygun bir yere b\u0131rakt\u0131. Ekip otosundaki ba\u015fka bir polis memuru taraf\u0131ndan o anlar cep telefonuyla kaydedildi. \u0130\u00e7 \u0131s\u0131tan g\u00f6r\u00fcnt\u00fc sosyal medyada da payla\u015f\u0131ld\u0131. G\u00f6r\u00fcnt\u00fcleri izleyenler &#8216;eviyle gezen kaplumba\u011faya ceza yok&#8217; esprisiyle g\u00fcl\u00fcmserken, polis memurunun duyarl\u0131 davran\u0131\u015f\u0131 b\u00fcy\u00fck takdir toplad\u0131.\u00a0<br \/>\n\u00a0<br \/>\n\u00a0 Kedi ile y\u0131lan\u0131n d\u00fcellosu\u00a0<br \/>\n\u00a0 \u0130l\u00e7e sokaklar\u0131nda \u00e7ekilen bir ba\u015fka g\u00f6r\u00fcnt\u00fcde ise kedi ile y\u0131lan kar\u015f\u0131 kar\u015f\u0131ya geldi. Kozlar\u0131n payla\u015ft\u0131\u011f\u0131 anlar bir vatanda\u015f taraf\u0131ndan g\u00f6r\u00fcnt\u00fclendi. G\u00f6r\u00fcnt\u00fcde kedi pen\u00e7eleriyle y\u0131lana m\u00fcdahale ederken, y\u0131lan ise hamleleriyle kediye kar\u015f\u0131l\u0131k verdi.\u00a0<\/p>\n","protected":false},"excerpt":{"rendered":"<p>Mersin&#8217;in Erdemli il\u00e7esinde devriye gezen polis, soka\u011fa \u00e7\u0131kma yasa\u011f\u0131 kontrolleri esnas\u0131nda yolda g\u00f6rd\u00fc\u011f\u00fc kaplumba\u011fay\u0131 yol kenara ald\u0131. Sosyal medyada payla\u015f\u0131lan g\u00f6r\u00fcnt\u00fc b\u00fcy\u00fck be\u011feni toplad\u0131. \u0130l\u00e7ede \u00e7ekilen bir ba\u015fka g\u00f6r\u00fcnt\u00fcde de &hellip; <a href=\"https:\/\/akdenizolaygazetesi.com\/?p=6504\" class=\"more-link\">Devam\u0131n\u0131 Oku&#8230;<\/a><\/p>\n","protected":false},"author":1,"featured_media":0,"comment_status":"open","ping_status":"open","sticky":false,"template":"","format":"standard","meta":[],"categories":[],"tags":[],"_links":{"self":[{"href":"https:\/\/akdenizolaygazetesi.com\/index.php?rest_route=\/wp\/v2\/posts\/6504"}],"collection":[{"href":"https:\/\/akdenizolaygazetesi.com\/index.php?rest_route=\/wp\/v2\/posts"}],"about":[{"href":"https:\/\/akdenizolaygazetesi.com\/index.php?rest_route=\/wp\/v2\/types\/post"}],"author":[{"embeddable":true,"href":"https:\/\/akdenizolaygazetesi.com\/index.php?rest_route=\/wp\/v2\/users\/1"}],"replies":[{"embeddable":true,"href":"https:\/\/akdenizolaygazetesi.com\/index.php?rest_route=%2Fwp%2Fv2%2Fcomments&post=6504"}],"version-history":[{"count":0,"href":"https:\/\/akdenizolaygazetesi.com\/index.php?rest_route=\/wp\/v2\/posts\/6504\/revisions"}],"wp:attachment":[{"href":"https:\/\/akdenizolaygazetesi.com\/index.php?rest_route=%2Fwp%2Fv2%2Fmedia&parent=6504"}],"wp:term":[{"taxonomy":"category","embeddable":true,"href":"https:\/\/akdenizolaygazetesi.com\/index.php?rest_route=%2Fwp%2Fv2%2Fcategories&post=6504"},{"taxonomy":"post_tag","embeddable":true,"href":"https:\/\/akdenizolaygazetesi.com\/index.php?rest_route=%2Fwp%2Fv2%2Ftags&post=6504"}],"curies":[{"name":"wp","href":"https:\/\/api.w.org\/{rel}","templated":true}]}}