{"id":6505,"date":"2020-11-04T18:27:01","date_gmt":"2020-11-04T15:27:01","guid":{"rendered":"http:\/\/mersinekonomipolitikagazetesi.com\/?p=6505"},"modified":"2020-11-04T18:27:01","modified_gmt":"2020-11-04T15:27:01","slug":"kktcden-gemiyle-mersine-getirilen-509-asker-illerine-gonderildi","status":"publish","type":"post","link":"https:\/\/akdenizolaygazetesi.com\/?p=6505","title":{"rendered":"KKTC\u2019den gemiyle Mersin\u2019e getirilen 509 asker, illerine g\u00f6nderildi"},"content":{"rendered":"<p><span style=\"font-family: sans-serif; font-size: 14px; text-align: justify; background-color: rgb(242, 244, 245);\">T\u00fcrkiye\u2019nin ald\u0131\u011f\u0131 korona vir\u00fcs salg\u0131n\u0131 \u00f6nlemleri \u00e7er\u00e7evesinde, Kuzey K\u0131br\u0131s T\u00fcrk Cumhuriyetinde (KKTC) g\u00f6rev yapan 509 asker, gemiyle Mersin\u2019e getirilerek, otob\u00fcslerle illerine g\u00f6nderildi.<\/span><br style=\"box-sizing: border-box; font-family: sans-serif; font-size: 14px; text-align: justify; background-color: rgb(242, 244, 245);\" \/><br \/>\n<span style=\"font-family: sans-serif; font-size: 14px; text-align: justify; background-color: rgb(242, 244, 245);\">Edinilen bilgiye g\u00f6re, T\u00fcrkiye\u2019yi ve vatanda\u015flar\u0131 korona vir\u00fcs (Covid-19) salg\u0131n\u0131ndan korumak ve salg\u0131n\u0131n yay\u0131lmas\u0131n\u0131 \u00f6nlemek amac\u0131yla KKTC\u2019den gelen T\u00fcrk askerlerini ta\u015f\u0131yan 2 geminin sabah saat 08.30 s\u0131ralar\u0131nda Mersin Liman\u0131na ula\u015ft\u0131. Gemide bulunan 509 askerin, \u00f6\u011fleden sonra saat 14.00 s\u0131ralar\u0131nda 22 otob\u00fcsle \u00e7e\u015fitli illere gitmek \u00fczere ile Mersin\u2019den ayr\u0131ld\u0131.<\/span><\/p>\n","protected":false},"excerpt":{"rendered":"<p>T\u00fcrkiye\u2019nin ald\u0131\u011f\u0131 korona vir\u00fcs salg\u0131n\u0131 \u00f6nlemleri \u00e7er\u00e7evesinde, Kuzey K\u0131br\u0131s T\u00fcrk Cumhuriyetinde (KKTC) g\u00f6rev yapan 509 asker, gemiyle Mersin\u2019e getirilerek, otob\u00fcslerle illerine g\u00f6nderildi. Edinilen bilgiye g\u00f6re, T\u00fcrkiye\u2019yi ve vatanda\u015flar\u0131 korona vir\u00fcs &hellip; <a href=\"https:\/\/akdenizolaygazetesi.com\/?p=6505\" class=\"more-link\">Devam\u0131n\u0131 Oku&#8230;<\/a><\/p>\n","protected":false},"author":1,"featured_media":0,"comment_status":"open","ping_status":"open","sticky":false,"template":"","format":"standard","meta":[],"categories":[],"tags":[],"_links":{"self":[{"href":"https:\/\/akdenizolaygazetesi.com\/index.php?rest_route=\/wp\/v2\/posts\/6505"}],"collection":[{"href":"https:\/\/akdenizolaygazetesi.com\/index.php?rest_route=\/wp\/v2\/posts"}],"about":[{"href":"https:\/\/akdenizolaygazetesi.com\/index.php?rest_route=\/wp\/v2\/types\/post"}],"author":[{"embeddable":true,"href":"https:\/\/akdenizolaygazetesi.com\/index.php?rest_route=\/wp\/v2\/users\/1"}],"replies":[{"embeddable":true,"href":"https:\/\/akdenizolaygazetesi.com\/index.php?rest_route=%2Fwp%2Fv2%2Fcomments&post=6505"}],"version-history":[{"count":0,"href":"https:\/\/akdenizolaygazetesi.com\/index.php?rest_route=\/wp\/v2\/posts\/6505\/revisions"}],"wp:attachment":[{"href":"https:\/\/akdenizolaygazetesi.com\/index.php?rest_route=%2Fwp%2Fv2%2Fmedia&parent=6505"}],"wp:term":[{"taxonomy":"category","embeddable":true,"href":"https:\/\/akdenizolaygazetesi.com\/index.php?rest_route=%2Fwp%2Fv2%2Fcategories&post=6505"},{"taxonomy":"post_tag","embeddable":true,"href":"https:\/\/akdenizolaygazetesi.com\/index.php?rest_route=%2Fwp%2Fv2%2Ftags&post=6505"}],"curies":[{"name":"wp","href":"https:\/\/api.w.org\/{rel}","templated":true}]}}