{"id":6524,"date":"2020-11-04T18:27:01","date_gmt":"2020-11-04T15:27:01","guid":{"rendered":"http:\/\/mersinekonomipolitikagazetesi.com\/?p=6524"},"modified":"2020-11-04T18:27:01","modified_gmt":"2020-11-04T15:27:01","slug":"mersin-universitesi-hastanesinde-pcr-testi-yapilmaya-baslandi","status":"publish","type":"post","link":"https:\/\/akdenizolaygazetesi.com\/?p=6524","title":{"rendered":"Mersin \u00dcniversitesi hastanesinde PCR testi yap\u0131lmaya ba\u015fland\u0131"},"content":{"rendered":"<p><span style=\"line-height: 1.6em;\">Mersin \u00dcniversitesi (ME\u00dc) Rekt\u00f6r\u00fc Prof. Dr. Ahmet \u00c7amsar\u0131, \u00fcniversite hastanesinde t\u00fcm birimleriyle korona vir\u00fcsle (Kovid-19) m\u00fccadeleyi s\u00fcrd\u00fcrd\u00fcklerini s\u00f6yledi. \u00c7amsar\u0131, bug\u00fcnden itibaren korona vir\u00fcs tan\u0131s\u0131nda kullan\u0131lan Polimeraz Zincirleme Tepkimesi (PCR) testinin Mersin \u00dcniversitesi Hastanesinde de yap\u0131lmaya ba\u015fland\u0131\u011f\u0131n\u0131 bildirdi.\u00a0<\/span><\/p>\n<p>Mersin \u00dcniversitesi Hastanesi b\u00fcnyesinde al\u0131nan tedbir ve y\u00fcr\u00fct\u00fclen \u00e7al\u0131\u015fmalar\u0131n yo\u011fun bi\u00e7imde devam eti\u011fi bildirildi. ME\u00dc Rekt\u00f6r\u00fc Prof. Dr. \u00c7amsar\u0131, yapt\u0131\u011f\u0131 a\u00e7\u0131klamada, Kovid-19 pandemisinin ilk an\u0131ndan itibaren Sa\u011fl\u0131k Bakanl\u0131\u011f\u0131 ve Mersin Valili\u011fi ba\u015fta olmak \u00fczere Mersin\u2019deki t\u00fcm kurum ve kurulu\u015flarla i\u015fbirli\u011fi halinde gerekli \u00e7al\u0131\u015fmalar\u0131n titizlikle y\u00fcr\u00fct\u00fcld\u00fc\u011f\u00fcn\u00fc kaydetti.\u00a0<br \/>\n\u0130l Pandemi Koordinasyon Kurulunda ME\u00dc\u2019n\u00fcn ilgili \u00f6\u011fretim \u00fcyelerinin de g\u00f6rev yapt\u0131\u011f\u0131n\u0131 ifade eden \u00c7amsar\u0131, bunun yan\u0131 s\u0131ra Mersin \u00dcniversitesi T\u0131p Fak\u00fcltesi Hastanesinin t\u00fcm birimlerinde yo\u011fun bir \u00e7al\u0131\u015fma y\u00fcr\u00fct\u00fcld\u00fc\u011f\u00fcn\u00fc vurgulad\u0131. \u00c7amsar\u0131, \u201cHastal\u0131\u011fa kar\u015f\u0131 verilen topyekun m\u00fccadelede bizler de milletimizin sa\u011fl\u0131\u011f\u0131, \u00fclkemizin gelece\u011fi ad\u0131na t\u00fcm sa\u011fl\u0131k personelimizle elimizden gelen gayreti g\u00f6steriyoruz\u201d dedi.\u00a0<\/p>\n<p>PCR testi yap\u0131lmaya ba\u015fland\u0131\u00a0<br \/>\nYeni tip korona vir\u00fcs tan\u0131s\u0131nda kullan\u0131lan Polimeraz Zincirleme Tepkimesi (PCR) testinin bug\u00fcn itibariyle ME\u00dc Hastanesinde de yap\u0131lmaya ba\u015fland\u0131\u011f\u0131n\u0131 \u00c7amsar\u0131, \u0130mm\u00fcn Plazma Tedavi Merkezi ile ilgili altyap\u0131 \u00e7al\u0131\u015fmalar\u0131n\u0131n tamamlanarak \u00c7ukurova Kalk\u0131nma Ajans\u0131na proje ile ba\u015fvuruldu\u011funu s\u00f6yledi.\u00a0<\/p>\n<p>Mersin \u00dcniversitesi Hastanesinde al\u0131nan tedbirler \u00fcst seviyede\u00a0<br \/>\n\u00d6te yandan, \u00fcniversiteden yap\u0131lan a\u00e7\u0131klamada, bug\u00fcne kadar bin 500 \u015f\u00fcpheli vaka ba\u015fvurusunun yap\u0131ld\u0131\u011f\u0131 ME\u00dc Hastanesinde, hastalar\u0131n te\u015fhis ve tedavisinde \u00fcst d\u00fczey \u00f6nlemler al\u0131n\u0131rken, di\u011fer hastalar\u0131n ve sa\u011fl\u0131k \u00e7al\u0131\u015fanlar\u0131n\u0131n g\u00fcvenli\u011fi a\u00e7\u0131s\u0131ndan da \u00e7e\u015fitli tedbirler uygulanmaya ba\u015fland\u0131. Bu kapsamda hastanenin poliklinik giri\u015f kap\u0131lar\u0131 ikiye ayr\u0131larak giri\u015f ve \u00e7\u0131k\u0131\u015flarda g\u00f6revli sa\u011fl\u0131k \u00e7al\u0131\u015fanlar\u0131 taraf\u0131ndan ate\u015f \u00f6l\u00e7\u00fcm\u00fc yap\u0131l\u0131yor. Yeti\u015fkin Acil, \u00c7ocuk Acil, Onkoloji Hastanesi ve Kovid-19 poliklini\u011finin giri\u015flerinde olu\u015fturulan triyaj \u00e7ad\u0131rlar\u0131nda bulgular\u0131 \u015f\u00fcpheli ki\u015filer personel e\u015fli\u011finde Kovid-19 poliklini\u011fine y\u00f6nlendiriliyor.\u00a0<br \/>\nBug\u00fcn \u00d6zel Servis-2 bo\u015falt\u0131larak, Kovid-19 olas\u0131 vakalar\u0131 i\u00e7in poliklinik ve yatakl\u0131 servis (\u00e7ocuk-yeti\u015fkin) olarak kullan\u0131lmaya ba\u015fland\u0131 ve al\u0131nan gerekli \u00f6nlemlerle sa\u011fl\u0131k hizmetinin kesintisiz ve prosed\u00fcrlere uygun bi\u00e7imde yap\u0131lmas\u0131 sa\u011fland\u0131.\u00a0<\/p>\n<p>Servislerde d\u00fczenleme yap\u0131ld\u0131\u00a0<br \/>\nHastanenin yatakl\u0131 servis blo\u011funda g\u00fcney cephedeki t\u00fcm servisler ile dahili yo\u011fun bak\u0131mdaki 26 yatak ve \u00e7ocuk yo\u011fun bak\u0131mdaki 2 yatak, olas\u0131 veya kesin Kovid-19 hastalar\u0131n\u0131n te\u015fhis ve tedavisi i\u00e7in bo\u015falt\u0131larak, her odada bir hasta yat\u0131r\u0131lacak \u015fekilde toplam 183 hasta yata\u011f\u0131 olarak d\u00fczenlendi. Yo\u011fun bak\u0131m, ameliyathane ve do\u011fumhane gibi birimlerde de Kovid-19 enfeksiyonu oldu\u011fu te\u015fhis edilen veya \u015f\u00fcphelenilen hastalar i\u00e7in gerekli d\u00fczenlemeler yap\u0131ld\u0131. Hastalar gelmeden \u00f6nce bu birimlerin ve personelin \u00f6zel olarak haz\u0131rlanmas\u0131na y\u00f6nelik prosed\u00fcrler haz\u0131rland\u0131. Ayr\u0131ca hastane b\u00fcnyesinde faaliyet g\u00f6steren \u00e7ama\u015f\u0131rhane, terzihane ve yemekhane gibi birimlerde de \u00f6zel olarak d\u00fczenlemeler yap\u0131ld\u0131.\u00a0<\/p>\n<p>Sa\u011fl\u0131k \u00e7al\u0131\u015fanlar\u0131yla ilgili de \u00f6nlemler al\u0131nd\u0131\u00a0<br \/>\nHastanede, sa\u011fl\u0131k \u00e7al\u0131\u015fanlar\u0131yla ilgili de baz\u0131 d\u00fczenlemeler yap\u0131ld\u0131. A\u00e7\u0131klamada, bu d\u00fczenlemeler \u015f\u00f6yle s\u0131raland\u0131:\u00a0<br \/>\n\u201cHastane b\u00fcnyesinde Kovid-19 biriminde \u00e7al\u0131\u015fanlar\u0131n evlerindeki riskli gruba bula\u015f ta\u015f\u0131mamas\u0131 amac\u0131yla sa\u011fl\u0131k personelinin konaklayabilece\u011fi 12 yatakl\u0131 konuk evi ve 20 yatakl\u0131 misafirhane hizmet vermeye ba\u015flad\u0131. \u0130\u015f Sa\u011fl\u0131\u011f\u0131 ve G\u00fcvenli\u011fi Birimi ile Halk Sa\u011fl\u0131\u011f\u0131 Anabilim Dal\u0131n\u0131n koordineli olarak y\u00fcr\u00fctt\u00fc\u011f\u00fc \u201cCovid \u0130zlem Birimi\u201d kurulmas\u0131yla maruziyeti olan veya belirti g\u00f6steren sa\u011fl\u0131k \u00e7al\u0131\u015fanlar\u0131n\u0131n ve onlarla temas halindeki ki\u015filerin belirlenmesi ve takiplerinin bu birim taraf\u0131ndan y\u00fcr\u00fct\u00fclmesi \u00f6nlemi al\u0131nd\u0131. Sa\u011fl\u0131k personelimizin bilgilendirme s\u00fcre\u00e7leri de titizlikle y\u00fcr\u00fct\u00fcl\u00fcyor. Bu kapsamda 74 e\u011fitim yap\u0131larak bin 600 akademik ve idari personele \u2018Kovid-19 Rehberi, Ki\u015fisel Koruyucu Ekipman Kullan\u0131m\u0131 ve El Hijyeni\u2019 e\u011fitimi verildi. Servislerde \u00e7al\u0131\u015fan t\u00fcm personele ihtiya\u00e7lar\u0131 do\u011frultusunda \u2018Ki\u015fisel Koruyucu Ekipmanlar\u2019 sa\u011flanmas\u0131n\u0131n yan\u0131 s\u0131ra \u00e7al\u0131\u015fan t\u00fcm personelin yemeklerinin, \u00e7al\u0131\u015ft\u0131klar\u0131 servislere gelmesi ve ara \u00f6\u011f\u00fcn verilmesi gibi uygulamalar ba\u015flad\u0131. Servise gelen yemeklerin kapal\u0131 bir \u015fekilde tek kullan\u0131ml\u0131k kaplarda ve kullan\u0131lan ka\u015f\u0131k-\u00e7atal\u0131n tek kullan\u0131ml\u0131k-paketli gelmesi sa\u011flanarak personelimizin sa\u011fl\u0131kl\u0131 bi\u00e7imde g\u00f6revlerini y\u00fcr\u00fctmeleri sa\u011fland\u0131.\u201d\u00a0<\/p>\n","protected":false},"excerpt":{"rendered":"<p>Mersin \u00dcniversitesi (ME\u00dc) Rekt\u00f6r\u00fc Prof. Dr. Ahmet \u00c7amsar\u0131, \u00fcniversite hastanesinde t\u00fcm birimleriyle korona vir\u00fcsle (Kovid-19) m\u00fccadeleyi s\u00fcrd\u00fcrd\u00fcklerini s\u00f6yledi. \u00c7amsar\u0131, bug\u00fcnden itibaren korona vir\u00fcs tan\u0131s\u0131nda kullan\u0131lan Polimeraz Zincirleme Tepkimesi (PCR) testinin &hellip; <a href=\"https:\/\/akdenizolaygazetesi.com\/?p=6524\" class=\"more-link\">Devam\u0131n\u0131 Oku&#8230;<\/a><\/p>\n","protected":false},"author":1,"featured_media":0,"comment_status":"open","ping_status":"open","sticky":false,"template":"","format":"standard","meta":[],"categories":[],"tags":[],"_links":{"self":[{"href":"https:\/\/akdenizolaygazetesi.com\/index.php?rest_route=\/wp\/v2\/posts\/6524"}],"collection":[{"href":"https:\/\/akdenizolaygazetesi.com\/index.php?rest_route=\/wp\/v2\/posts"}],"about":[{"href":"https:\/\/akdenizolaygazetesi.com\/index.php?rest_route=\/wp\/v2\/types\/post"}],"author":[{"embeddable":true,"href":"https:\/\/akdenizolaygazetesi.com\/index.php?rest_route=\/wp\/v2\/users\/1"}],"replies":[{"embeddable":true,"href":"https:\/\/akdenizolaygazetesi.com\/index.php?rest_route=%2Fwp%2Fv2%2Fcomments&post=6524"}],"version-history":[{"count":0,"href":"https:\/\/akdenizolaygazetesi.com\/index.php?rest_route=\/wp\/v2\/posts\/6524\/revisions"}],"wp:attachment":[{"href":"https:\/\/akdenizolaygazetesi.com\/index.php?rest_route=%2Fwp%2Fv2%2Fmedia&parent=6524"}],"wp:term":[{"taxonomy":"category","embeddable":true,"href":"https:\/\/akdenizolaygazetesi.com\/index.php?rest_route=%2Fwp%2Fv2%2Fcategories&post=6524"},{"taxonomy":"post_tag","embeddable":true,"href":"https:\/\/akdenizolaygazetesi.com\/index.php?rest_route=%2Fwp%2Fv2%2Ftags&post=6524"}],"curies":[{"name":"wp","href":"https:\/\/api.w.org\/{rel}","templated":true}]}}