{"id":6525,"date":"2020-11-04T18:27:02","date_gmt":"2020-11-04T15:27:02","guid":{"rendered":"http:\/\/mersinekonomipolitikagazetesi.com\/?p=6525"},"modified":"2020-11-04T18:27:02","modified_gmt":"2020-11-04T15:27:02","slug":"meude-biri-profesor-3-saglik-calisani-kovid-19-tanisiyla-karantinada","status":"publish","type":"post","link":"https:\/\/akdenizolaygazetesi.com\/?p=6525","title":{"rendered":"ME\u00dc&#8217;de biri profes\u00f6r 3 sa\u011fl\u0131k \u00e7al\u0131\u015fan\u0131 Kovid-19 tan\u0131s\u0131yla karantinada"},"content":{"rendered":"<p><span style=\"line-height: 1.6em;\">\u00a0Mersin \u00dcniversitesi (ME\u00dc) T\u0131p Fak\u00fcltesi Hastanesi&#8217;nde, biri profes\u00f6r 3 sa\u011fl\u0131k \u00e7al\u0131\u015fan\u0131n\u0131n, korona vir\u00fcs tan\u0131s\u0131yla karantinaya al\u0131nd\u0131\u011f\u0131 bildirildi.\u00a0<\/span><\/p>\n<p>ME\u00dc Rekt\u00f6r\u00fc Ahmet \u00c7amsar\u0131, sosyal medya hesab\u0131ndan yapt\u0131\u011f\u0131 a\u00e7\u0131klamada, &#8220;De\u011ferli sa\u011fl\u0131k \u00e7al\u0131\u015fanlar\u0131m\u0131z, her biriniz bizim i\u00e7in \u00e7ok \u00f6nemlisiniz. L\u00fctfen \u00f6nlemlere tam uyarak g\u00f6revimizi yapal\u0131m. Bug\u00fcn itibariyle biri profes\u00f6r hocam\u0131z olmak \u00fczere \u00fc\u00e7 sa\u011fl\u0131k \u00e7al\u0131\u015fan\u0131m\u0131z &#8216;Kovid+&#8217; olarak izlenmekte&#8221; ifadelerini kulland\u0131.\u00a0<\/p>\n","protected":false},"excerpt":{"rendered":"<p>\u00a0Mersin \u00dcniversitesi (ME\u00dc) T\u0131p Fak\u00fcltesi Hastanesi&#8217;nde, biri profes\u00f6r 3 sa\u011fl\u0131k \u00e7al\u0131\u015fan\u0131n\u0131n, korona vir\u00fcs tan\u0131s\u0131yla karantinaya al\u0131nd\u0131\u011f\u0131 bildirildi.\u00a0 ME\u00dc Rekt\u00f6r\u00fc Ahmet \u00c7amsar\u0131, sosyal medya hesab\u0131ndan yapt\u0131\u011f\u0131 a\u00e7\u0131klamada, &#8220;De\u011ferli sa\u011fl\u0131k \u00e7al\u0131\u015fanlar\u0131m\u0131z, her &hellip; <a href=\"https:\/\/akdenizolaygazetesi.com\/?p=6525\" class=\"more-link\">Devam\u0131n\u0131 Oku&#8230;<\/a><\/p>\n","protected":false},"author":1,"featured_media":0,"comment_status":"open","ping_status":"open","sticky":false,"template":"","format":"standard","meta":[],"categories":[],"tags":[],"_links":{"self":[{"href":"https:\/\/akdenizolaygazetesi.com\/index.php?rest_route=\/wp\/v2\/posts\/6525"}],"collection":[{"href":"https:\/\/akdenizolaygazetesi.com\/index.php?rest_route=\/wp\/v2\/posts"}],"about":[{"href":"https:\/\/akdenizolaygazetesi.com\/index.php?rest_route=\/wp\/v2\/types\/post"}],"author":[{"embeddable":true,"href":"https:\/\/akdenizolaygazetesi.com\/index.php?rest_route=\/wp\/v2\/users\/1"}],"replies":[{"embeddable":true,"href":"https:\/\/akdenizolaygazetesi.com\/index.php?rest_route=%2Fwp%2Fv2%2Fcomments&post=6525"}],"version-history":[{"count":0,"href":"https:\/\/akdenizolaygazetesi.com\/index.php?rest_route=\/wp\/v2\/posts\/6525\/revisions"}],"wp:attachment":[{"href":"https:\/\/akdenizolaygazetesi.com\/index.php?rest_route=%2Fwp%2Fv2%2Fmedia&parent=6525"}],"wp:term":[{"taxonomy":"category","embeddable":true,"href":"https:\/\/akdenizolaygazetesi.com\/index.php?rest_route=%2Fwp%2Fv2%2Fcategories&post=6525"},{"taxonomy":"post_tag","embeddable":true,"href":"https:\/\/akdenizolaygazetesi.com\/index.php?rest_route=%2Fwp%2Fv2%2Ftags&post=6525"}],"curies":[{"name":"wp","href":"https:\/\/api.w.org\/{rel}","templated":true}]}}