{"id":6545,"date":"2020-11-04T18:27:03","date_gmt":"2020-11-04T15:27:03","guid":{"rendered":"http:\/\/mersinekonomipolitikagazetesi.com\/?p=6545"},"modified":"2020-11-04T18:27:03","modified_gmt":"2020-11-04T15:27:03","slug":"tarsusta-975-kisi-tahliye-ediliyor","status":"publish","type":"post","link":"https:\/\/akdenizolaygazetesi.com\/?p=6545","title":{"rendered":"Tarsus\u2019ta 975 ki\u015fi tahliye ediliyor"},"content":{"rendered":"<p>Mersin\u2019in Tarsus il\u00e7esinde, infaz d\u00fczenlemesine ili\u015fkin kanunun y\u00fcr\u00fcrl\u00fc\u011fe girmesiyle cezaevinden toplam 975 ki\u015fi tahliye edilecek.\u00a0<br \/>\n\u00a0 Tarsus Cumhuriyet Ba\u015fsavc\u0131s\u0131 Ramazan Murat Tiryaki, yapt\u0131\u011f\u0131 yaz\u0131l\u0131 a\u00e7\u0131klamada, 97 ki\u015finin \u015fartl\u0131, 878 ki\u015finin a\u00e7\u0131k ceza evinde korona vir\u00fcs nedeniyle izin olmak \u00fczere 975 ki\u015fi tahliye olaca\u011f\u0131n\u0131 ifade etti. Tiryaki, \u201c\u0130nfaz yasas\u0131nda bir tak\u0131m de\u011fi\u015fiklikler\u00a0 \u00f6ng\u00f6ren 7242 Say\u0131l\u0131 Kanun Resmi Gazetede yay\u0131mlanarak bug\u00fcn itibariyle y\u00fcr\u00fcrl\u00fc\u011fe girmi\u015ftir. \u0130nfaz yasas\u0131nda yap\u0131lan bu de\u011fi\u015fiklikle Tarsus Kampus Ceza Evlerinde bulunan 97 ki\u015finin \u015fartl\u0131 tahliyesi, 878 ki\u015finin A\u00e7\u0131k Ceza \u0130nfaz Kurumundan korona vir\u00fcs sebebiyle izin verilmek suretiyle toplam 975 h\u00fck\u00fcml\u00fcn\u00fcn tahliyesi ger\u00e7ekle\u015ftirilmektedir.\u00a0 Bug\u00fcn itibariyle t\u00fcm tahliyeler ger\u00e7ekle\u015ftirilerek tahsis edilen toplu ula\u015f\u0131m ara\u00e7lar\u0131yla il i\u00e7i ve il d\u0131\u015f\u0131na ula\u015f\u0131mlar\u0131 sa\u011flanacak\u201d dedi.\u00a0<\/p>\n","protected":false},"excerpt":{"rendered":"<p>Mersin\u2019in Tarsus il\u00e7esinde, infaz d\u00fczenlemesine ili\u015fkin kanunun y\u00fcr\u00fcrl\u00fc\u011fe girmesiyle cezaevinden toplam 975 ki\u015fi tahliye edilecek.\u00a0 \u00a0 Tarsus Cumhuriyet Ba\u015fsavc\u0131s\u0131 Ramazan Murat Tiryaki, yapt\u0131\u011f\u0131 yaz\u0131l\u0131 a\u00e7\u0131klamada, 97 ki\u015finin \u015fartl\u0131, 878 ki\u015finin &hellip; <a href=\"https:\/\/akdenizolaygazetesi.com\/?p=6545\" class=\"more-link\">Devam\u0131n\u0131 Oku&#8230;<\/a><\/p>\n","protected":false},"author":1,"featured_media":0,"comment_status":"open","ping_status":"open","sticky":false,"template":"","format":"standard","meta":[],"categories":[],"tags":[],"_links":{"self":[{"href":"https:\/\/akdenizolaygazetesi.com\/index.php?rest_route=\/wp\/v2\/posts\/6545"}],"collection":[{"href":"https:\/\/akdenizolaygazetesi.com\/index.php?rest_route=\/wp\/v2\/posts"}],"about":[{"href":"https:\/\/akdenizolaygazetesi.com\/index.php?rest_route=\/wp\/v2\/types\/post"}],"author":[{"embeddable":true,"href":"https:\/\/akdenizolaygazetesi.com\/index.php?rest_route=\/wp\/v2\/users\/1"}],"replies":[{"embeddable":true,"href":"https:\/\/akdenizolaygazetesi.com\/index.php?rest_route=%2Fwp%2Fv2%2Fcomments&post=6545"}],"version-history":[{"count":0,"href":"https:\/\/akdenizolaygazetesi.com\/index.php?rest_route=\/wp\/v2\/posts\/6545\/revisions"}],"wp:attachment":[{"href":"https:\/\/akdenizolaygazetesi.com\/index.php?rest_route=%2Fwp%2Fv2%2Fmedia&parent=6545"}],"wp:term":[{"taxonomy":"category","embeddable":true,"href":"https:\/\/akdenizolaygazetesi.com\/index.php?rest_route=%2Fwp%2Fv2%2Fcategories&post=6545"},{"taxonomy":"post_tag","embeddable":true,"href":"https:\/\/akdenizolaygazetesi.com\/index.php?rest_route=%2Fwp%2Fv2%2Ftags&post=6545"}],"curies":[{"name":"wp","href":"https:\/\/api.w.org\/{rel}","templated":true}]}}