{"id":6604,"date":"2020-11-04T18:27:04","date_gmt":"2020-11-04T15:27:04","guid":{"rendered":"http:\/\/mersinekonomipolitikagazetesi.com\/?p=6604"},"modified":"2020-11-04T18:27:04","modified_gmt":"2020-11-04T15:27:04","slug":"trafik-kazasinda-bacagi-kirilan-kopek-tedaviyle-yeniden-yurumeye-basladi","status":"publish","type":"post","link":"https:\/\/akdenizolaygazetesi.com\/?p=6604","title":{"rendered":"Trafik kazas\u0131nda baca\u011f\u0131 k\u0131r\u0131lan k\u00f6pek, tedaviyle yeniden y\u00fcr\u00fcmeye ba\u015flad\u0131"},"content":{"rendered":"<p>Mersin&#8217;de trafik kazas\u0131nda baca\u011f\u0131 k\u0131r\u0131lan bir k\u00f6pek, 40 g\u00fcnl\u00fck tedavisinin ard\u0131ndan yeniden y\u00fcr\u00fcmeye ba\u015flad\u0131.\u00a0 \u00a0<br \/>\n\u00a0 Mersin B\u00fcy\u00fck\u015fehir Belediyesi&#8217;nden yap\u0131lan a\u00e7\u0131klamaya g\u00f6re, 25 \u015eubat tarihinde Mezitli il\u00e7esi Seymenli Mahallesi\u2019nde bir k\u00f6pe\u011fin, trafik kazas\u0131 ge\u00e7irerek yaraland\u0131\u011f\u0131 ihbar\u0131na giden Tar\u0131msal ve Veteriner Hizmetleri Dairesi Ba\u015fkanl\u0131\u011f\u0131na ba\u011fl\u0131 ekipler, bir baca\u011f\u0131 olduk\u00e7a k\u00f6t\u00fc durumda olan sahipsiz k\u00f6pe\u011fi Ka\u015fl\u0131 Ge\u00e7ici Hayvan Bak\u0131mevine g\u00f6t\u00fcrd\u00fc.\u00a0<br \/>\n\u00a0 Evcil ve Sahipsiz Hayvanlar \u015eube M\u00fcd\u00fcrl\u00fc\u011f\u00fcnde g\u00f6rev yapan ekipler, bir baca\u011f\u0131nda \u00e7ok par\u00e7al\u0131 k\u0131r\u0131k olan k\u00f6pe\u011fi kurtarmak i\u00e7in baca\u011f\u0131 kesmek yerine, zorlu ve maliyetli bir yolu se\u00e7erek k\u00f6pe\u011fin baca\u011f\u0131n\u0131 kurtard\u0131. Ekipler, 40 g\u00fcnl\u00fck \u00f6zverili bir bak\u0131m\u0131n ard\u0131ndan sa\u011fl\u0131\u011f\u0131na kavu\u015fturduklar\u0131 k\u00f6pe\u011fi, yap\u0131lacak son tedavilerinin sonras\u0131nda sahiplendirecek. Ekipler, 40 g\u00fcnd\u00fcr kendilerine yolda\u015fl\u0131k yapan k\u00f6pe\u011fe, trafik kazas\u0131 ge\u00e7irene kadar sokaklar\u0131nda gezdi\u011fi mahallenin de ismine ithafen &#8216;Seymen&#8217; ad\u0131n\u0131 verdi.\u00a0<br \/>\n\u00a0 Tar\u0131msal ve Veteriner Hizmetleri Dairesi Ba\u015fkanl\u0131\u011f\u0131 Evcil ve Sahipsiz Hayvanlar \u015eube M\u00fcd\u00fcr\u00fc Mehmet C\u00fcc\u00fck, kazada k\u00f6pe\u011fe \u00e7arpan arac\u0131n yapt\u0131\u011f\u0131 frenle \u00e7ok fazla par\u00e7al\u0131 k\u0131r\u0131\u011fa neden oldu\u011funu s\u00f6yledi. Normalde ba\u015fka bir yerde k\u00f6pe\u011fin baca\u011f\u0131n\u0131n kesilerek tedavi edilebilece\u011fini, fakat bunun yerine &#8216;ExternalFixtation&#8217; olarak adland\u0131r\u0131lan baca\u011f\u0131 kesmeye de\u011fil, kurtarmaya y\u00f6nelik zorlu bir tedavi metodu uygulad\u0131klar\u0131n\u0131 ifade eden C\u00fcc\u00fck, \u201cHayvan\u0131n aya\u011f\u0131n\u0131 kurtarabilir miyiz diye arkada\u015flarla kons\u00fcltasyon yapt\u0131k ve \u2018ExternaFixtatiton\u2019 metodunu uygulayal\u0131m dedik. Bu sistem ile ayak b\u00f6lgesine bir iskele kurduk. Bizim amac\u0131m\u0131z tuzla buz olmu\u015f gibi olan kemik par\u00e7alar\u0131n\u0131n bu y\u00f6ntemle kendili\u011finden kaynamas\u0131n\u0131 sa\u011flamakt\u0131. 26 \u015eubat\u2019ta operasyona ald\u0131k. 26 \u015eubat\u2019tan bug\u00fcne kadar, hemen hemen her g\u00fcn, g\u00fcnde \u00fc\u00e7 d\u00f6rt defa yan\u0131na giderek gerekli tedavileri yapt\u0131k. Bug\u00fcn r\u00f6ntgenlerini tekrar kontrol ettik, herhangi bir sorun kalmad\u0131\u011f\u0131n\u0131 g\u00f6rd\u00fck ve a\u00e7maya karar verdik. \u015eu an ger\u00e7ekten \u00e7ok sa\u011fl\u0131kl\u0131 bir pozisyonda\u201d dedi.\u00a0<br \/>\n\u00a0 40 g\u00fcnl\u00fck tedavisinin ard\u0131ndan sa\u011fl\u0131\u011f\u0131na kavu\u015fan k\u00f6pe\u011fin sahiplendirilebilece\u011fini belirten C\u00fcc\u00fck, \u201cBiz 40 g\u00fcn bu hayvan\u0131m\u0131za \u00f6zenle bakt\u0131k. Amac\u0131m\u0131z zoru ba\u015farmak ve onu da yapt\u0131\u011f\u0131m\u0131za inan\u0131yorum\u201d diye konu\u015ftu.\u00a0<\/p>\n","protected":false},"excerpt":{"rendered":"<p>Mersin&#8217;de trafik kazas\u0131nda baca\u011f\u0131 k\u0131r\u0131lan bir k\u00f6pek, 40 g\u00fcnl\u00fck tedavisinin ard\u0131ndan yeniden y\u00fcr\u00fcmeye ba\u015flad\u0131.\u00a0 \u00a0 \u00a0 Mersin B\u00fcy\u00fck\u015fehir Belediyesi&#8217;nden yap\u0131lan a\u00e7\u0131klamaya g\u00f6re, 25 \u015eubat tarihinde Mezitli il\u00e7esi Seymenli Mahallesi\u2019nde bir &hellip; <a href=\"https:\/\/akdenizolaygazetesi.com\/?p=6604\" class=\"more-link\">Devam\u0131n\u0131 Oku&#8230;<\/a><\/p>\n","protected":false},"author":1,"featured_media":0,"comment_status":"open","ping_status":"open","sticky":false,"template":"","format":"standard","meta":[],"categories":[],"tags":[],"_links":{"self":[{"href":"https:\/\/akdenizolaygazetesi.com\/index.php?rest_route=\/wp\/v2\/posts\/6604"}],"collection":[{"href":"https:\/\/akdenizolaygazetesi.com\/index.php?rest_route=\/wp\/v2\/posts"}],"about":[{"href":"https:\/\/akdenizolaygazetesi.com\/index.php?rest_route=\/wp\/v2\/types\/post"}],"author":[{"embeddable":true,"href":"https:\/\/akdenizolaygazetesi.com\/index.php?rest_route=\/wp\/v2\/users\/1"}],"replies":[{"embeddable":true,"href":"https:\/\/akdenizolaygazetesi.com\/index.php?rest_route=%2Fwp%2Fv2%2Fcomments&post=6604"}],"version-history":[{"count":0,"href":"https:\/\/akdenizolaygazetesi.com\/index.php?rest_route=\/wp\/v2\/posts\/6604\/revisions"}],"wp:attachment":[{"href":"https:\/\/akdenizolaygazetesi.com\/index.php?rest_route=%2Fwp%2Fv2%2Fmedia&parent=6604"}],"wp:term":[{"taxonomy":"category","embeddable":true,"href":"https:\/\/akdenizolaygazetesi.com\/index.php?rest_route=%2Fwp%2Fv2%2Fcategories&post=6604"},{"taxonomy":"post_tag","embeddable":true,"href":"https:\/\/akdenizolaygazetesi.com\/index.php?rest_route=%2Fwp%2Fv2%2Ftags&post=6604"}],"curies":[{"name":"wp","href":"https:\/\/api.w.org\/{rel}","templated":true}]}}