{"id":6625,"date":"2020-11-04T18:27:07","date_gmt":"2020-11-04T15:27:07","guid":{"rendered":"http:\/\/mersinekonomipolitikagazetesi.com\/?p=6625"},"modified":"2020-11-04T18:27:07","modified_gmt":"2020-11-04T15:27:07","slug":"23-nisan-dahil-4-gun-sokaga-cikmak-yasak","status":"publish","type":"post","link":"https:\/\/akdenizolaygazetesi.com\/?p=6625","title":{"rendered":"23 N\u0130SAN DAH\u0130L 4 G\u00dcN  SOKA\u011eA \u00c7IKMAK YASAK"},"content":{"rendered":"<p>T\u00fcrkiye Cumhurba\u015fkan\u0131 Recep Tayyip Erdo\u011fan, Cumhurba\u015fkanl\u0131\u011f\u0131 Kabine Toplant\u0131s\u0131n\u0131n ard\u0131ndan bas\u0131n toplant\u0131s\u0131 d\u00fczenledi.<br \/>\nCumhurba\u015fkan\u0131 Erdo\u011fan, &#8220;Koronavir\u00fcs salg\u0131n\u0131n\u0131n \u00f6n\u00fcne ge\u00e7mek i\u00e7in ald\u0131\u011f\u0131m\u0131z tedbirlerin meyvelerini toplamaya ba\u015flad\u0131k.&#8221; dedi.<\/p>\n<p>Erdo\u011fan, &#8220;Hafta sonu soka\u011fa \u00e7\u0131kma k\u0131s\u0131tlamas\u0131n\u0131 tar\u0131m, sa\u011fl\u0131k g\u0131da temel \u00fcretim faaliyetlerini aksatmayacak \u015fekilde bir s\u00fcre daha devam ettirece\u011fiz. 23-24-25-26 tarihleri aras\u0131nda g\u00fcnl\u00fck hayata en az d\u00fczeyde tutulacak \u015fekilde 31 ilimizde soka\u011fa \u00e7\u0131kma k\u0131s\u0131tlamas\u0131 yapmay\u0131 planl\u0131yoruz. 22 Nisan ak\u015fam\u0131 00.00 andan itibaren, 23 Nisan tatil ve 26 Nisan 00.00\u2019a kadar devam edecek.&#8221; dedi. \u00a0<\/p>\n<p>\nCumhurba\u015fkan\u0131 Recep Tayyip Erdo\u011fan, \u201cS\u0131n\u0131rlar\u0131m\u0131z i\u00e7inde ve d\u0131\u015f\u0131nda ter\u00f6r \u00f6rg\u00fct\u00fcne nefes ald\u0131rmamakta ba\u015f\u0131n\u0131 ezmekte kararl\u0131y\u0131z. Bu do\u011frultuda y\u00fcr\u00fctt\u00fc\u011f\u00fcm\u00fcz operasyonlarla son iki haftada toplam 38 ter\u00f6rist etkisiz hale getirdik\u201d dedi.\u00a0<br \/>\nCumhurba\u015fkan\u0131 Recep Tayyip Erdo\u011fan, Tarabya&#8217;daki Huber K\u00f6\u015fk\u00fc&#8217;nde video konferans y\u00f6ntemiyle d\u00fczenlenen Cumhurba\u015fkanl\u0131\u011f\u0131 Kabine Toplant\u0131s\u0131&#8217;n\u0131n ard\u0131ndan a\u00e7\u0131klamalarda bulundu. Cumhurba\u015fkan\u0131 Recep Tayyip Erdo\u011fan, \u201dKabinemizin 28. Toplant\u0131s\u0131n\u0131 tamamlad\u0131k. Bu toplant\u0131m\u0131zda ana g\u00fcndem kapsam\u0131nda korona vir\u00fcs salg\u0131n\u0131yla m\u00fccadele kapsam\u0131nda yapt\u0131\u011f\u0131m\u0131z ve yapaca\u011f\u0131m\u0131z \u00e7al\u0131\u015fmalard\u0131. Ayr\u0131ca, Suriye, Libya ve Ege\u2019deki geli\u015fmeler ba\u015fta olmak \u00fczere \u00f6nemli g\u00fcvenlik konular\u0131m\u0131zla ilgili de\u011ferlendirmelerde bulunduk D\u00fcnyan\u0131n ve \u00fclkemizin dikkatini salg\u0131nla m\u00fccadeleye vermesini f\u0131rsata \u00e7evirmek isteyen Suriye rejiminin \u0130dlib\u2019deki sald\u0131rganl\u0131\u011f\u0131n\u0131n art\u0131rd\u0131\u011f\u0131n\u0131 g\u00f6r\u00fcyoruz. T\u00fcrkiye Rusya ile vard\u0131\u011f\u0131 5 Mart mutabakat\u0131na ba\u011fl\u0131l\u0131\u011f\u0131n\u0131 korumakla birlikte rejimin sald\u0131rganl\u0131\u011f\u0131na da ge\u00e7it vermeyecektir. Ate\u015fkesi ve mutabakat\u0131n di\u011fer \u015fartlar\u0131n\u0131 ihmal eden rejim b\u00f6yle devam ederse \u00e7ok a\u011f\u0131r kay\u0131plarla bunun bedelini \u00f6deyecektir. Ayn\u0131 \u015fekilde \u0130dlib\u2019deki ate\u015fkes iklimini bozmak i\u00e7in provakatif eylemler d\u00fczenleyen karanl\u0131k \u00f6rg\u00fctlere de m\u00fcsamaha g\u00f6stermeyece\u011fiz\u201d dedi.\u00a0<\/p>\n<p>\u201cUluslararas\u0131 kamuoyunu Hafter\u2019e kar\u015f\u0131 \u00fclkenin me\u015fru y\u00f6netimine destek vermeye devam ediyoruz\u201d\u00a0<br \/>\n\u201cT\u00fcrkiye g\u00fcc\u00fcn\u00fc uluslararas\u0131 hukuka ve kendi \u00e7\u0131karlar\u0131n\u0131 koruma iradesinden alan kararl\u0131 duru\u015fuyla Akdeniz\u2019deki t\u00fcm oyunlar\u0131 bozmay\u0131 s\u00fcrd\u00fcrecektir\u201d diyen Cumhurba\u015fkan\u0131 Erdo\u011fan, \u201cLibya ile imzalanan Akdeniz yetki alanlar\u0131n\u0131n s\u0131n\u0131rland\u0131r\u0131lmas\u0131 mutabakattan muht\u0131ras\u0131ndan kaynaklanan rahats\u0131zl\u0131ktan hala s\u00fcrd\u00fc\u011f\u00fc g\u00f6r\u00fcl\u00fcyor. Halbuki bu muht\u0131ra Birle\u015fmi\u015f Milletlere de bildirilmi\u015f ve b\u00f6ylece s\u00fcre\u00e7 tamamlanm\u0131\u015ft\u0131r. S\u0131\u011f\u0131nmac\u0131lara kar\u015f\u0131 insanl\u0131k d\u0131\u015f\u0131 tav\u0131rlar\u0131n\u0131 s\u00fcrd\u00fcren \u00fclkelerin hukuksuz ve vicdans\u0131z eylemlerinden vazge\u00e7melerini bekliyoruz. Me\u015fru Libya h\u00fck\u00fcmetinin sahada son d\u00f6nemde elde etti\u011fi kazan\u0131mlar\u0131 ise bu \u00fclkede darbeci Hafter\u2019in ger\u00e7ek y\u00fcz\u00fcn\u00fcn daha iyi g\u00f6r\u00fcnmeye ba\u015flad\u0131\u011f\u0131n\u0131n i\u015faretidir. Uluslararas\u0131 kamuoyunu bir kez daha Hafter\u2019e kar\u015f\u0131 \u00fclkenin me\u015fru y\u00f6netimine destek vermeye devam ediyoruz\u201d \u015feklinde konu\u015ftu.\u00a0<\/p>\n<p>\u201cSon iki haftada 38 ter\u00f6risti etkisiz hale getirdik\u201d\u00a0<br \/>\nTer\u00f6r \u00f6rg\u00fct\u00fcne g\u00f6z a\u00e7t\u0131r\u0131lmad\u0131\u011f\u0131n\u0131 s\u00f6yleyerek konu\u015fmas\u0131n\u0131 s\u00fcrd\u00fcren Cumhurba\u015fkan\u0131 Erdo\u011fan, \u201cB\u00f6l\u00fcc\u00fc \u00f6rg\u00fct\u00fcn\u00fcn \u00fclkemizin sa\u011fl\u0131n hastal\u0131kla m\u00fccadele d\u00f6neminde dahi eylem te\u015febb\u00fcs\u00fcn\u00fc ara vermemesi ter\u00f6rizmin \u00e7irkin y\u00fcz\u00fcn\u00fc bir kez daha ortaya koymu\u015ftur. S\u0131n\u0131rlar\u0131m\u0131z i\u00e7inde ve d\u0131\u015f\u0131nda ter\u00f6r \u00f6rg\u00fct\u00fcne nefes ald\u0131rmamakta ba\u015f\u0131n\u0131 ezmekte kararl\u0131y\u0131z. Bu do\u011frultuda y\u00fcr\u00fctt\u00fc\u011f\u00fcm\u00fcz operasyonlarla son iki haftada toplam 38 ter\u00f6rist etkisiz hale getirdik. T\u00fcrkiye\u2019nin i\u00e7 ve d\u0131\u015f g\u00fcvenli\u011fi ile ilgili \u00e7al\u0131\u015fmalar\u0131m\u0131z\u0131 kesintisiz s\u00fcrd\u00fcr\u00fcyoruz\u201d diye konu\u015ftu.\u00a0<\/p>\n","protected":false},"excerpt":{"rendered":"<p>T\u00fcrkiye Cumhurba\u015fkan\u0131 Recep Tayyip Erdo\u011fan, Cumhurba\u015fkanl\u0131\u011f\u0131 Kabine Toplant\u0131s\u0131n\u0131n ard\u0131ndan bas\u0131n toplant\u0131s\u0131 d\u00fczenledi. Cumhurba\u015fkan\u0131 Erdo\u011fan, &#8220;Koronavir\u00fcs salg\u0131n\u0131n\u0131n \u00f6n\u00fcne ge\u00e7mek i\u00e7in ald\u0131\u011f\u0131m\u0131z tedbirlerin meyvelerini toplamaya ba\u015flad\u0131k.&#8221; dedi. Erdo\u011fan, &#8220;Hafta sonu soka\u011fa \u00e7\u0131kma &hellip; <a href=\"https:\/\/akdenizolaygazetesi.com\/?p=6625\" class=\"more-link\">Devam\u0131n\u0131 Oku&#8230;<\/a><\/p>\n","protected":false},"author":1,"featured_media":0,"comment_status":"open","ping_status":"open","sticky":false,"template":"","format":"standard","meta":[],"categories":[],"tags":[],"_links":{"self":[{"href":"https:\/\/akdenizolaygazetesi.com\/index.php?rest_route=\/wp\/v2\/posts\/6625"}],"collection":[{"href":"https:\/\/akdenizolaygazetesi.com\/index.php?rest_route=\/wp\/v2\/posts"}],"about":[{"href":"https:\/\/akdenizolaygazetesi.com\/index.php?rest_route=\/wp\/v2\/types\/post"}],"author":[{"embeddable":true,"href":"https:\/\/akdenizolaygazetesi.com\/index.php?rest_route=\/wp\/v2\/users\/1"}],"replies":[{"embeddable":true,"href":"https:\/\/akdenizolaygazetesi.com\/index.php?rest_route=%2Fwp%2Fv2%2Fcomments&post=6625"}],"version-history":[{"count":0,"href":"https:\/\/akdenizolaygazetesi.com\/index.php?rest_route=\/wp\/v2\/posts\/6625\/revisions"}],"wp:attachment":[{"href":"https:\/\/akdenizolaygazetesi.com\/index.php?rest_route=%2Fwp%2Fv2%2Fmedia&parent=6625"}],"wp:term":[{"taxonomy":"category","embeddable":true,"href":"https:\/\/akdenizolaygazetesi.com\/index.php?rest_route=%2Fwp%2Fv2%2Fcategories&post=6625"},{"taxonomy":"post_tag","embeddable":true,"href":"https:\/\/akdenizolaygazetesi.com\/index.php?rest_route=%2Fwp%2Fv2%2Ftags&post=6625"}],"curies":[{"name":"wp","href":"https:\/\/api.w.org\/{rel}","templated":true}]}}