{"id":6644,"date":"2020-11-04T18:27:07","date_gmt":"2020-11-04T15:27:07","guid":{"rendered":"http:\/\/mersinekonomipolitikagazetesi.com\/?p=6644"},"modified":"2020-11-04T18:27:07","modified_gmt":"2020-11-04T15:27:07","slug":"mersinin-agaclandirma-sahalarinda-bakim-devam-ediyor","status":"publish","type":"post","link":"https:\/\/akdenizolaygazetesi.com\/?p=6644","title":{"rendered":"Mersin\u2019in a\u011fa\u00e7land\u0131rma sahalar\u0131nda bak\u0131m devam ediyor"},"content":{"rendered":"<p><span style=\"line-height: 1.6em;\">Mersin Orman B\u00f6lge M\u00fcd\u00fcrl\u00fc\u011f\u00fc, a\u011fa\u00e7land\u0131rma sahalar\u0131ndaki fidanlar\u0131n ya\u015fayabilmeleri i\u00e7in k\u00fclt\u00fcr bak\u0131m sahalar\u0131nda ot alma, \u00e7apa ve teras onar\u0131m \u00e7al\u0131\u015fmalar\u0131na devam ediyor.\u00a0<\/span><\/p>\n<p>Mersin Orman B\u00f6lge M\u00fcd\u00fcrl\u00fc\u011f\u00fcnden yap\u0131lan a\u00e7\u0131klamaya g\u00f6re, Mersin Orman \u0130\u015fletme M\u00fcd\u00fcrl\u00fc\u011f\u00fc dahilinde fidanlar\u0131n hayatiyetini etkileyecek oranda bak\u0131ma ihtiya\u00e7 duyulan k\u00fclt\u00fcr bak\u0131m sahalar\u0131nda end\u00fcstriyel a\u011fa\u00e7land\u0131rma, a\u011fa\u00e7land\u0131rma, toprak muhafaza ve erozyon kontrol sahalar\u0131nda ot alma, \u00e7apa ve teras onar\u0131m \u00e7al\u0131\u015fmalar\u0131 yap\u0131l\u0131yor.\u00a0<br \/>\nGe\u00e7mi\u015f y\u0131llarda a\u011fa\u00e7land\u0131rmas\u0131 yap\u0131lan sahalarda 2020 y\u0131l\u0131 i\u00e7erisinde 425 hektar end\u00fcstriyel a\u011fa\u00e7land\u0131rma sahas\u0131, 351 hektar a\u011fa\u00e7land\u0131rma sahas\u0131, 900 hektar toprak muhafaza ve erozyon sahas\u0131 olmak \u00fczere toplam bin 676 hektar sahada ot alma ve \u00e7apa i\u015flerinin devam etti\u011fi bildirildi.\u00a0<\/p>\n","protected":false},"excerpt":{"rendered":"<p>Mersin Orman B\u00f6lge M\u00fcd\u00fcrl\u00fc\u011f\u00fc, a\u011fa\u00e7land\u0131rma sahalar\u0131ndaki fidanlar\u0131n ya\u015fayabilmeleri i\u00e7in k\u00fclt\u00fcr bak\u0131m sahalar\u0131nda ot alma, \u00e7apa ve teras onar\u0131m \u00e7al\u0131\u015fmalar\u0131na devam ediyor.\u00a0 Mersin Orman B\u00f6lge M\u00fcd\u00fcrl\u00fc\u011f\u00fcnden yap\u0131lan a\u00e7\u0131klamaya g\u00f6re, Mersin Orman &hellip; <a href=\"https:\/\/akdenizolaygazetesi.com\/?p=6644\" class=\"more-link\">Devam\u0131n\u0131 Oku&#8230;<\/a><\/p>\n","protected":false},"author":1,"featured_media":0,"comment_status":"open","ping_status":"open","sticky":false,"template":"","format":"standard","meta":[],"categories":[],"tags":[],"_links":{"self":[{"href":"https:\/\/akdenizolaygazetesi.com\/index.php?rest_route=\/wp\/v2\/posts\/6644"}],"collection":[{"href":"https:\/\/akdenizolaygazetesi.com\/index.php?rest_route=\/wp\/v2\/posts"}],"about":[{"href":"https:\/\/akdenizolaygazetesi.com\/index.php?rest_route=\/wp\/v2\/types\/post"}],"author":[{"embeddable":true,"href":"https:\/\/akdenizolaygazetesi.com\/index.php?rest_route=\/wp\/v2\/users\/1"}],"replies":[{"embeddable":true,"href":"https:\/\/akdenizolaygazetesi.com\/index.php?rest_route=%2Fwp%2Fv2%2Fcomments&post=6644"}],"version-history":[{"count":0,"href":"https:\/\/akdenizolaygazetesi.com\/index.php?rest_route=\/wp\/v2\/posts\/6644\/revisions"}],"wp:attachment":[{"href":"https:\/\/akdenizolaygazetesi.com\/index.php?rest_route=%2Fwp%2Fv2%2Fmedia&parent=6644"}],"wp:term":[{"taxonomy":"category","embeddable":true,"href":"https:\/\/akdenizolaygazetesi.com\/index.php?rest_route=%2Fwp%2Fv2%2Fcategories&post=6644"},{"taxonomy":"post_tag","embeddable":true,"href":"https:\/\/akdenizolaygazetesi.com\/index.php?rest_route=%2Fwp%2Fv2%2Ftags&post=6644"}],"curies":[{"name":"wp","href":"https:\/\/api.w.org\/{rel}","templated":true}]}}