{"id":6664,"date":"2020-11-04T18:27:08","date_gmt":"2020-11-04T15:27:08","guid":{"rendered":"http:\/\/mersinekonomipolitikagazetesi.com\/?p=6664"},"modified":"2020-11-04T18:27:08","modified_gmt":"2020-11-04T15:27:08","slug":"istihdama-katki-saglayacak-lojistik-mesleki-egitim-merkezi-projesi-imzalandi","status":"publish","type":"post","link":"https:\/\/akdenizolaygazetesi.com\/?p=6664","title":{"rendered":"\u0130stihdama katk\u0131 sa\u011flayacak Lojistik Mesleki E\u011fitim Merkezi Projesi imzaland\u0131"},"content":{"rendered":"<p><span style=\"line-height: 1.6em;\">Mersin\u2019de, i\u015f piyasas\u0131na uygun nitelikteki i\u015f g\u00fcc\u00fc yeti\u015ftirmeye y\u00f6nelik model geli\u015ftirmek amac\u0131yla hayata ge\u00e7irilecek ve istihdama katk\u0131 sa\u011flayacak \u201cLojistik Mesleki E\u011fitim Merkezi\u201d projesi, Vali Ali \u0130hsan Su ba\u015fkanl\u0131\u011f\u0131nda d\u00fczenlenen t\u00f6renle imzaland\u0131.\u00a0<\/span><\/p>\n<p>Sanayi ve Teknoloji Bakanl\u0131\u011f\u0131n\u0131n, \u00c7ukurova Kalk\u0131nma Ajans\u0131 (\u00c7KA) arac\u0131l\u0131\u011f\u0131yla destekledi\u011fi 2019 y\u0131l\u0131 Sosyal Geli\u015fmeyi Destekleme Program\u0131 (SOGEP) kapsam\u0131nda destek almaya hak kazanan \u201cLojistik Mesleki E\u011fitim Merkezi\u201d projesinin imza t\u00f6reni Vali Ali \u0130hsan Su ba\u015fkanl\u0131\u011f\u0131nda ger\u00e7ekle\u015ftirildi. Valilik Toplant\u0131 Salonunda d\u00fczenlenen t\u00f6rene, proje sahibi Akdeniz Belediye Ba\u015fkanl\u0131\u011f\u0131 ile proje payda\u015flar\u0131 olan Mersin \u00dcniversitesi Rekt\u00f6rl\u00fc\u011f\u00fc ve Mersin Ticaret ve Sanayi Odas\u0131 temsilcilerinin yan\u0131 s\u0131ra \u00c7KA yetkilileri kat\u0131ld\u0131.\u00a0<br \/>\nKorona vir\u00fcs salg\u0131n\u0131 nedeniyle maskelerle ve sosyal mesafe g\u00f6zetilerek ger\u00e7ekle\u015ftirilen t\u00f6rende, imza \u00f6ncesinde konu\u015fan Vali Su, mesleki ve teknik e\u011fitimin \u00f6nemine i\u015faret etti. Su, i\u015f piyasas\u0131na uygun nitelikteki i\u015f g\u00fcc\u00fc yeti\u015ftirmeye y\u00f6nelik model geli\u015ftirmek amac\u0131yla ger\u00e7ekle\u015ftirilecek projenin Mersin\u2019in i\u015f g\u00fcc\u00fcne \u00f6nemli katk\u0131 sa\u011flayaca\u011f\u0131n\u0131 belirten Su, projenin hayata ge\u00e7irilmesinde eme\u011fi ge\u00e7en t\u00fcm ki\u015fi ve kurumlara te\u015fekk\u00fcr etti.\u00a0<\/p>\n<p>Gen\u00e7lere mesleki e\u011fitim verilecek\u00a0<br \/>\nMersin Valili\u011finden yap\u0131lan a\u00e7\u0131klamaya g\u00f6re, Mersin \u00dcniversitesi ve Mersin Ticaret ve Sanayi Odas\u0131 ortakl\u0131\u011f\u0131nda Akdeniz Belediye Ba\u015fkanl\u0131\u011f\u0131 taraf\u0131ndan y\u00fcr\u00fct\u00fclen ve 2 milyon 989 bin 100 TL toplam b\u00fct\u00e7esi olan projenin 2 milyon TL\u2019si SOGEP taraf\u0131ndan kar\u015f\u0131lanacak. Proje kapsam\u0131nda kurulacak Lojistik Mesleki E\u011fitim Merkezinde, mesleki yeterlili\u011fi bulunmayan 19-29 ya\u015f aral\u0131\u011f\u0131ndaki i\u015fsiz gen\u00e7lerin mesleki e\u011fitim ile yetkinliklerinin artt\u0131r\u0131lmas\u0131 ve b\u00f6ylelikle i\u015fg\u00fcc\u00fcne kat\u0131l\u0131mlar\u0131n\u0131n desteklenmesi ama\u00e7lan\u0131yor.\u00a0<br \/>\n150 metrekare alan \u00fczerinde 1 adet mesleki e\u011fitim sim\u00fclat\u00f6r\u00fcn\u00fcn olaca\u011f\u0131 merkezde, genel e\u011fitim s\u0131n\u0131flar\u0131, mesleki e\u011fitim kurslar\u0131, kurumsal kapasite artt\u0131rma hizmetleri, mesleki yeterlilik s\u0131nav ve belgelendirme hizmetleri ile merkezin geli\u015fimine y\u00f6nelik, e\u011fitimcinin e\u011fitimi, ulusal ve uluslararas\u0131 network a\u011flar\u0131na \u00fcyelik gibi faaliyetlerin ger\u00e7ekle\u015ftirilmesinin planland\u0131\u011f\u0131 bildirildi.\u00a0<br \/>\nKurulacak merkez ile bireylerin mesleki geli\u015fimleri ve i\u015fveren taleplerine cevap verebilecek hale gelmelerini sa\u011flayacak teorik ve sim\u00fclat\u00f6r destekli uygulamal\u0131 e\u011fitimler verilecek. Lojistik sekt\u00f6r\u00fcn\u00fcn ihtiya\u00e7 duydu\u011fu mesleki niteli\u011fe haiz bireylerin yeti\u015ftirilece\u011fi proje ile istihdama katk\u0131 sa\u011flanmas\u0131 hedefleniyor.\u00a0<\/p>\n","protected":false},"excerpt":{"rendered":"<p>Mersin\u2019de, i\u015f piyasas\u0131na uygun nitelikteki i\u015f g\u00fcc\u00fc yeti\u015ftirmeye y\u00f6nelik model geli\u015ftirmek amac\u0131yla hayata ge\u00e7irilecek ve istihdama katk\u0131 sa\u011flayacak \u201cLojistik Mesleki E\u011fitim Merkezi\u201d projesi, Vali Ali \u0130hsan Su ba\u015fkanl\u0131\u011f\u0131nda d\u00fczenlenen t\u00f6renle &hellip; <a href=\"https:\/\/akdenizolaygazetesi.com\/?p=6664\" class=\"more-link\">Devam\u0131n\u0131 Oku&#8230;<\/a><\/p>\n","protected":false},"author":1,"featured_media":0,"comment_status":"open","ping_status":"open","sticky":false,"template":"","format":"standard","meta":[],"categories":[],"tags":[],"_links":{"self":[{"href":"https:\/\/akdenizolaygazetesi.com\/index.php?rest_route=\/wp\/v2\/posts\/6664"}],"collection":[{"href":"https:\/\/akdenizolaygazetesi.com\/index.php?rest_route=\/wp\/v2\/posts"}],"about":[{"href":"https:\/\/akdenizolaygazetesi.com\/index.php?rest_route=\/wp\/v2\/types\/post"}],"author":[{"embeddable":true,"href":"https:\/\/akdenizolaygazetesi.com\/index.php?rest_route=\/wp\/v2\/users\/1"}],"replies":[{"embeddable":true,"href":"https:\/\/akdenizolaygazetesi.com\/index.php?rest_route=%2Fwp%2Fv2%2Fcomments&post=6664"}],"version-history":[{"count":0,"href":"https:\/\/akdenizolaygazetesi.com\/index.php?rest_route=\/wp\/v2\/posts\/6664\/revisions"}],"wp:attachment":[{"href":"https:\/\/akdenizolaygazetesi.com\/index.php?rest_route=%2Fwp%2Fv2%2Fmedia&parent=6664"}],"wp:term":[{"taxonomy":"category","embeddable":true,"href":"https:\/\/akdenizolaygazetesi.com\/index.php?rest_route=%2Fwp%2Fv2%2Fcategories&post=6664"},{"taxonomy":"post_tag","embeddable":true,"href":"https:\/\/akdenizolaygazetesi.com\/index.php?rest_route=%2Fwp%2Fv2%2Ftags&post=6664"}],"curies":[{"name":"wp","href":"https:\/\/api.w.org\/{rel}","templated":true}]}}