{"id":6684,"date":"2020-11-04T18:27:09","date_gmt":"2020-11-04T15:27:09","guid":{"rendered":"http:\/\/mersinekonomipolitikagazetesi.com\/?p=6684"},"modified":"2020-11-04T18:27:09","modified_gmt":"2020-11-04T15:27:09","slug":"akdeniz-belediyesinden-vatandaslara-ramazan-pidesi","status":"publish","type":"post","link":"https:\/\/akdenizolaygazetesi.com\/?p=6684","title":{"rendered":"Akdeniz Belediyesi&#8217;nden vatanda\u015flara Ramazan pidesi"},"content":{"rendered":"<p>Akdeniz Belediyesi, Ramazan ay\u0131n\u0131n gelmesiyle ile birlikte, ihtiya\u00e7 sahibi vatanda\u015flar\u0131n yan\u0131 s\u0131ra salg\u0131n nedeniyle soka\u011fa \u00e7\u0131kmalar\u0131na k\u0131s\u0131tlama getirilen vatanda\u015flar i\u00e7in g\u00fcnl\u00fck 20 bin Ramazan pidesi da\u011f\u0131t\u0131yor.\u00a0 \u00a0<br \/>\n\u00a0 Akdeniz Vefa Sosyal Destek Grubu\u2019nun bile\u015feni olan Akdeniz Belediyesi, korona vir\u00fcs salg\u0131n\u0131na kar\u015f\u0131 al\u0131nan tedbirler kapsam\u0131nda, 4 g\u00fcnl\u00fck soka\u011fa \u00e7\u0131kma k\u0131s\u0131tlamas\u0131 nedeniyle vatanda\u015flar\u0131n \u00e7e\u015fitli ihtiya\u00e7lar\u0131n\u0131n kar\u015f\u0131lanmas\u0131 amac\u0131yla gereken tedbirleri ald\u0131.\u00a0<br \/>\n\u00a0 Ge\u00e7ti\u011fimiz hafta sonu uygulanan soka\u011fa \u00e7\u0131kma yasa\u011f\u0131nda, vatanda\u015flara \u00fccretsiz 20 bin ekmek da\u011f\u0131tan ve kriz masas\u0131na gelen talepleri yerine getiren Akdeniz Belediyesi, Belediye Ba\u015fkan\u0131 Mustafa G\u00fcltak\u2019\u0131n talimat\u0131 ile bu kez de Ramazan ay\u0131n\u0131n ilk g\u00fcn\u00fcnden itibaren, soka\u011fa \u00e7\u0131kma yasa\u011f\u0131ndan etkilenen vatanda\u015flar ile ihtiya\u00e7 sahibi insanlara ula\u015f\u0131yor.\u00a0<br \/>\n\u00a0 Akdeniz Belediyesi bu kapsamda, Mersin Valili\u011fi himayesinde ve Akdeniz Kaymakaml\u0131\u011f\u0131 koordinesinde kurulan Vefa Sosyal Destek Grubu ad\u0131na, g\u00fcn i\u00e7erisinde 20 bin Ramazan pidesini vatanda\u015flara \u00fccretsiz ula\u015ft\u0131r\u0131yor. Ramazan pideleri, zab\u0131ta ekipleri taraf\u0131ndan teslim al\u0131narak 65 mahalle muhtarl\u0131klar\u0131 arac\u0131l\u0131\u011f\u0131yla ihtiya\u00e7 sahibi ve soka\u011fa \u00e7\u0131kma k\u0131s\u0131tlamas\u0131 olan insanlara ula\u015ft\u0131r\u0131l\u0131yor.\u00a0<br \/>\n\u00a0 \u201cRamazan pidelerimizin da\u011f\u0131t\u0131m\u0131na ba\u015flad\u0131k\u201d\u00a0<br \/>\n\u00a0 Akdeniz Belediye Ba\u015fkan\u0131 Mustafa G\u00fcltak, \u201cOn bir ay\u0131n sultan\u0131 m\u00fcbarek Ramazan ay\u0131n\u0131n, d\u00fcnya olarak i\u00e7inden ge\u00e7ti\u011fimiz bu zor g\u00fcnlerden kurtulu\u015f m\u00fcjdecisi olmas\u0131n\u0131 diliyorum. T\u00fcm \u0130slam aleminin Ramazan-\u0131 \u015eerifi m\u00fcbarek olsun\u201d diyerek, \u0130slam aleminin Ramazan ay\u0131n\u0131 tebrik etti.\u00a0<br \/>\n\u00a0 Soka\u011fa \u00e7\u0131kma yasa\u011f\u0131 s\u00fcresince hi\u00e7 kimsenin ma\u011fdur olmamas\u0131 i\u00e7in belediye olarak t\u00fcm imkanlar\u0131 seferber ettiklerini ifade eden G\u00fcltak, Vefa Sosyal Destek Grubu\u2019nun bir \u00fcyesi olarak, Ramazan pideleri ve erzak kolilerinin da\u011f\u0131t\u0131m\u0131n\u0131n devam edece\u011fini s\u00f6yledi.\u00a0<br \/>\n\u00a0 G\u00fcltak, korona vir\u00fcs salg\u0131n\u0131 ile m\u00fccadelede al\u0131nan tedbirlere uyman\u0131n \u00f6nemine de dikkat \u00e7ekerek, &#8220;Maalesef d\u00fcnyada her g\u00fcn y\u00fczlerce insan salg\u0131n nedeniyle ya\u015fam\u0131n\u0131 yitirmekte, binlerce ki\u015fi de enfekte olmaktad\u0131r. Salg\u0131na kar\u015f\u0131 al\u0131nan t\u00fcm tedbirlere l\u00fctfen riayet edelim, mecbur kalmad\u0131k\u00e7a evlerimizden d\u0131\u015far\u0131 \u00e7\u0131kmayal\u0131m. \u00d6zellikle de 4 g\u00fcn boyunca uygulanan soka\u011fa \u00e7\u0131kma yasa\u011f\u0131na kesinlikle uyal\u0131m. Hi\u00e7 kimse endi\u015fe etmesin, Akdeniz Belediyesi olarak ihtiya\u00e7 sahibi b\u00fct\u00fcn insanlar\u0131m\u0131za ula\u015faca\u011f\u0131z\u201d ifadelerini kulland\u0131.\u00a0<br \/>\n\u00a0 (HSK-HSK-Y)\u00a0<\/p>\n","protected":false},"excerpt":{"rendered":"<p>Akdeniz Belediyesi, Ramazan ay\u0131n\u0131n gelmesiyle ile birlikte, ihtiya\u00e7 sahibi vatanda\u015flar\u0131n yan\u0131 s\u0131ra salg\u0131n nedeniyle soka\u011fa \u00e7\u0131kmalar\u0131na k\u0131s\u0131tlama getirilen vatanda\u015flar i\u00e7in g\u00fcnl\u00fck 20 bin Ramazan pidesi da\u011f\u0131t\u0131yor.\u00a0 \u00a0 \u00a0 Akdeniz Vefa &hellip; <a href=\"https:\/\/akdenizolaygazetesi.com\/?p=6684\" class=\"more-link\">Devam\u0131n\u0131 Oku&#8230;<\/a><\/p>\n","protected":false},"author":1,"featured_media":0,"comment_status":"open","ping_status":"open","sticky":false,"template":"","format":"standard","meta":[],"categories":[],"tags":[],"_links":{"self":[{"href":"https:\/\/akdenizolaygazetesi.com\/index.php?rest_route=\/wp\/v2\/posts\/6684"}],"collection":[{"href":"https:\/\/akdenizolaygazetesi.com\/index.php?rest_route=\/wp\/v2\/posts"}],"about":[{"href":"https:\/\/akdenizolaygazetesi.com\/index.php?rest_route=\/wp\/v2\/types\/post"}],"author":[{"embeddable":true,"href":"https:\/\/akdenizolaygazetesi.com\/index.php?rest_route=\/wp\/v2\/users\/1"}],"replies":[{"embeddable":true,"href":"https:\/\/akdenizolaygazetesi.com\/index.php?rest_route=%2Fwp%2Fv2%2Fcomments&post=6684"}],"version-history":[{"count":0,"href":"https:\/\/akdenizolaygazetesi.com\/index.php?rest_route=\/wp\/v2\/posts\/6684\/revisions"}],"wp:attachment":[{"href":"https:\/\/akdenizolaygazetesi.com\/index.php?rest_route=%2Fwp%2Fv2%2Fmedia&parent=6684"}],"wp:term":[{"taxonomy":"category","embeddable":true,"href":"https:\/\/akdenizolaygazetesi.com\/index.php?rest_route=%2Fwp%2Fv2%2Fcategories&post=6684"},{"taxonomy":"post_tag","embeddable":true,"href":"https:\/\/akdenizolaygazetesi.com\/index.php?rest_route=%2Fwp%2Fv2%2Ftags&post=6684"}],"curies":[{"name":"wp","href":"https:\/\/api.w.org\/{rel}","templated":true}]}}