{"id":6685,"date":"2020-11-04T18:27:10","date_gmt":"2020-11-04T15:27:10","guid":{"rendered":"http:\/\/mersinekonomipolitikagazetesi.com\/?p=6685"},"modified":"2020-11-04T18:27:10","modified_gmt":"2020-11-04T15:27:10","slug":"mersinde-nesli-tukenmekte-olan-balaban-kusu-yarali-bulundu","status":"publish","type":"post","link":"https:\/\/akdenizolaygazetesi.com\/?p=6685","title":{"rendered":"Mersin&#8217;de nesli t\u00fckenmekte olan balaban ku\u015fu yaral\u0131 bulundu"},"content":{"rendered":"<p>Mersin&#8217;de yaral\u0131 halde bulunan balaban ku\u015fu, tedavi edildikten sonra koruma alt\u0131na al\u0131nd\u0131.\u00a0 \u00a0<br \/>\n\u00a0 Toroslar Belediyesi&#8217;nden yap\u0131lan a\u00e7\u0131klamaya g\u00f6re, \u00c7opurlu Mahallesi&#8217;nde vatanda\u015flar taraf\u0131ndan yaral\u0131 halde bulunan balaban ku\u015fu, belediye ekiplerine teslim edildi. Toroslar Belediyesi ekipleri, nesli t\u00fckenmekte olan ku\u015fun tedavisine ba\u015flayarak iyile\u015fmesini beklemek i\u00e7in koruma alt\u0131na ald\u0131. Belediyenin veteriner hekimi, ku\u015fun sol dirsek ekleminde tek par\u00e7al\u0131 k\u0131r\u0131k tespit etti. Yaral\u0131 b\u00f6lgeye ilk m\u00fcdahaleler yap\u0131larak, bandaj uygulamas\u0131 ile ku\u015fun genel durumu d\u00fczeltildi. G\u00f6zetim alt\u0131na al\u0131nan balaban ku\u015fu, gerekli tedavisinin yap\u0131lmas\u0131n\u0131n ard\u0131ndan do\u011faya yeniden b\u0131rak\u0131lacak.\u00a0<br \/>\n\u00a0 Toroslar Belediye Ba\u015fkan\u0131 Ats\u0131z Af\u015f\u0131n Y\u0131lmaz, korona vir\u00fcs salg\u0131n\u0131 nedeniyle \u00fclke olarak zorlu bir s\u00fcre\u00e7ten ge\u00e7tiklerini, il\u00e7e sakinlerinin de bu s\u00fcreci en az etkiyle atlatmas\u0131 i\u00e7in gece g\u00fcnd\u00fcz \u00e7al\u0131\u015ft\u0131klar\u0131n\u0131 belirterek, bu \u00e7al\u0131\u015fmalara do\u011fal ortamlar\u0131nda ya\u015famlar\u0131n\u0131 s\u00fcrd\u00fcren hayvanlar\u0131n da dahil oldu\u011funu s\u00f6yledi. &#8220;Siz evde kal\u0131n, biz Toroslar\u0131m\u0131zda ya\u015fayan her canl\u0131n\u0131n yan\u0131nday\u0131z&#8221; diyen Ba\u015fkan Y\u0131lmaz, &#8220;Vatanda\u015flar\u0131m\u0131z taraf\u0131ndan yaral\u0131 olarak bulunan balaban ku\u015fumuzu teslim alarak gerekli tedavisini yapt\u0131k. \u0130n\u015fallah k\u0131sa s\u00fcrede yeniden do\u011fal ya\u015fam\u0131na d\u00f6necek. Bu t\u00fcr nesli t\u00fckenmekte olan canlar\u0131 korumak bizlerin sorumlulu\u011fudur. Bizlere haber vererek duyarl\u0131 davranan vatanda\u015flar\u0131m\u0131za\u00a0 te\u015fekk\u00fcr ederiz&#8221; ifadelerini kulland\u0131<\/p>\n","protected":false},"excerpt":{"rendered":"<p>Mersin&#8217;de yaral\u0131 halde bulunan balaban ku\u015fu, tedavi edildikten sonra koruma alt\u0131na al\u0131nd\u0131.\u00a0 \u00a0 \u00a0 Toroslar Belediyesi&#8217;nden yap\u0131lan a\u00e7\u0131klamaya g\u00f6re, \u00c7opurlu Mahallesi&#8217;nde vatanda\u015flar taraf\u0131ndan yaral\u0131 halde bulunan balaban ku\u015fu, belediye ekiplerine &hellip; <a href=\"https:\/\/akdenizolaygazetesi.com\/?p=6685\" class=\"more-link\">Devam\u0131n\u0131 Oku&#8230;<\/a><\/p>\n","protected":false},"author":1,"featured_media":0,"comment_status":"open","ping_status":"open","sticky":false,"template":"","format":"standard","meta":[],"categories":[],"tags":[],"_links":{"self":[{"href":"https:\/\/akdenizolaygazetesi.com\/index.php?rest_route=\/wp\/v2\/posts\/6685"}],"collection":[{"href":"https:\/\/akdenizolaygazetesi.com\/index.php?rest_route=\/wp\/v2\/posts"}],"about":[{"href":"https:\/\/akdenizolaygazetesi.com\/index.php?rest_route=\/wp\/v2\/types\/post"}],"author":[{"embeddable":true,"href":"https:\/\/akdenizolaygazetesi.com\/index.php?rest_route=\/wp\/v2\/users\/1"}],"replies":[{"embeddable":true,"href":"https:\/\/akdenizolaygazetesi.com\/index.php?rest_route=%2Fwp%2Fv2%2Fcomments&post=6685"}],"version-history":[{"count":0,"href":"https:\/\/akdenizolaygazetesi.com\/index.php?rest_route=\/wp\/v2\/posts\/6685\/revisions"}],"wp:attachment":[{"href":"https:\/\/akdenizolaygazetesi.com\/index.php?rest_route=%2Fwp%2Fv2%2Fmedia&parent=6685"}],"wp:term":[{"taxonomy":"category","embeddable":true,"href":"https:\/\/akdenizolaygazetesi.com\/index.php?rest_route=%2Fwp%2Fv2%2Fcategories&post=6685"},{"taxonomy":"post_tag","embeddable":true,"href":"https:\/\/akdenizolaygazetesi.com\/index.php?rest_route=%2Fwp%2Fv2%2Ftags&post=6685"}],"curies":[{"name":"wp","href":"https:\/\/api.w.org\/{rel}","templated":true}]}}