{"id":6764,"date":"2020-11-04T18:27:13","date_gmt":"2020-11-04T15:27:13","guid":{"rendered":"http:\/\/mersinekonomipolitikagazetesi.com\/?p=6764"},"modified":"2020-11-04T18:27:13","modified_gmt":"2020-11-04T15:27:13","slug":"70-yasindaki-kadina-belediye-ekiplerinden-surpriz-dogum-gunu-kutlamasi","status":"publish","type":"post","link":"https:\/\/akdenizolaygazetesi.com\/?p=6764","title":{"rendered":"70 ya\u015f\u0131ndaki kad\u0131na belediye ekiplerinden s\u00fcrpriz do\u011fum g\u00fcn\u00fc kutlamas\u0131"},"content":{"rendered":"<p><span style=\"line-height: 1.6em;\">Mersin&#8217;de korona vir\u00fcs salg\u0131n\u0131 s\u00fcrecinde evde kalmak zorunda olan 70 ya\u015f\u0131ndaki kad\u0131n, belediye ekiplerinin s\u00fcrpriz do\u011fum g\u00fcn\u00fc kutlamas\u0131yla b\u00fcy\u00fck bir mutluluk ya\u015fad\u0131.\u00a0<\/span><\/p>\n<p>Mersin B\u00fcy\u00fck\u015fehir Belediyesi&#8217;nden yap\u0131lan a\u00e7\u0131klamaya g\u00f6re, merkez Mezitli il\u00e7esi Viran\u015fehir Mahallesi&#8217;nde ya\u015fayan \u015e\u00fckran Erken, kriz merkezini arayarak, evden \u00e7\u0131kamad\u0131\u011f\u0131 i\u00e7in 70&#8217;inci ya\u015f\u0131na \u00f6zel do\u011fum g\u00fcn\u00fc pastas\u0131 talebinde bulundu. Ekipler, ya\u015fl\u0131 kad\u0131n\u0131n bu g\u00fczel iste\u011fini h\u0131zla yerine getirdi. Elinde do\u011fum g\u00fcn\u00fc pastas\u0131yla \u015e\u00fckran teyzenin kap\u0131s\u0131na giden ekiplerin i\u00e7leri \u0131s\u0131tan bir de s\u00fcrprizi oldu.\u00a0<br \/>\nKad\u0131n ve Aile Hizmetleri Dairesi Ba\u015fkanl\u0131\u011f\u0131 b\u00fcnyesinde g\u00f6rev yapan 8 personel, evinin soka\u011f\u0131nda \u015e\u00fckran teyzeye \u00f6zel do\u011fum g\u00fcn\u00fc \u015fark\u0131lar\u0131 s\u00f6yledi. S\u00f6yledikleri \u015fark\u0131larla hem \u015e\u00fckran teyzeyi hem de kom\u015fular\u0131n\u0131 ne\u015felendiren ekipler, hep bir a\u011f\u0131zdan do\u011fum g\u00fcn\u00fc dile\u011finde bulundu.\u00a0<br \/>\nBalkondan \u015fark\u0131n\u0131n ritmine ayak uyduran ya\u015fl\u0131 kad\u0131n\u0131n mutlulu\u011fu g\u00f6zlerinden okundu. \u015e\u00fckran Eken, kendi yazm\u0131\u015f oldu\u011fu &#8216;\u00d6teki Mahalle&#8217; isimli kitab\u0131n\u0131 da Mersin B\u00fcy\u00fck\u015fehir Belediyesine arma\u011fan etti.\u00a0<\/p>\n","protected":false},"excerpt":{"rendered":"<p>Mersin&#8217;de korona vir\u00fcs salg\u0131n\u0131 s\u00fcrecinde evde kalmak zorunda olan 70 ya\u015f\u0131ndaki kad\u0131n, belediye ekiplerinin s\u00fcrpriz do\u011fum g\u00fcn\u00fc kutlamas\u0131yla b\u00fcy\u00fck bir mutluluk ya\u015fad\u0131.\u00a0 Mersin B\u00fcy\u00fck\u015fehir Belediyesi&#8217;nden yap\u0131lan a\u00e7\u0131klamaya g\u00f6re, merkez Mezitli &hellip; <a href=\"https:\/\/akdenizolaygazetesi.com\/?p=6764\" class=\"more-link\">Devam\u0131n\u0131 Oku&#8230;<\/a><\/p>\n","protected":false},"author":1,"featured_media":0,"comment_status":"open","ping_status":"open","sticky":false,"template":"","format":"standard","meta":[],"categories":[],"tags":[],"_links":{"self":[{"href":"https:\/\/akdenizolaygazetesi.com\/index.php?rest_route=\/wp\/v2\/posts\/6764"}],"collection":[{"href":"https:\/\/akdenizolaygazetesi.com\/index.php?rest_route=\/wp\/v2\/posts"}],"about":[{"href":"https:\/\/akdenizolaygazetesi.com\/index.php?rest_route=\/wp\/v2\/types\/post"}],"author":[{"embeddable":true,"href":"https:\/\/akdenizolaygazetesi.com\/index.php?rest_route=\/wp\/v2\/users\/1"}],"replies":[{"embeddable":true,"href":"https:\/\/akdenizolaygazetesi.com\/index.php?rest_route=%2Fwp%2Fv2%2Fcomments&post=6764"}],"version-history":[{"count":0,"href":"https:\/\/akdenizolaygazetesi.com\/index.php?rest_route=\/wp\/v2\/posts\/6764\/revisions"}],"wp:attachment":[{"href":"https:\/\/akdenizolaygazetesi.com\/index.php?rest_route=%2Fwp%2Fv2%2Fmedia&parent=6764"}],"wp:term":[{"taxonomy":"category","embeddable":true,"href":"https:\/\/akdenizolaygazetesi.com\/index.php?rest_route=%2Fwp%2Fv2%2Fcategories&post=6764"},{"taxonomy":"post_tag","embeddable":true,"href":"https:\/\/akdenizolaygazetesi.com\/index.php?rest_route=%2Fwp%2Fv2%2Ftags&post=6764"}],"curies":[{"name":"wp","href":"https:\/\/api.w.org\/{rel}","templated":true}]}}